{"id":160297,"date":"2014-01-22T00:07:56","date_gmt":"2014-01-22T06:07:56","guid":{"rendered":"http:\/\/www.diarioimagen.net\/?p=160297"},"modified":"2014-01-23T03:38:31","modified_gmt":"2014-01-23T09:38:31","slug":"pena-nieto-quiere-mover-a-mexico-contra-la-pobreza","status":"publish","type":"post","link":"https:\/\/www.diarioimagen.net\/?p=160297","title":{"rendered":"Pe\u00f1a Nieto quiere mover a M\u00e9xico contra la pobreza"},"content":{"rendered":"<ul>\n<li><strong><em>Destaca que no s\u00f3lo se busca mitigar sus efectos, sino transformar de ra\u00edz la condici\u00f3n social<\/em><\/strong><\/li>\n<\/ul>\n<h6>Jos\u00e9 Luis Monta\u00f1ez<\/h6>\n<div id=\"attachment_160325\" style=\"width: 250px\" class=\"wp-caption alignleft\"><a href=\"http:\/\/www.diarioimagen.net\/wp-content\/uploads\/2014\/01\/epn-2276.jpg\"><img loading=\"lazy\" decoding=\"async\" aria-describedby=\"caption-attachment-160325\" class=\"size-medium wp-image-160325\" alt=\"El presidente Enrique Pe\u00f1a Nieto presidi\u00f3 ayer aqu\u00ed la celebraci\u00f3n de un a\u00f1o de la puesta en marcha de la Cruzada Nacional Contra el Hambre.\" src=\"http:\/\/www.diarioimagen.net\/wp-content\/uploads\/2014\/01\/epn-2276-240x135.jpg\" width=\"240\" height=\"135\" srcset=\"https:\/\/www.diarioimagen.net\/wp-content\/uploads\/2014\/01\/epn-2276-240x135.jpg 240w, https:\/\/www.diarioimagen.net\/wp-content\/uploads\/2014\/01\/epn-2276-420x236.jpg 420w, https:\/\/www.diarioimagen.net\/wp-content\/uploads\/2014\/01\/epn-2276-235x132.jpg 235w, https:\/\/www.diarioimagen.net\/wp-content\/uploads\/2014\/01\/epn-2276-202x114.jpg 202w, https:\/\/www.diarioimagen.net\/wp-content\/uploads\/2014\/01\/epn-2276-350x196.jpg 350w, https:\/\/www.diarioimagen.net\/wp-content\/uploads\/2014\/01\/epn-2276-220x123.jpg 220w, https:\/\/www.diarioimagen.net\/wp-content\/uploads\/2014\/01\/epn-2276-237x132.jpg 237w, https:\/\/www.diarioimagen.net\/wp-content\/uploads\/2014\/01\/epn-2276.jpg 480w\" sizes=\"auto, (max-width: 240px) 100vw, 240px\" \/><\/a><p id=\"caption-attachment-160325\" class=\"wp-caption-text\">El presidente Enrique Pe\u00f1a Nieto presidi\u00f3 ayer aqu\u00ed la celebraci\u00f3n de un a\u00f1o de la puesta en marcha de la Cruzada Nacional Contra el Hambre.<\/p><\/div>\n<p><strong>Xochiatipan, Hidalgo<\/strong>.- A un a\u00f1o del inicio de la Cruzada Nacional Contra el Hambre, el presidente Enrique Pe\u00f1a Nieto, destac\u00f3 que su principal objetivo es mover la conciencia de la sociedad mexicana hacia la pobreza en que viven 53 millones de mexicanos, de los que 7 millones padecen hambre.<\/p>\n<p>A\u00f1adi\u00f3 que el objetivo de la Cruzada \u201ces mover a M\u00e9xico de forma positiva para su transformaci\u00f3n, para un mayor desarrollo y para abrir mayores oportunidades a los mexicanos de hoy y de ma\u00f1ana\u201d y se\u00f1al\u00f3 que 3 millones de personas ya tienen acceso a una mejor alimentaci\u00f3n.<\/p>\n<p>En el municipio con m\u00e1s poblaci\u00f3n en pobreza extrema y carencia alimentaria del estado, el presidente Pe\u00f1a Nieto se\u00f1al\u00f3 que no s\u00f3lo se trata de \u201casegurar alimentaci\u00f3n para quienes lo necesitan, sino tambi\u00e9n cambiar sus entornos, cambiar las condiciones en las que viven, y que podamos hacer de la pol\u00edtica social del gobierno de la Rep\u00fablica, una que no s\u00f3lo busca mitigar los efectos de la pobreza, sino transformar de ra\u00edz la condici\u00f3n social\u201d.<\/p>\n<p>Asegur\u00f3 que de forma transversal, todas las dependencias del gobierno de la Rep\u00fablica trabajan en distintos frentes para que en los 400 municipios que abarca la Cruzada, la poblaci\u00f3n se vea beneficiada con apoyos de vivienda y de proyectos productivos.<\/p>\n<p>Desde la Huasteca hidalguense, el primer mandatario instruy\u00f3 a la Secretaria de Desarrollo Social a acelerar el impulso a la Cruzada Nacional Contra el Hambre para trabajar incorporando a poblaci\u00f3n con carencia alimentaria especialmente en la frontera norte del pa\u00eds.<\/p>\n<p>Advirti\u00f3 que la pobreza no solamente es condici\u00f3n de las zonas rurales, \u201clo es tambi\u00e9n de las zonas urbanas\u201d; por ello, se\u00f1al\u00f3 que se intensificar\u00e1 el trabajo en las grandes urbes en donde se ubican 36 millones de mexicanos que enfrentan pobreza\u201d, precis\u00f3.<\/p>\n<p>Adem\u00e1s, indic\u00f3 que en el estado de Michoac\u00e1n, en donde hoy se est\u00e1n dedicando esfuerzos para la reconstrucci\u00f3n del tejido social, no s\u00f3lo se trabaja en alcance a una estrategia para recuperar la seguridad y el orden, sino que se trabaja en atender las causas que originaron la inseguridad.<\/p>\n<p>\u201cPor eso, he instruido para que de inmediato destinemos recursos y trabajo a la Meseta Pur\u00e9pecha y la Tierra Caliente, en el estado de Michoac\u00e1n\u201d, resalt\u00f3 el primer mandatario.<\/p>\n<p>Tambi\u00e9n, el titular del Ejecutivo federal\u00a0 instruy\u00f3 poner en marcha un programa con recursos del Fonden que permitan llevar 400 mil paquetes de apoyo, \u201ca quienes est\u00e1n padeciendo fr\u00edo en estos momentos\u201d.<\/p>\n<p>El presidente Pe\u00f1a Nieto enfatiz\u00f3 que este a\u00f1o habr\u00e1n de destinarse a distintas dependencias que colaboran con programas de apoyo a la Cruzada Nacional Contra el Hambre, 346 mil millones de pesos que buscan entregar distintos programas y proyectos.<\/p>\n<p>Como ejemplo, dijo que son ya 24 mil viviendas las que Sedatu ha construido en varias entidades del pa\u00eds y 2 mil 700 la Comisi\u00f3n Nacional para el Desarrollo de los Pueblos Ind\u00edgenas.<\/p>\n<p>\u201cEstamos moviendo a M\u00e9xico a distintos prop\u00f3sitos, moviendo a M\u00e9xico para que haya m\u00e1s salud, moviendo a M\u00e9xico para que deje de haber hambre, moviendo a M\u00e9xico para la prosperidad de quienes hoy participan y son beneficiarios de varios programas de car\u00e1cter social que tiene el gobierno de la Rep\u00fablica\u201d.<\/p>\n<p>&nbsp;<\/p>\n","protected":false},"excerpt":{"rendered":"<p>A un a\u00f1o del inicio de la Cruzada Nacional Contra el Hambre, el presidente Enrique Pe\u00f1a Nieto, destac\u00f3 que su principal objetivo es mover la conciencia de la sociedad mexicana hacia la pobreza en que viven 53 millones de mexicanos, de los que 7 millones padecen hambre.<\/p>\n","protected":false},"author":3,"featured_media":160325,"comment_status":"open","ping_status":"open","sticky":false,"template":"","format":"standard","meta":{"_monsterinsights_skip_tracking":false,"_monsterinsights_sitenote_active":false,"_monsterinsights_sitenote_note":"","_monsterinsights_sitenote_category":0,"footnotes":""},"categories":[17,3],"tags":[25880,18,42,43673,2421],"class_list":["post-160297","post","type-post","status-publish","format-standard","has-post-thumbnail","hentry","category-especiales","category-nacional","tag-cruzada-nacional-contra-el-hambre","tag-enrique-pena-nieto","tag-hidalgo","tag-nacional","tag-pobreza"],"_links":{"self":[{"href":"https:\/\/www.diarioimagen.net\/index.php?rest_route=\/wp\/v2\/posts\/160297","targetHints":{"allow":["GET"]}}],"collection":[{"href":"https:\/\/www.diarioimagen.net\/index.php?rest_route=\/wp\/v2\/posts"}],"about":[{"href":"https:\/\/www.diarioimagen.net\/index.php?rest_route=\/wp\/v2\/types\/post"}],"author":[{"embeddable":true,"href":"https:\/\/www.diarioimagen.net\/index.php?rest_route=\/wp\/v2\/users\/3"}],"replies":[{"embeddable":true,"href":"https:\/\/www.diarioimagen.net\/index.php?rest_route=%2Fwp%2Fv2%2Fcomments&post=160297"}],"version-history":[{"count":0,"href":"https:\/\/www.diarioimagen.net\/index.php?rest_route=\/wp\/v2\/posts\/160297\/revisions"}],"wp:featuredmedia":[{"embeddable":true,"href":"https:\/\/www.diarioimagen.net\/index.php?rest_route=\/wp\/v2\/media\/160325"}],"wp:attachment":[{"href":"https:\/\/www.diarioimagen.net\/index.php?rest_route=%2Fwp%2Fv2%2Fmedia&parent=160297"}],"wp:term":[{"taxonomy":"category","embeddable":true,"href":"https:\/\/www.diarioimagen.net\/index.php?rest_route=%2Fwp%2Fv2%2Fcategories&post=160297"},{"taxonomy":"post_tag","embeddable":true,"href":"https:\/\/www.diarioimagen.net\/index.php?rest_route=%2Fwp%2Fv2%2Ftags&post=160297"}],"curies":[{"name":"wp","href":"https:\/\/api.w.org\/{rel}","templated":true}]}}