{"id":160302,"date":"2014-01-22T00:04:49","date_gmt":"2014-01-22T06:04:49","guid":{"rendered":"http:\/\/www.diarioimagen.net\/?p=160302"},"modified":"2014-01-23T03:38:15","modified_gmt":"2014-01-23T09:38:15","slug":"erradicar-trabajo-infantil-deber-del-estado-stps","status":"publish","type":"post","link":"https:\/\/www.diarioimagen.net\/?p=160302","title":{"rendered":"Erradicar trabajo infantil, deber del Estado: STPS"},"content":{"rendered":"<ul>\n<li><strong><em>El titular de la dependencia reconoce que la agenda para prevenirlo es una obligaci\u00f3n de los gobiernos<\/em><\/strong><\/li>\n<\/ul>\n<div id=\"attachment_160328\" style=\"width: 250px\" class=\"wp-caption alignleft\"><a href=\"http:\/\/www.diarioimagen.net\/wp-content\/uploads\/2014\/01\/Trabajo-2276.jpg\"><img loading=\"lazy\" decoding=\"async\" aria-describedby=\"caption-attachment-160328\" class=\"size-medium wp-image-160328\" alt=\"Autoridades de la Secretar\u00eda del Trabajo y Previsi\u00f3n Social entregaron ayer el distintivo Empresa Agr\u00edcola Libre de Trabajo Infantil.\" src=\"http:\/\/www.diarioimagen.net\/wp-content\/uploads\/2014\/01\/Trabajo-2276-240x135.jpg\" width=\"240\" height=\"135\" srcset=\"https:\/\/www.diarioimagen.net\/wp-content\/uploads\/2014\/01\/Trabajo-2276-240x135.jpg 240w, https:\/\/www.diarioimagen.net\/wp-content\/uploads\/2014\/01\/Trabajo-2276-420x236.jpg 420w, https:\/\/www.diarioimagen.net\/wp-content\/uploads\/2014\/01\/Trabajo-2276-235x132.jpg 235w, https:\/\/www.diarioimagen.net\/wp-content\/uploads\/2014\/01\/Trabajo-2276-202x114.jpg 202w, https:\/\/www.diarioimagen.net\/wp-content\/uploads\/2014\/01\/Trabajo-2276-350x196.jpg 350w, https:\/\/www.diarioimagen.net\/wp-content\/uploads\/2014\/01\/Trabajo-2276-220x123.jpg 220w, https:\/\/www.diarioimagen.net\/wp-content\/uploads\/2014\/01\/Trabajo-2276-237x132.jpg 237w, https:\/\/www.diarioimagen.net\/wp-content\/uploads\/2014\/01\/Trabajo-2276.jpg 480w\" sizes=\"auto, (max-width: 240px) 100vw, 240px\" \/><\/a><p id=\"caption-attachment-160328\" class=\"wp-caption-text\">Autoridades de la Secretar\u00eda del Trabajo y Previsi\u00f3n Social entregaron ayer el distintivo Empresa Agr\u00edcola Libre de Trabajo Infantil.<\/p><\/div>\n<p>El secretario del Trabajo y Previsi\u00f3n Social, Alfonso Navarrete Prida, reconoci\u00f3 que la agenda para la prevenci\u00f3n y erradicaci\u00f3n del trabajo infantil es una obligaci\u00f3n del Estado mexicano, con lo cual debe proteger los derechos y el inter\u00e9s de la ni\u00f1ez, como consagra la Constituci\u00f3n.<\/p>\n<p>\u201cEn el M\u00e9xico que todos queremos, los ni\u00f1os no debieran estar trabajando, los ni\u00f1os debieran estar estudiando, porque una ni\u00f1a o ni\u00f1o que recibe educaci\u00f3n, est\u00e1 mucho mejor preparado para romper el c\u00edrculo vicioso de trabajo infantil y pobreza\u201d, enfatiz\u00f3.<\/p>\n<p>Durante la ceremonia de entrega del distintivo \u201cEmpresa Agr\u00edcola Libre de Trabajo Infantil\u201d, a 76 empresas agr\u00edcolas, el funcionario federal sostuvo que s\u00f3lo a partir de una ni\u00f1ez y juventud educadas, se estar\u00e1 garantizando su participaci\u00f3n eficaz en un M\u00e9xico productivo y competitivo.<\/p>\n<p>\u201cS\u00f3lo a partir de pol\u00edticas de educaci\u00f3n y de formaci\u00f3n, los ni\u00f1os, los adolescentes y j\u00f3venes, tendr\u00e1n mayores niveles de empleabilidad y mayores garant\u00edas de una eficaz transici\u00f3n de la escuela al trabajo\u201d, acot\u00f3.<\/p>\n<p>Coment\u00f3 que en la actualidad se calcula que en el mundo se encuentran 168 millones de ni\u00f1as y ni\u00f1os en situaci\u00f3n de trabajo infantil y de ellos m\u00e1s de la mitad realiza una actividad tipificada como peligrosa, que pone en riesgo su salud y seguridad.<\/p>\n<p>Hizo ver que en M\u00e9xico de acuerdo con datos del Instituto Nacional de Estad\u00edstica y Geograf\u00eda (Inegi), actualmente 30 millones de mexicanos tienen menos de 14 a\u00f1os de quienes tres millones realizan alguna actividad laboral asalariada, o en el peor de los casos, sin remuneraci\u00f3n alguna; y 40 por ciento, no van a la escuela.<\/p>\n<p>Se\u00f1al\u00f3 que en la dependencia a su cargo han asumido este desaf\u00edo, porque el trabajo infantil, adem\u00e1s de vulnerar los derechos de la infancia, no resuelve los problemas de pobreza, ni las carencias familiares.<\/p>\n<p>Record\u00f3 que el compromiso del presidente Enrique Pe\u00f1a Nieto con esta problem\u00e1tica, se vio de manifiesto con el env\u00edo de una iniciativa al Congreso de la Uni\u00f3n para elevar de 14 a 15 a\u00f1os, la edad permitida para la contrataci\u00f3n de ni\u00f1os y adolescentes del pa\u00eds.<\/p>\n<p>&nbsp;<\/p>\n","protected":false},"excerpt":{"rendered":"<p>El secretario del Trabajo y Previsi\u00f3n Social, Alfonso Navarrete Prida, reconoci\u00f3 que la agenda para la prevenci\u00f3n y erradicaci\u00f3n del trabajo infantil es una obligaci\u00f3n del Estado mexicano, con lo cual debe proteger los derechos y el inter\u00e9s de la ni\u00f1ez, como consagra la Constituci\u00f3n.<\/p>\n","protected":false},"author":3,"featured_media":160328,"comment_status":"open","ping_status":"open","sticky":false,"template":"","format":"standard","meta":{"_monsterinsights_skip_tracking":false,"_monsterinsights_sitenote_active":false,"_monsterinsights_sitenote_note":"","_monsterinsights_sitenote_category":0,"footnotes":""},"categories":[17,3],"tags":[11708,44,25954,23715],"class_list":["post-160302","post","type-post","status-publish","format-standard","has-post-thumbnail","hentry","category-especiales","category-nacional","tag-alfonso-navarrete-prida","tag-mexico","tag-secretaria-de-trabajo-y-prevision-social","tag-trabajo-infantil"],"_links":{"self":[{"href":"https:\/\/www.diarioimagen.net\/index.php?rest_route=\/wp\/v2\/posts\/160302","targetHints":{"allow":["GET"]}}],"collection":[{"href":"https:\/\/www.diarioimagen.net\/index.php?rest_route=\/wp\/v2\/posts"}],"about":[{"href":"https:\/\/www.diarioimagen.net\/index.php?rest_route=\/wp\/v2\/types\/post"}],"author":[{"embeddable":true,"href":"https:\/\/www.diarioimagen.net\/index.php?rest_route=\/wp\/v2\/users\/3"}],"replies":[{"embeddable":true,"href":"https:\/\/www.diarioimagen.net\/index.php?rest_route=%2Fwp%2Fv2%2Fcomments&post=160302"}],"version-history":[{"count":0,"href":"https:\/\/www.diarioimagen.net\/index.php?rest_route=\/wp\/v2\/posts\/160302\/revisions"}],"wp:featuredmedia":[{"embeddable":true,"href":"https:\/\/www.diarioimagen.net\/index.php?rest_route=\/wp\/v2\/media\/160328"}],"wp:attachment":[{"href":"https:\/\/www.diarioimagen.net\/index.php?rest_route=%2Fwp%2Fv2%2Fmedia&parent=160302"}],"wp:term":[{"taxonomy":"category","embeddable":true,"href":"https:\/\/www.diarioimagen.net\/index.php?rest_route=%2Fwp%2Fv2%2Fcategories&post=160302"},{"taxonomy":"post_tag","embeddable":true,"href":"https:\/\/www.diarioimagen.net\/index.php?rest_route=%2Fwp%2Fv2%2Ftags&post=160302"}],"curies":[{"name":"wp","href":"https:\/\/api.w.org\/{rel}","templated":true}]}}