{"id":160387,"date":"2014-01-23T00:05:17","date_gmt":"2014-01-23T06:05:17","guid":{"rendered":"http:\/\/www.diarioimagen.net\/?p=160387"},"modified":"2014-01-24T02:49:26","modified_gmt":"2014-01-24T08:49:26","slug":"autodefensas-expulsan-a-templarios-de-el-carrizo","status":"publish","type":"post","link":"https:\/\/www.diarioimagen.net\/?p=160387","title":{"rendered":"Autodefensas expulsan a <i>Templarios<\/i> de El Carrizo"},"content":{"rendered":"<ul>\n<li><em><strong>Jes\u00fas Murillo Karam reconoci\u00f3 que por combate al crimen en Michoac\u00e1n \u201cvamos a tener efecto cucaracha\u201d<\/strong><\/em><\/li>\n<\/ul>\n<div id=\"attachment_160388\" style=\"width: 250px\" class=\"wp-caption alignleft\"><img loading=\"lazy\" decoding=\"async\" aria-describedby=\"caption-attachment-160388\" class=\"size-medium wp-image-160388 \" alt=\"Elementos de la Polic\u00eda Federal explicaron que llegaron esta madrugada a la comunidad de La Cofrad\u00eda, a petici\u00f3n de autodefensas, luego de la balacera reportada el martes. \" src=\"http:\/\/www.diarioimagen.net\/wp-content\/uploads\/2014\/01\/ejercito-portal-240x135.jpg\" width=\"240\" height=\"135\" srcset=\"https:\/\/www.diarioimagen.net\/wp-content\/uploads\/2014\/01\/ejercito-portal-240x135.jpg 240w, https:\/\/www.diarioimagen.net\/wp-content\/uploads\/2014\/01\/ejercito-portal-420x236.jpg 420w, https:\/\/www.diarioimagen.net\/wp-content\/uploads\/2014\/01\/ejercito-portal-235x132.jpg 235w, https:\/\/www.diarioimagen.net\/wp-content\/uploads\/2014\/01\/ejercito-portal-202x114.jpg 202w, https:\/\/www.diarioimagen.net\/wp-content\/uploads\/2014\/01\/ejercito-portal-350x196.jpg 350w, https:\/\/www.diarioimagen.net\/wp-content\/uploads\/2014\/01\/ejercito-portal-220x123.jpg 220w, https:\/\/www.diarioimagen.net\/wp-content\/uploads\/2014\/01\/ejercito-portal-237x132.jpg 237w, https:\/\/www.diarioimagen.net\/wp-content\/uploads\/2014\/01\/ejercito-portal.jpg 480w\" sizes=\"auto, (max-width: 240px) 100vw, 240px\" \/><p id=\"caption-attachment-160388\" class=\"wp-caption-text\">El Ej\u00e9rcito sigue patrullando las poblaciones de Tierra Caliente en Michoac\u00e1n, entre ellas El Carrizo y La Cofrad\u00eda, donde presumiblemente hubo disparos.<\/p><\/div>\n<p>El Ej\u00e9rcito y la Polic\u00eda Federal ingresaron a los poblados donde la tarde y la noche del martes ocurrieron enfrentamientos entre autodefensas y presuntos integrantes de los <i>Templarios<\/i>. Son cientos de soldados y elementos de la Comisi\u00f3n Nacional de Seguridad quienes ya controlan las comunidades de \u00daspero, Cancita, El Carrizo y la Cofrad\u00eda, municipio de Par\u00e1cuaro.<\/p>\n<p>Los llamados comunitarios avanzaron hasta El Carrizo sitio desde donde se tirotearon con pistoleros enemigos. En el rancho que usaron de trinchera, se apreciaban cientos de impactos de bala en paredes y techos de l\u00e1mina. Estanislao Beltr\u00e1n, l\u00edder de autodefensas en Michoac\u00e1n, dijo que el enfrentamiento dur\u00f3 de las 4:30 de la tarde a 8:30 de la noche.<\/p>\n<p>Los autodefensa aprovecharon el cese al fuego, para dar mantenimientos a sus armas; en mayor n\u00famero se trata de rifles AR-15 y fusiles AK-47. Aseguran que el saldo del enfrentamiento es de dos de ellos heridos y tres <i>templarios<\/i> muertos, pero las autoridades estatales y federales no han confirmado la versi\u00f3n. Los l\u00edderes de estos grupos aseguran que la incursi\u00f3n hasta El Carrizo, obedece a la necesidad de recuperar huertas de lim\u00f3n arrebatadas a sus leg\u00edtimos propietarios por jefes de plaza de <i>Los Caballeros Templarios<\/i>.<\/p>\n<p>Elementos de la Polic\u00eda Federal explicaron que llegaron esta madrugada a la comunidad de La Cofrad\u00eda, a petici\u00f3n de autodefensas, luego de la balacera reportada el martes. Ayer, la comunidad situada entre Apatzing\u00e1n y Tumbiscatio amaneci\u00f3 resguardada por el Ej\u00e9rcito y la Polic\u00eda Federal. Una veintena de camiones del Ej\u00e9rcito y una cifra similar de veh\u00edculos de la Polic\u00eda Federal se movilizaron en el lugar, donde un helic\u00f3ptero conocido como <i>Blackhawk<\/i> hizo sobrevuelos.<\/p>\n<p>Por su parte, el procurador general de la Rep\u00fablica, Jes\u00fas Murillo Karam, reconoci\u00f3 que derivado del combate al crimen organizado en Michoac\u00e1n, \u201cvamos a tener el efecto cucaracha\u201d, pues se tiene previsto que algunos delincuentes cometan delitos de otro tipo. Indic\u00f3 que el gobierno federal ya ha tomado providencias y est\u00e1 preparado para enfrentar este fen\u00f3meno, pues mantienen reuniones con gobernadores, procuradores y polic\u00edas de los estados que colindan con Michoac\u00e1n.<b><\/b><\/p>\n<p>&nbsp;<\/p>\n","protected":false},"excerpt":{"rendered":"<p>El Ej\u00e9rcito y la Polic\u00eda Federal ingresaron a los poblados donde la tarde y la noche del martes ocurrieron enfrentamientos entre autodefensas y presuntos integrantes de los <i>Templarios<\/i>. Son cientos de soldados y elementos de la Comisi\u00f3n Nacional de Seguridad quienes ya controlan las comunidades de \u00daspero, Cancita, El Carrizo y la Cofrad\u00eda, municipio de Par\u00e1cuaro.<\/p>\n","protected":false},"author":5,"featured_media":160388,"comment_status":"open","ping_status":"open","sticky":false,"template":"","format":"standard","meta":{"_monsterinsights_skip_tracking":false,"_monsterinsights_sitenote_active":false,"_monsterinsights_sitenote_note":"","_monsterinsights_sitenote_category":0,"footnotes":""},"categories":[17,3],"tags":[27954,26250,19111,803,43673],"class_list":["post-160387","post","type-post","status-publish","format-standard","has-post-thumbnail","hentry","category-especiales","category-nacional","tag-autodefensas","tag-comision-nacional-de-seguridad","tag-los-caballeros-templarios","tag-michoacan","tag-nacional"],"_links":{"self":[{"href":"https:\/\/www.diarioimagen.net\/index.php?rest_route=\/wp\/v2\/posts\/160387","targetHints":{"allow":["GET"]}}],"collection":[{"href":"https:\/\/www.diarioimagen.net\/index.php?rest_route=\/wp\/v2\/posts"}],"about":[{"href":"https:\/\/www.diarioimagen.net\/index.php?rest_route=\/wp\/v2\/types\/post"}],"author":[{"embeddable":true,"href":"https:\/\/www.diarioimagen.net\/index.php?rest_route=\/wp\/v2\/users\/5"}],"replies":[{"embeddable":true,"href":"https:\/\/www.diarioimagen.net\/index.php?rest_route=%2Fwp%2Fv2%2Fcomments&post=160387"}],"version-history":[{"count":0,"href":"https:\/\/www.diarioimagen.net\/index.php?rest_route=\/wp\/v2\/posts\/160387\/revisions"}],"wp:featuredmedia":[{"embeddable":true,"href":"https:\/\/www.diarioimagen.net\/index.php?rest_route=\/wp\/v2\/media\/160388"}],"wp:attachment":[{"href":"https:\/\/www.diarioimagen.net\/index.php?rest_route=%2Fwp%2Fv2%2Fmedia&parent=160387"}],"wp:term":[{"taxonomy":"category","embeddable":true,"href":"https:\/\/www.diarioimagen.net\/index.php?rest_route=%2Fwp%2Fv2%2Fcategories&post=160387"},{"taxonomy":"post_tag","embeddable":true,"href":"https:\/\/www.diarioimagen.net\/index.php?rest_route=%2Fwp%2Fv2%2Ftags&post=160387"}],"curies":[{"name":"wp","href":"https:\/\/api.w.org\/{rel}","templated":true}]}}