{"id":160466,"date":"2014-01-23T00:07:04","date_gmt":"2014-01-23T06:07:04","guid":{"rendered":"http:\/\/www.diarioimagen.net\/?p=160466"},"modified":"2014-01-24T02:49:40","modified_gmt":"2014-01-24T08:49:40","slug":"el-estado-unico-responsable-de-la-seguridad-pena-nieto","status":"publish","type":"post","link":"https:\/\/www.diarioimagen.net\/?p=160466","title":{"rendered":"El Estado, \u00fanico responsable de la seguridad: Pe\u00f1a Nieto"},"content":{"rendered":"<ul>\n<li><strong><em>El Presidente de M\u00e9xico ser\u00e1 el orador principal en la reuni\u00f3n de hoy en el Foro Econ\u00f3mico Mundial<\/em><\/strong><\/li>\n<\/ul>\n<div id=\"attachment_160485\" style=\"width: 250px\" class=\"wp-caption alignleft\"><a href=\"http:\/\/www.diarioimagen.net\/wp-content\/uploads\/2014\/01\/epn-2277.jpg\"><img loading=\"lazy\" decoding=\"async\" aria-describedby=\"caption-attachment-160485\" class=\"size-medium wp-image-160485\" alt=\"El presidente Enrique Pe\u00f1a Nieto, y su esposa, Ang\u00e9lica Rivera, fueron recibidos por el embajador mexicano en este pa\u00eds, Jorge Castro Valle, en el aeropuerto internacional de esta ciudad a las 16:33 horas.\" src=\"http:\/\/www.diarioimagen.net\/wp-content\/uploads\/2014\/01\/epn-2277-240x135.jpg\" width=\"240\" height=\"135\" srcset=\"https:\/\/www.diarioimagen.net\/wp-content\/uploads\/2014\/01\/epn-2277-240x135.jpg 240w, https:\/\/www.diarioimagen.net\/wp-content\/uploads\/2014\/01\/epn-2277-420x236.jpg 420w, https:\/\/www.diarioimagen.net\/wp-content\/uploads\/2014\/01\/epn-2277-235x132.jpg 235w, https:\/\/www.diarioimagen.net\/wp-content\/uploads\/2014\/01\/epn-2277-202x114.jpg 202w, https:\/\/www.diarioimagen.net\/wp-content\/uploads\/2014\/01\/epn-2277-350x196.jpg 350w, https:\/\/www.diarioimagen.net\/wp-content\/uploads\/2014\/01\/epn-2277-220x123.jpg 220w, https:\/\/www.diarioimagen.net\/wp-content\/uploads\/2014\/01\/epn-2277-237x132.jpg 237w, https:\/\/www.diarioimagen.net\/wp-content\/uploads\/2014\/01\/epn-2277.jpg 480w\" sizes=\"auto, (max-width: 240px) 100vw, 240px\" \/><\/a><p id=\"caption-attachment-160485\" class=\"wp-caption-text\">El presidente Enrique Pe\u00f1a Nieto, y su esposa, Ang\u00e9lica Rivera, fueron recibidos por el embajador mexicano en este pa\u00eds, Jorge Castro Valle, en el aeropuerto internacional de esta ciudad a las 16:33 horas.<\/p><\/div>\n<p><strong>Gander, Canad\u00e1<\/strong>.- El Estado mexicano es el \u00fanico responsable de mantener la seguridad, se\u00f1al\u00f3 el presidente Enrique Pe\u00f1a Nieto, al rechazar que durante su primer a\u00f1o de gobierno se haya dejado crecer a las denominadas autodefensas de Michoac\u00e1n.<\/p>\n<p>Al ser entrevistado en el aeropuerto de esta ciudad, donde hizo una escala t\u00e9cnica en su viaje a Davos, Suiza, se\u00f1al\u00f3 que se observa una disminuci\u00f3n real en los niveles de violencia en el pa\u00eds, pues lo m\u00e1s cr\u00edtico se gener\u00f3 en 2011.<\/p>\n<p>Mencion\u00f3 que en el tema de las autodefensas, \u201cel gobierno con toda claridad y con toda precisi\u00f3n ha afirmado que es el Estado mexicano el \u00fanico responsable de mantener las condiciones de seguridad\u201d.<\/p>\n<p>En cuanto a la postura de las autodefensas de no dejar las armas hasta que est\u00e9n en la c\u00e1rcel todos los l\u00edderes de\u00a0 \u201cLos Caballeros Templarios\u201d, sostuvo que la respuesta del gobierno ha sido puntual y firme de hacerse cargo de la seguridad en el estado de Michoac\u00e1n, principalmente en la zona de Tierra Caliente que es donde se ha observado una condici\u00f3n muy particular.<\/p>\n<p>\u201cEstamos haciendo frente a una estrategia que no s\u00f3lo est\u00e1 en combatir la inseguridad, ni combatir al crimen organizado con los resultados que espero podamos ir acreditando en el avance que vaya teniendo la estrategia, tambi\u00e9n en otras acciones orientadas a la reconstrucci\u00f3n del tejido social y sobre todo a lograr un desarrollo integral en ese sentido\u201d, subray\u00f3.<\/p>\n<p>Por otra parte, reconoci\u00f3 que aprovechar\u00e1 el Foro Econ\u00f3mico Mundial para promocionar a M\u00e9xico ante el mundo como un espacio para invertir y generar empleos.<\/p>\n<p>Afirm\u00f3 que proyectar\u00e1 a M\u00e9xico en lo que est\u00e1 haciendo, en los avances logrados, para que \u201cel mundo voltee nuevamente a nuestro pa\u00eds como un espacio de oportunidad para invertir y generar empleo\u201d.<\/p>\n<p align=\"center\">\u00a0<b>Arrib\u00f3 a Davos, Suiza<\/b><\/p>\n<p>El presidente Enrique Pe\u00f1a Nieto arrib\u00f3 en el avi\u00f3n TP01 al Aeropuerto Internacional de Zurich, Suiza, para participar en el Foro Econ\u00f3mico Mundial (WEF, por sus siglas en ingl\u00e9s), que se realizar\u00e1 en Davos del 22 al 25 de enero.<\/p>\n<p>El mandatario mexicano acompa\u00f1ado por su esposa, Ang\u00e9lica Rivera, descendi\u00f3 de la aeronave a las 16:33 hora local, en donde fue recibido por el embajador de M\u00e9xico en Suiza, Jorge Castro Valle.<\/p>\n<p>Despu\u00e9s de poco m\u00e1s de 13 horas de vuelo, Pe\u00f1a Nieto se alist\u00f3 para atender una activa agenda de trabajo que incluye reuniones bilaterales con jefes de Estado y su participaci\u00f3n en las reuniones del WEF.<\/p>\n<p>Dentro del Foro Econ\u00f3mico Mundial, el mandatario mexicano, quien figura en la lista de \u201cj\u00f3venes l\u00edderes globales\u201d del Foro de Davos, ser\u00e1 el orador central durante treinta minutos en la reuni\u00f3n del jueves.<\/p>\n<p>Fue invitado como orador especial (Keynote Speaker) para referirse ante el pleno sobre su plan de gobierno y a las reformas estructurales recientemente aprobadas en M\u00e9xico.<\/p>\n<p>Dictar\u00e1 la conferencia magistral: \u201cTransformando a M\u00e9xico: sociedad, pol\u00edtica y econom\u00eda\u201d, misma que despierta el inter\u00e9s de l\u00edderes empresariales y de naciones.<\/p>\n<p>El Ejecutivo federal participar\u00e1 en la edici\u00f3n n\u00famero 44 de ese mecanismo, que este a\u00f1o abordar\u00e1 el tema: \u201cEl redise\u00f1o del mundo: consecuencias para la sociedad, la pol\u00edtica y los negocios\u201d.<\/p>\n<p>Los secretarios de Relaciones Exteriores, Jos\u00e9 Antonio Meade Kuribre\u00f1a; Hacienda y Cr\u00e9dito P\u00fablico, Luis Videgaray Caso, y de Econom\u00eda, Ildefonso Guajardo Villarreal, as\u00ed como el director de Petr\u00f3leos Mexicanos (Pemex), Emilio Lozoya Austin, acompa\u00f1an al mandatario mexicano .<\/p>\n<p>Pe\u00f1a Nieto tambi\u00e9n presidir\u00e1 una reuni\u00f3n con el Grupo de Interacci\u00f3n Empresarial a la que asistir\u00e1n altos directivos de empresas globales, algunas de ellas con presencia en M\u00e9xico.<\/p>\n<p>Adem\u00e1s participar\u00e1 junto con el presidente de Colombia, Juan Manuel Santos; la secretaria ejecutiva de la Comisi\u00f3n Econ\u00f3mica para Am\u00e9rica Latina (Cepal), Alicia B\u00e1rcena, y representantes de los presidentes de Chile y Per\u00fa en una sesi\u00f3n especial sobre el futuro y las perspectivas de la Alianza del Pac\u00edfico.<\/p>\n","protected":false},"excerpt":{"rendered":"<p>El Estado mexicano es el \u00fanico responsable de mantener la seguridad, se\u00f1al\u00f3 el presidente Enrique Pe\u00f1a Nieto, al rechazar que durante su primer a\u00f1o de gobierno se haya dejado crecer a las denominadas autodefensas de Michoac\u00e1n.<\/p>\n","protected":false},"author":3,"featured_media":160485,"comment_status":"open","ping_status":"open","sticky":false,"template":"","format":"standard","meta":{"_monsterinsights_skip_tracking":false,"_monsterinsights_sitenote_active":false,"_monsterinsights_sitenote_note":"","_monsterinsights_sitenote_category":0,"footnotes":""},"categories":[17,3],"tags":[431,1195,18,1353,1192,43673,1194],"class_list":["post-160466","post","type-post","status-publish","format-standard","has-post-thumbnail","hentry","category-especiales","category-nacional","tag-canada","tag-davos","tag-enrique-pena-nieto","tag-estado","tag-foro-economico-mundial","tag-nacional","tag-suiza"],"_links":{"self":[{"href":"https:\/\/www.diarioimagen.net\/index.php?rest_route=\/wp\/v2\/posts\/160466","targetHints":{"allow":["GET"]}}],"collection":[{"href":"https:\/\/www.diarioimagen.net\/index.php?rest_route=\/wp\/v2\/posts"}],"about":[{"href":"https:\/\/www.diarioimagen.net\/index.php?rest_route=\/wp\/v2\/types\/post"}],"author":[{"embeddable":true,"href":"https:\/\/www.diarioimagen.net\/index.php?rest_route=\/wp\/v2\/users\/3"}],"replies":[{"embeddable":true,"href":"https:\/\/www.diarioimagen.net\/index.php?rest_route=%2Fwp%2Fv2%2Fcomments&post=160466"}],"version-history":[{"count":0,"href":"https:\/\/www.diarioimagen.net\/index.php?rest_route=\/wp\/v2\/posts\/160466\/revisions"}],"wp:featuredmedia":[{"embeddable":true,"href":"https:\/\/www.diarioimagen.net\/index.php?rest_route=\/wp\/v2\/media\/160485"}],"wp:attachment":[{"href":"https:\/\/www.diarioimagen.net\/index.php?rest_route=%2Fwp%2Fv2%2Fmedia&parent=160466"}],"wp:term":[{"taxonomy":"category","embeddable":true,"href":"https:\/\/www.diarioimagen.net\/index.php?rest_route=%2Fwp%2Fv2%2Fcategories&post=160466"},{"taxonomy":"post_tag","embeddable":true,"href":"https:\/\/www.diarioimagen.net\/index.php?rest_route=%2Fwp%2Fv2%2Ftags&post=160466"}],"curies":[{"name":"wp","href":"https:\/\/api.w.org\/{rel}","templated":true}]}}