{"id":160514,"date":"2014-01-23T00:12:39","date_gmt":"2014-01-23T06:12:39","guid":{"rendered":"http:\/\/www.diarioimagen.net\/?p=160514"},"modified":"2014-01-23T03:35:14","modified_gmt":"2014-01-23T09:35:14","slug":"corte-ampara-a-indigena-acusada-de-homicidio","status":"publish","type":"post","link":"https:\/\/www.diarioimagen.net\/?p=160514","title":{"rendered":"Corte ampara a ind\u00edgena acusada de homicidio"},"content":{"rendered":"<ul>\n<li><strong><em>Sufri\u00f3 un aborto<\/em><\/strong><\/li>\n<\/ul>\n<div id=\"attachment_160539\" style=\"width: 250px\" class=\"wp-caption alignleft\"><a href=\"http:\/\/www.diarioimagen.net\/wp-content\/uploads\/2014\/01\/seguridad-2277.jpg\"><img loading=\"lazy\" decoding=\"async\" aria-describedby=\"caption-attachment-160539\" class=\"size-medium wp-image-160539\" alt=\"Adriana Manzanares Cayetano fue golpeada y encarcelada por una asamblea popular de Ayutla de los Libres, Guerrero.\" src=\"http:\/\/www.diarioimagen.net\/wp-content\/uploads\/2014\/01\/seguridad-2277-240x135.jpg\" width=\"240\" height=\"135\" srcset=\"https:\/\/www.diarioimagen.net\/wp-content\/uploads\/2014\/01\/seguridad-2277-240x135.jpg 240w, https:\/\/www.diarioimagen.net\/wp-content\/uploads\/2014\/01\/seguridad-2277-420x236.jpg 420w, https:\/\/www.diarioimagen.net\/wp-content\/uploads\/2014\/01\/seguridad-2277-235x132.jpg 235w, https:\/\/www.diarioimagen.net\/wp-content\/uploads\/2014\/01\/seguridad-2277-202x114.jpg 202w, https:\/\/www.diarioimagen.net\/wp-content\/uploads\/2014\/01\/seguridad-2277-350x196.jpg 350w, https:\/\/www.diarioimagen.net\/wp-content\/uploads\/2014\/01\/seguridad-2277-220x123.jpg 220w, https:\/\/www.diarioimagen.net\/wp-content\/uploads\/2014\/01\/seguridad-2277-237x132.jpg 237w, https:\/\/www.diarioimagen.net\/wp-content\/uploads\/2014\/01\/seguridad-2277.jpg 480w\" sizes=\"auto, (max-width: 240px) 100vw, 240px\" \/><\/a><p id=\"caption-attachment-160539\" class=\"wp-caption-text\">Adriana Manzanares Cayetano fue golpeada y encarcelada por una asamblea popular de Ayutla de los Libres, Guerrero.<\/p><\/div>\n<p>La ind\u00edgena Adriana Manzanares Cayetano recibi\u00f3 un amparo \u201cliso y llano\u201d de la Primera Sala de la Suprema Corte de Justicia de la Naci\u00f3n, quien orden\u00f3 su inmediata liberaci\u00f3n.<\/p>\n<p>La beneficiada fue acusada de adulterio y del homicidio de su hijo reci\u00e9n nacido en una asamblea popular de Ayutla de los Libres, Guerrero.<\/p>\n<p>La mujer permaneci\u00f3 m\u00e1s de seis a\u00f1os en la c\u00e1rcel de Chilpancingo, como parte de la sentencia de 22 a\u00f1os de prisi\u00f3n que se le impuso por el delito de homicidio. La Sala determin\u00f3 que se viol\u00f3 el debido proceso.<\/p>\n<p>Antes de ser encarcelada, Adriana fue golpeada por su padre, marido e integrantes de la comunidad; la apedrearon por ser infiel a su esposo, al haberse embarazado de otra persona.<\/p>\n<p>La Corte atrajo el caso, luego de que la mujer argument\u00f3 que sufri\u00f3 un aborto espont\u00e1neo, a ra\u00edz de las golpizas, y no recibi\u00f3 atenci\u00f3n m\u00e9dica a tiempo, por lo que su hijo falleci\u00f3.<\/p>\n<p>&nbsp;<\/p>\n","protected":false},"excerpt":{"rendered":"<p>La ind\u00edgena Adriana Manzanares Cayetano recibi\u00f3 un amparo \u201cliso y llano\u201d de la Primera Sala de la Suprema Corte de Justicia de la Naci\u00f3n, quien orden\u00f3 su inmediata liberaci\u00f3n.<\/p>\n","protected":false},"author":3,"featured_media":160539,"comment_status":"open","ping_status":"open","sticky":false,"template":"","format":"standard","meta":{"_monsterinsights_skip_tracking":false,"_monsterinsights_sitenote_active":false,"_monsterinsights_sitenote_note":"","_monsterinsights_sitenote_category":0,"footnotes":""},"categories":[7],"tags":[3244,43677,1584],"class_list":["post-160514","post","type-post","status-publish","format-standard","has-post-thumbnail","hentry","category-seguridad","tag-guerrero","tag-seguridad","tag-suprema-corte-de-justicia-de-la-nacion"],"_links":{"self":[{"href":"https:\/\/www.diarioimagen.net\/index.php?rest_route=\/wp\/v2\/posts\/160514","targetHints":{"allow":["GET"]}}],"collection":[{"href":"https:\/\/www.diarioimagen.net\/index.php?rest_route=\/wp\/v2\/posts"}],"about":[{"href":"https:\/\/www.diarioimagen.net\/index.php?rest_route=\/wp\/v2\/types\/post"}],"author":[{"embeddable":true,"href":"https:\/\/www.diarioimagen.net\/index.php?rest_route=\/wp\/v2\/users\/3"}],"replies":[{"embeddable":true,"href":"https:\/\/www.diarioimagen.net\/index.php?rest_route=%2Fwp%2Fv2%2Fcomments&post=160514"}],"version-history":[{"count":0,"href":"https:\/\/www.diarioimagen.net\/index.php?rest_route=\/wp\/v2\/posts\/160514\/revisions"}],"wp:featuredmedia":[{"embeddable":true,"href":"https:\/\/www.diarioimagen.net\/index.php?rest_route=\/wp\/v2\/media\/160539"}],"wp:attachment":[{"href":"https:\/\/www.diarioimagen.net\/index.php?rest_route=%2Fwp%2Fv2%2Fmedia&parent=160514"}],"wp:term":[{"taxonomy":"category","embeddable":true,"href":"https:\/\/www.diarioimagen.net\/index.php?rest_route=%2Fwp%2Fv2%2Fcategories&post=160514"},{"taxonomy":"post_tag","embeddable":true,"href":"https:\/\/www.diarioimagen.net\/index.php?rest_route=%2Fwp%2Fv2%2Ftags&post=160514"}],"curies":[{"name":"wp","href":"https:\/\/api.w.org\/{rel}","templated":true}]}}