{"id":160582,"date":"2014-01-24T00:07:58","date_gmt":"2014-01-24T06:07:58","guid":{"rendered":"http:\/\/www.diarioimagen.net\/?p=160582"},"modified":"2014-01-26T22:11:01","modified_gmt":"2014-01-27T04:11:01","slug":"concentracion-politica-en-davos","status":"publish","type":"post","link":"https:\/\/www.diarioimagen.net\/?p=160582","title":{"rendered":"Concentraci\u00f3n pol\u00edtica en Davos"},"content":{"rendered":"<h2>Tras la puerta del poder<\/h2>\n<h5>Roberto Vizca\u00edno<\/h5>\n<p><span><\/p>\n<ul>\n<li><strong><i>Enrique Pe\u00f1a Nieto estuvo ayer con Ernesto Zedillo y tuvo cerca a Felipe Calder\u00f3n<\/i><\/strong><\/li>\n<li><strong><i>La agenda legislativa advierte que habr\u00e1 un per\u00edodo cargado de trabajo y concertaciones<\/i><\/strong><\/li>\n<li><strong><i>Beltrones pide reconocer que con Pe\u00f1a Nieto el pa\u00eds tiene rumbo y perspectiva de cambio<\/i><\/strong><\/li>\n<\/ul>\n<div id=\"attachment_160673\" style=\"width: 250px\" class=\"wp-caption alignleft\"><a href=\"http:\/\/www.diarioimagen.net\/wp-content\/uploads\/2014\/01\/por-ningun-lado-LUIS-XAVIER-2278.jpg\"><img loading=\"lazy\" decoding=\"async\" aria-describedby=\"caption-attachment-160673\" class=\"size-medium wp-image-160673\" alt=\"Por ning\u00fan lado\u2026 | Trizas\" src=\"http:\/\/www.diarioimagen.net\/wp-content\/uploads\/2014\/01\/por-ningun-lado-LUIS-XAVIER-2278-240x191.jpg\" width=\"240\" height=\"191\" srcset=\"https:\/\/www.diarioimagen.net\/wp-content\/uploads\/2014\/01\/por-ningun-lado-LUIS-XAVIER-2278-240x191.jpg 240w, https:\/\/www.diarioimagen.net\/wp-content\/uploads\/2014\/01\/por-ningun-lado-LUIS-XAVIER-2278-420x334.jpg 420w, https:\/\/www.diarioimagen.net\/wp-content\/uploads\/2014\/01\/por-ningun-lado-LUIS-XAVIER-2278.jpg 700w\" sizes=\"auto, (max-width: 240px) 100vw, 240px\" \/><\/a><p id=\"caption-attachment-160673\" class=\"wp-caption-text\">Por ning\u00fan lado\u2026 | Trizas<\/p><\/div>\n<p>Ayer, en el marco del Foro Econ\u00f3mico Mundial que se realiza en Davos, Suiza, \u00a0por primera vez en a\u00f1os y bajo un mismo techo, coincidieron un Presidente de M\u00e9xico y dos de sus antecesores.<\/p>\n<p>Ah\u00ed al mismo tiempo estuvieron Enrique Pe\u00f1a Nieto, Felipe Calder\u00f3n y Ernesto Zedillo. De acuerdo a los reportes, s\u00f3lo los dos primeros se saludaron y hablaron durante unos minutos.<\/p>\n<p>Felipe Calder\u00f3n por su parte se place\u00f3 por las calles y el foro, y en la enorme sala de prensa que re\u00fane a todos los periodistas que acuden a la reuni\u00f3n, habl\u00f3, calific\u00f3, alab\u00f3 e hizo sus proyecciones de las reformas estructurales impulsadas y sacadas adelante en lo que va de este r\u00e9gimen y aprovech\u00f3 para analizar el impacto de las acciones gubernamentales y la aparici\u00f3n de las autodefensas en Michoac\u00e1n.<\/p>\n<p>Mientras el presidente Enrique Pe\u00f1a Nieto participaba con una conferencia magistral ante los m\u00e1s importantes empresarios del mundo y con la asistencia de otros Jefes de Estado, Zedillo y Calder\u00f3n acud\u00edan a otras dos mesas, una de medio ambiente y otra sobre econom\u00eda.<\/p>\n<p>Respecto de la participaci\u00f3n y asistencia de Zedillo a este foro, no hubo sorpresas. Tiene varios a\u00f1os acudiendo como invitado especial. Y nunca da entrevistas a medios mexicanos. Nada que pueda interferir en la presencia del mandatario mexicano en turno. Una regla del presidencialismo pri\u00edsta que sigue al pie de la letra.<\/p>\n<p>Pero del panista Calder\u00f3n se supo que su asistencia fue a propuesta de varios otros interesados de su entorno, y al parecer como un previo para su regreso a M\u00e9xico, donde pronto formalizar\u00e1 la constituci\u00f3n de su fundaci\u00f3n.<\/p>\n<p>Se sabe que al parejo su esposa Margarita Zavala comenzar\u00e1 a trabajar por una candidatura de una diputaci\u00f3n federal por el PAN en 2015.<\/p>\n<p>Los otros tres presidentes mexicanos vivos -Carlos Salinas, Vicente Fox y Luis Echeverr\u00eda-, se quedaron en casa.<\/p>\n<p align=\"center\">\u00a0<b>AGENDA PARA NO DORMIR<\/b><\/p>\n<p>Aqu\u00ed, durante un desayuno con reporteros de \u201cLa Fuente del Senado\u201d, el coordinador de los senadores del PRI, el yucateco Emilio Gamboa, aprovech\u00f3 para plantear el escenario que se les presenta a los legisladores durante el per\u00edodo que comenzar\u00e1 el 1 de febrero y concluir\u00e1 el 30 de abril pr\u00f3ximos.<\/p>\n<p>Ah\u00ed desliz\u00f3 un reproche sobre la poca valoraci\u00f3n que se hace de las reformas aprobadas por este Congreso.<\/p>\n<p>Una vez aprobadas, se olvida la trascendencia de las reformas, dijo. Pero estas requirieron de amplias y duras negociaciones a fin de alcanzar consensos entre todas las fuerzas pol\u00edticas, indic\u00f3.<\/p>\n<p>\u201cAs\u00ed \u2013dijo-, sali\u00f3 la reforma constitucional en materia de transparencia -desde ayer lista para ser promulgada- y que fue una ley compleja, dif\u00edcil, que llev\u00f3 m\u00e1s de ocho meses de discusiones y de debates en el Senado.<\/p>\n<p>Lo mismo ocurri\u00f3 con el C\u00f3digo Nacional de Procedimientos Penales, que era demandado desde el sexenio pasado; y ni hablar de la energ\u00e9tica, que fue compleja y muy dif\u00edcil pero que al final se aprob\u00f3 con m\u00e1s de 80 votos en lo general y 20 en contra.<\/p>\n<p>\u201cPero tambi\u00e9n en lo que va de esta legislatura se han aprobado el \u00a0paquete econ\u00f3mico del 2014 y la reforma hacendaria; la ley que regula las agrupaciones financieras; la ley financiera, igualmente muy compleja; la Ley de la Comisi\u00f3n Nacional de los Derechos Humanos; la Ley General del Servicio Profesional Docente, otra m\u00e1s compleja, dif\u00edcil; la reforma educativa; y adem\u00e1s ratificamos siete miembros de la Comisi\u00f3n Federal de Competencia Econ\u00f3mica; ratificamos a siete comisionados del Instituto Federal de Telecomunicaciones; ratificamos siete comisionados para integrar la Comisi\u00f3n Ejecutiva de Atenci\u00f3n a V\u00edctimas; tramitamos 16 nombramientos diplom\u00e1ticos; tres embajadores y tres c\u00f3nsules y nombramiento de tres integrantes del Consejo Consultivo de la Comisi\u00f3n Nacional de Derechos Humanos.<\/p>\n<p>\u201cSe dice f\u00e1cil, pero cr\u00e9anme fue de lo m\u00e1s complejo y dif\u00edcil\u2026<\/p>\n<p>\u201cHoy estoy viendo el periodo que empieza el primero de febrero\u2026 y va a ser tambi\u00e9n muy dif\u00edcil\u2026<\/p>\n<p>\u201cViene \u2013narr\u00f3-, la reforma en materia de seguridad social universal, la pensi\u00f3n universal y el seguro de desempleo\u2026 el derecho de r\u00e9plica\u2026 y la pr\u00f3xima semana arrancaremos con la reforma del Distrito Federal\u2026 y la de la consulta popular, que qued\u00f3 pendiente\u2026 y la reforma en materia de disciplina financiera de los estados y municipios\u2026 la reforma a la Ley del Servicio Profesional de Carrera, que est\u00e1 pendiente; la reforma constitucional en materia de fuero; la reforma a la Ley del Seguro Social y la reforma al art\u00edculo 27 constitucional en materia de propiedad para extranjeros\u2026<\/p>\n<p>\u201cPero igual vamos a trabajar la miscel\u00e1nea en materia de derechos humanos; la reforma en materia de trata de personas; la reforma a la miscel\u00e1nea mercantil; la reforma constitucional en materia de arraigo, que va muy avanzada; la reforma a la Ley General de Infraestructura F\u00edsica y Educativa, que comprende los bebederos escolares y tambi\u00e9n la Ley General de Educaci\u00f3n en materia de bullying, ya muy avanzada y vamos a trabajar la reforma para la designaci\u00f3n de los contralores, tanto del Ifetel como de Cofeco.<\/p>\n<p>\u201cTambi\u00e9n habr\u00e1 reformas a la Ley Federal de Trabajo, especialmente en lo referente a minas; reforma a la Ley de Aviaci\u00f3n Civil y a la Ley de Aeropuertos, y parece que viene una ley de ferrocarriles que est\u00e1 hoy en C\u00e1mara de Diputados\u2026 una reforma para combatir el terrorismo y el lavado de dinero; una reforma a la Ley de Migraci\u00f3n, y a la\u00a0 Ley Minera y a la Ley de Coordinaci\u00f3n Fiscal.<\/p>\n<p>\u201cComo se dar\u00e1n cuenta, es sin duda alguna, un paquete importante de leyes que vamos a tener que trabajar en este periodo\u201d, precis\u00f3.<\/p>\n<p>La estrategia para enfrentar todo este enorme y complejo paquete legislativo, dijo, se ver\u00e1 durante la plenaria que realizar\u00e1n los diputados del PRI durante los siguientes d\u00edas en M\u00e9rida.<\/p>\n<p>Ah\u00ed los senadores del PRI y del PVEM recibir\u00e1n, escuchar\u00e1n y conversar\u00e1n con 7 secretarios de Estado \u2014Miguel \u00c1ngel Osorio Chong, de Gobernaci\u00f3n; Claudia Ruiz Massieu, de Turismo; Jorge Carlos Ram\u00edrez Mar\u00edn, de Sedatu; Pedro Joaqu\u00edn Coldwell, de Energ\u00eda; Gerardo Ruiz Esparza, de la SCT; Luis Videgaray, de Hacienda y Jos\u00e9 Antonio Meade, de Relaciones Exteriores-, as\u00ed como con Jes\u00fas Murillo Karam, Procurador General de la Rep\u00fablica; con C\u00e9sar Camacho, presidente del PRI y con Manlio Fabio Beltrones, coordinador de los diputados tricolores.<\/p>\n<p align=\"center\">\u00a0<b>IGUAL CON LOS DIPTADOS<\/b><\/p>\n<p>En Durango, a donde acudi\u00f3 a un acto donde los diputados pri\u00edstas del estado rindieron un informe de labores a sus electores, el coordinador de los diputados del tricolor en San L\u00e1zaro, el sonorense Manlio Fabio Beltrones habl\u00f3 de un escenario similar.<\/p>\n<p>Ah\u00ed se habr\u00e1n de tramitar las leyes secundarias de la reforma pol\u00edtico-electoral y elegir a los nuevos 11 consejeros del Instituto Nacional Electoral y adem\u00e1s las de la reforma de telecomunicaciones y de competencia econ\u00f3mica, as\u00ed como las de la reforma energ\u00e9tica.<\/p>\n<p>Destac\u00f3 que entre todas la conclusi\u00f3n de la reforma pol\u00edtica a trav\u00e9s de la aprobaci\u00f3n de sus leyes secundarias, posibilitar\u00e1 no simplemente la alternancia en M\u00e9xico, sino que le dar\u00e1 paso a la transici\u00f3n.<\/p>\n<p>\u201cA esa transici\u00f3n tan esperada de un r\u00e9gimen pol\u00edtico a otro. Por mucho tiempo el presidencialismo no necesit\u00f3 modernizarse porque solo una fuerza era suficiente para mantener los gobiernos.<\/p>\n<p>\u201cHoy necesitamos de todas las fuerzas y para ello un cambio de r\u00e9gimen que se vea acompa\u00f1ado por nuevas figuras dentro del presidencialismo; falta de leyes que las concreticen, como tambi\u00e9n reglas del juego electoral para que nuestro crecimiento econ\u00f3mico, el bienestar de todos nosotros, venga acompa\u00f1ado de madurez democr\u00e1tica. No podemos de ninguna manera flaquear en ese objetivo.<\/p>\n<p>\u201cLa democracia debe traer cosas buenas, no simplemente elecciones y por ello hemos procurado perfeccionar todas ellas\u201d.<\/p>\n<p>Respecto de las dem\u00e1s, indic\u00f3 Betrones que son la base de una transformaci\u00f3n econ\u00f3mica de M\u00e9xico que redundar\u00e1 en beneficios directos para los mexicanos a trav\u00e9s de la creaci\u00f3n de m\u00e1s y mejores empleos, bien remunerados.<\/p>\n<p>Estas reformas estructurales aprobadas hasta el momento, agreg\u00f3, ayudar\u00e1n a que el pa\u00eds disminuya sustancialmente la pobreza y marginalidad, que en algunas zonas del pa\u00eds se ha convertido no s\u00f3lo en atraso sino en hambre, a fin de que nunca m\u00e1s se vuelva a dar un escenario de atraso como el que enfrenta hoy M\u00e9xico.<\/p>\n<p>Por lo dem\u00e1s pidi\u00f3 reconocer que bajo la conducci\u00f3n de Enrique Pe\u00f1a Nieto, el pa\u00eds vive un gobierno firme y con rumbo definido.<\/p>\n<p><em><a href=\"mailto:rvizcainoa@gmail.com\">rvizcainoa@gmail.com<\/a><\/em><\/span><\/p>\n","protected":false},"excerpt":{"rendered":"<p><span style=\"color: #005497;\"><strong>Roberto Vizca\u00edno<\/strong><\/span><br \/>\n<br \/>\nAyer, en el marco del Foro Econ\u00f3mico Mundial que se realiza en Davos, Suiza,  por primera vez en a\u00f1os y bajo un mismo techo, coincidieron un Presidente de M\u00e9xico y dos de sus antecesores.<\/p>\n","protected":false},"author":3,"featured_media":160673,"comment_status":"open","ping_status":"open","sticky":false,"template":"","format":"standard","meta":{"_monsterinsights_skip_tracking":false,"_monsterinsights_sitenote_active":false,"_monsterinsights_sitenote_note":"","_monsterinsights_sitenote_category":0,"footnotes":""},"categories":[136],"tags":[18,4266,1192,43674,93,94],"class_list":["post-160582","post","type-post","status-publish","format-standard","has-post-thumbnail","hentry","category-roberto-vizcaino-opinion","tag-enrique-pena-nieto","tag-ernesto-zedillo-ponce-de-leon","tag-foro-economico-mundial","tag-opinion","tag-roberto-vizcaino","tag-tras-la-puerta-del-poder"],"_links":{"self":[{"href":"https:\/\/www.diarioimagen.net\/index.php?rest_route=\/wp\/v2\/posts\/160582","targetHints":{"allow":["GET"]}}],"collection":[{"href":"https:\/\/www.diarioimagen.net\/index.php?rest_route=\/wp\/v2\/posts"}],"about":[{"href":"https:\/\/www.diarioimagen.net\/index.php?rest_route=\/wp\/v2\/types\/post"}],"author":[{"embeddable":true,"href":"https:\/\/www.diarioimagen.net\/index.php?rest_route=\/wp\/v2\/users\/3"}],"replies":[{"embeddable":true,"href":"https:\/\/www.diarioimagen.net\/index.php?rest_route=%2Fwp%2Fv2%2Fcomments&post=160582"}],"version-history":[{"count":0,"href":"https:\/\/www.diarioimagen.net\/index.php?rest_route=\/wp\/v2\/posts\/160582\/revisions"}],"wp:featuredmedia":[{"embeddable":true,"href":"https:\/\/www.diarioimagen.net\/index.php?rest_route=\/wp\/v2\/media\/160673"}],"wp:attachment":[{"href":"https:\/\/www.diarioimagen.net\/index.php?rest_route=%2Fwp%2Fv2%2Fmedia&parent=160582"}],"wp:term":[{"taxonomy":"category","embeddable":true,"href":"https:\/\/www.diarioimagen.net\/index.php?rest_route=%2Fwp%2Fv2%2Fcategories&post=160582"},{"taxonomy":"post_tag","embeddable":true,"href":"https:\/\/www.diarioimagen.net\/index.php?rest_route=%2Fwp%2Fv2%2Ftags&post=160582"}],"curies":[{"name":"wp","href":"https:\/\/api.w.org\/{rel}","templated":true}]}}