{"id":160600,"date":"2014-01-24T00:07:16","date_gmt":"2014-01-24T06:07:16","guid":{"rendered":"http:\/\/www.diarioimagen.net\/?p=160600"},"modified":"2014-01-27T03:12:06","modified_gmt":"2014-01-27T09:12:06","slug":"inseguridad-no-es-privativa-de-mexico-pena-nieto","status":"publish","type":"post","link":"https:\/\/www.diarioimagen.net\/?p=160600","title":{"rendered":"Inseguridad no es privativa de M\u00e9xico: Pe\u00f1a Nieto"},"content":{"rendered":"<ul>\n<li><strong><em>Al ser entrevistado en el Foro Econ\u00f3mico Mundial se\u00f1ala que su gobierno atiende el problema de manera regional<\/em><\/strong><\/li>\n<\/ul>\n<h6>Jos\u00e9 Luis Monta\u00f1ez<\/h6>\n<p><span><br \/>\n<div id=\"attachment_160634\" style=\"width: 250px\" class=\"wp-caption alignleft\"><a href=\"http:\/\/www.diarioimagen.net\/wp-content\/uploads\/2014\/01\/epn-2278.jpg\"><img loading=\"lazy\" decoding=\"async\" aria-describedby=\"caption-attachment-160634\" class=\"size-medium wp-image-160634\" alt=\"El presidente Enrique Pe\u00f1a, al dictar la conferencia magistral \u201cTransformando a M\u00e9xico: sociedad, pol\u00edtica y econom\u00eda\u201d, ante participantes en el Foro Econ\u00f3mico Mundial.\" src=\"http:\/\/www.diarioimagen.net\/wp-content\/uploads\/2014\/01\/epn-2278-240x135.jpg\" width=\"240\" height=\"135\" srcset=\"https:\/\/www.diarioimagen.net\/wp-content\/uploads\/2014\/01\/epn-2278-240x135.jpg 240w, https:\/\/www.diarioimagen.net\/wp-content\/uploads\/2014\/01\/epn-2278-420x236.jpg 420w, https:\/\/www.diarioimagen.net\/wp-content\/uploads\/2014\/01\/epn-2278-235x132.jpg 235w, https:\/\/www.diarioimagen.net\/wp-content\/uploads\/2014\/01\/epn-2278-202x114.jpg 202w, https:\/\/www.diarioimagen.net\/wp-content\/uploads\/2014\/01\/epn-2278-350x196.jpg 350w, https:\/\/www.diarioimagen.net\/wp-content\/uploads\/2014\/01\/epn-2278-220x123.jpg 220w, https:\/\/www.diarioimagen.net\/wp-content\/uploads\/2014\/01\/epn-2278-237x132.jpg 237w, https:\/\/www.diarioimagen.net\/wp-content\/uploads\/2014\/01\/epn-2278.jpg 480w\" sizes=\"auto, (max-width: 240px) 100vw, 240px\" \/><\/a><p id=\"caption-attachment-160634\" class=\"wp-caption-text\">El presidente Enrique Pe\u00f1a, al dictar la conferencia magistral \u201cTransformando a M\u00e9xico: sociedad, pol\u00edtica y econom\u00eda\u201d, ante participantes en el Foro Econ\u00f3mico Mundial.<\/p><\/div><\/p>\n<p><strong>Davos, Suiza<\/strong>.- La inseguridad no es privativa de M\u00e9xico, sus niveles se han acentuado, pero el pa\u00eds tiene sus propios retos y desaf\u00edos, sostuvo el presidente Enrique Pe\u00f1a Nieto en el marco de su participaci\u00f3n en el Foro Econ\u00f3mico Mundial.<\/p>\n<p>Entrevistado al t\u00e9rmino de su ponencia magistral por el presidente y fundador del Foro Econ\u00f3mico Mundial, Klaus Schwab, el mandatario mexicano asegur\u00f3 que en M\u00e9xico ha habido una disminuci\u00f3n de 30 por ciento en los homicidios vinculados con el crimen organizado; sin embargo, aclar\u00f3, \u201cfalta camino por andar\u201d.<\/p>\n<p>El mandatario mexicano asegur\u00f3 tambi\u00e9n que el Estado ha convocado a los grupos de autodefensas de Michoac\u00e1n a que cumplan con los requisitos de ley para ser parte de los cuerpos de seguridad.<\/p>\n<p>Advirti\u00f3 que el gobierno federal ha entrado de lleno a los municipios de la entidad en donde hay debilidad institucional, donde los cuerpos de seguridad p\u00fablica municipales estaban debilitados o algunos cooptados por el crimen organizado.<\/p>\n<p>Al responder a los cuestionamientos de Schwab, luego de su conferencia \u201cTransformando a M\u00e9xico: sociedad, pol\u00edtica y econom\u00eda\u201d, Pe\u00f1a Nieto explic\u00f3 que la pol\u00edtica en materia de seguridad que el gobierno ha seguido es regionalizar la forma de atender el problema de la inseguridad.<\/p>\n<p>Ello, para atender la problem\u00e1tica especial de las distintas regiones y entidades de M\u00e9xico, indic\u00f3.<\/p>\n<p>\u201cEl caso muy se\u00f1alado y particular de Michoac\u00e1n, en donde se ubica o ha habido presencia de grupos denominados de autodefensa y algunos de ellos que genuinamente se han organizado para defenderse de la incursi\u00f3n del crimen organizado\u201d, subray\u00f3.<\/p>\n<p>Ante ello, dijo, el Estado ha reaccionado convocando a aquellos que genuinamente quieran participar en las tareas de seguridad, que lo hagan atendiendo a los principios y a la formalidad que prev\u00e9 la ley: cumpliendo los requisitos de ley para ser parte de los cuerpos de seguridad.<\/p>\n<p>Hoy, el gobierno federal se ha hecho cargo de la seguridad p\u00fablica en esos municipios, en tanto se trabaja en la creaci\u00f3n de nuevos cuerpos policiales con capacidad y profesionalismo que puedan prestar este servicio, afirm\u00f3.<\/p>\n<p>Pe\u00f1a Nieto advirti\u00f3 que la inseguridad no es s\u00f3lo privativa de M\u00e9xico, sino de la regi\u00f3n de Am\u00e9rica Latina, que enfrenta grandes retos en materia de seguridad.<\/p>\n<p align=\"center\"><b>Lamenta ejecuci\u00f3n de Edgar Tamayo<\/b><\/p>\n<p>Por otra parte, Enrique Pe\u00f1a Nieto lament\u00f3 la ejecuci\u00f3n del mexicano Edgar Tamayo Arias, ocurrida ayer en una c\u00e1rcel de Texas, Estados Unidos, y consider\u00f3 que no respetar el derecho al debido proceso genera un mal precedente.<\/p>\n<p>\u201cLa canciller\u00eda ha fijado una posici\u00f3n muy clara de respaldo diplom\u00e1tico, de lamentar que no se haya respetado el debido proceso, sobre el cual hubo un fallo de la Corte Internacional\u201d, expres\u00f3.<\/p>\n<p>Asimismo, reconoci\u00f3 el apoyo mostrado por el gobierno federal estadounidense, para que realmente se observara el debido proceso del mexicano encarcelado en el estado de Texas.<\/p>\n<p>Agreg\u00f3 que el no reconocer el mandato de la Corte Internacional de La Haya, genera un mal precedente, en este caso para un mexicano, pero tambi\u00e9n para los ciudadanos de cualquier naci\u00f3n.<\/p>\n<p align=\"center\"><b>M\u00e9xico, preparado para le desarrollo<\/b><\/p>\n<p>Al dictar una conferencia magistral ante inversionistas y l\u00edderes empresariales reunidos en esta ciudad suiza, se\u00f1al\u00f3 que con las reformas impulsadas, M\u00e9xico est\u00e1 preparado para tener desarrollo econ\u00f3mico, generar empleo y que las oportunidades se extiendan a lo largo y ancho del territorio nacional.<\/p>\n<p>\u201cLa democracia ha dado el espacio, en un clima de madurez pol\u00edtica, para mover y transformar a M\u00e9xico\u201d, manifest\u00f3.<\/p>\n<p>Afirm\u00f3 que puede \u201cpresumir, que somos un pa\u00eds con instituciones democr\u00e1ticas, con una sociedad democr\u00e1tica, diversa y plural, y que ha permitido tener este periodo de estabilidad pol\u00edtica durante 80 a\u00f1os\u201d.<\/p>\n<p>M\u00e9xico, insisti\u00f3, d\u00eda a d\u00eda ha venido consolidando su democracia. \u201cPocos son los pa\u00edses que pueden decir que en los \u00faltimos 80 a\u00f1os han tenido una transici\u00f3n democr\u00e1tica, relevo institucional cada seis a\u00f1os en la titularidad de la Presidencia de la Rep\u00fablica de manera ordenada y pac\u00edfica\u201d.<\/p>\n<p>El mandatario mexicano explic\u00f3 cada una de las reformas estructurales impulsadas por su gobierno durante 2013.<\/p>\n<p>Afirm\u00f3 que ahora \u201cestamos prestos y preparados para, realmente, acometer los retos que impone el siglo XXI, estar a la altura de los mismos retos y, sobre todo, lograr que M\u00e9xico descolle, que M\u00e9xico pueda tener desarrollo econ\u00f3mico para la generaci\u00f3n de empleos y desarrollo social\u201d.<\/p>\n<p>Pe\u00f1a Nieto destac\u00f3 que ahora el pa\u00eds constituye la segunda econom\u00eda m\u00e1s importante de Am\u00e9rica Latina, la decimocuarta del mundo y, adem\u00e1s, construye una plataforma para descollar y crecer econ\u00f3micamente los pr\u00f3ximos a\u00f1os.<\/span><\/p>\n","protected":false},"excerpt":{"rendered":"<p><span style=\"color: #005497;\"><strong>Jos\u00e9 Luis Monta\u00f1ez<\/strong><\/span><br \/>\n<br \/>\nLa inseguridad no es privativa de M\u00e9xico, sus niveles se han acentuado, pero el pa\u00eds tiene sus propios retos y desaf\u00edos, sostuvo el presidente Enrique Pe\u00f1a Nieto en el marco de su participaci\u00f3n en el Foro Econ\u00f3mico Mundial.<\/p>\n","protected":false},"author":3,"featured_media":160634,"comment_status":"open","ping_status":"open","sticky":false,"template":"","format":"standard","meta":{"_monsterinsights_skip_tracking":false,"_monsterinsights_sitenote_active":false,"_monsterinsights_sitenote_note":"","_monsterinsights_sitenote_category":0,"footnotes":""},"categories":[17,3],"tags":[1195,29925,18,43704,44,43673,1194],"class_list":["post-160600","post","type-post","status-publish","format-standard","has-post-thumbnail","hentry","category-especiales","category-nacional","tag-davos","tag-edgar-tamayo-arias","tag-enrique-pena-nieto","tag-jose-luis-montanez-aguilar","tag-mexico","tag-nacional","tag-suiza"],"_links":{"self":[{"href":"https:\/\/www.diarioimagen.net\/index.php?rest_route=\/wp\/v2\/posts\/160600","targetHints":{"allow":["GET"]}}],"collection":[{"href":"https:\/\/www.diarioimagen.net\/index.php?rest_route=\/wp\/v2\/posts"}],"about":[{"href":"https:\/\/www.diarioimagen.net\/index.php?rest_route=\/wp\/v2\/types\/post"}],"author":[{"embeddable":true,"href":"https:\/\/www.diarioimagen.net\/index.php?rest_route=\/wp\/v2\/users\/3"}],"replies":[{"embeddable":true,"href":"https:\/\/www.diarioimagen.net\/index.php?rest_route=%2Fwp%2Fv2%2Fcomments&post=160600"}],"version-history":[{"count":0,"href":"https:\/\/www.diarioimagen.net\/index.php?rest_route=\/wp\/v2\/posts\/160600\/revisions"}],"wp:featuredmedia":[{"embeddable":true,"href":"https:\/\/www.diarioimagen.net\/index.php?rest_route=\/wp\/v2\/media\/160634"}],"wp:attachment":[{"href":"https:\/\/www.diarioimagen.net\/index.php?rest_route=%2Fwp%2Fv2%2Fmedia&parent=160600"}],"wp:term":[{"taxonomy":"category","embeddable":true,"href":"https:\/\/www.diarioimagen.net\/index.php?rest_route=%2Fwp%2Fv2%2Fcategories&post=160600"},{"taxonomy":"post_tag","embeddable":true,"href":"https:\/\/www.diarioimagen.net\/index.php?rest_route=%2Fwp%2Fv2%2Ftags&post=160600"}],"curies":[{"name":"wp","href":"https:\/\/api.w.org\/{rel}","templated":true}]}}