{"id":160618,"date":"2014-01-24T00:04:06","date_gmt":"2014-01-24T06:04:06","guid":{"rendered":"http:\/\/www.diarioimagen.net\/?p=160618"},"modified":"2014-01-26T22:27:15","modified_gmt":"2014-01-27T04:27:15","slug":"se-salieron-con-la-suya","status":"publish","type":"post","link":"https:\/\/www.diarioimagen.net\/?p=160618","title":{"rendered":"Se salieron con la suya"},"content":{"rendered":"<h2>Punto por punto<\/h2>\n<h5>Augusto Corro<\/h5>\n<p><span><br \/>\nLas autoridades texanas desoyeron los clamores de clemencia a favor del mexicano sentenciado a muerte, Edgar Tamayo Arias, de 47 a\u00f1os.<\/span><\/p>\n<p>Pese a que el proceso penal estuvo fuera de la ley, los encargados de impartir justicia en el vecino pa\u00eds siguieron aferrados en su determinaci\u00f3n: aplicar una inyecci\u00f3n letal al acusado de homicidio. El mexicano fue acusado de matar al polic\u00eda Guy Gaddis el 31 de enero de 1994.<\/p>\n<p>Culpable o no, Tamayo Arias debi\u00f3 recibir el trato legal como un principio de justicia universal. No ocurri\u00f3 as\u00ed.\u00a0 A las 21:32 horas del mi\u00e9rcoles, el mexicano muri\u00f3 baj\u00f3 los efectos de la inyecci\u00f3n letal.\u00a0 Los abogados del mexicano insistieron, hasta el \u00faltimo momento, en que las garant\u00edas individuales del sentenciado fueron violentadas por las autoridades texanas en el momento que fue detenido, \u201cpues nunca fue informado que ten\u00eda derecho a contactar al consulado mexicano para recibir asistencia legal\u201d.<\/p>\n<p>El juez tampoco se detuvo a analizar las condiciones del reo, a quien un sic\u00f3logo le diagnostic\u00f3 \u201cuna discapacidad mental leve\u201d, que certific\u00f3 una deficiencia mental y un da\u00f1o cerebral que sufr\u00eda desde su adolescencia, tras un accidente en un rodeo.<\/p>\n<p>El hecho de no contar con asistencia legal propici\u00f3 la intervenci\u00f3n de los organismos defensores\u00a0 de derechos humanos internacionales, en busca de justicia. Las peticiones de revisar el caso fueron nulas.<\/p>\n<p>El propio gobierno de Barack Obama solicit\u00f3 a las autoridades texanas aplazar la ejecuci\u00f3n de Tamayo,\u00a0 pues el hecho podr\u00eda \u201cminar\u201d sus esfuerzos por ayudar a estadunidenses detenidos en el extranjero.<\/p>\n<p>A los texanos encargados de aplicar la ley no les interes\u00f3 que la Corte Internacional de Justicia de la ONU emitiera el llamado Fallo Avena, que consiste en revisar los casos de 51 mexicanos sentenciados a la pena capital, entre ellos el de Tamayo Arias.<\/p>\n<p align=\"center\"><b>ASESINATO SIN JUSTIFICACI\u00d3N<\/b><\/p>\n<p>Amnist\u00eda Internacional (AI) expres\u00f3 que la ejecuci\u00f3n de Edgar Tamayo, a quien no se le respet\u00f3 su derecho a un juicio justo, se convierte en \u201cun asesinato sin ninguna justificaci\u00f3n\u201d.<\/p>\n<p>En un comunicado manifest\u00f3 sus condolencias a la familia Tamayo Arias. Tambi\u00e9n consider\u00f3 que la mencionada ejecuci\u00f3n se llev\u00f3 a cabo pese a las irregularidades en su proceso que hab\u00edan sido anunciadas por la propia organizaci\u00f3n internacional.<\/p>\n<p>Indic\u00f3 que la decisi\u00f3n de las autoridades de Texas de llevar a cabo la ejecuci\u00f3n de Tamayo represent\u00f3 una \u201cindudable violaci\u00f3n de su derecho a la vida y al debido proceso\u201d.<\/p>\n<p>Se trat\u00f3 de un claro desacato a una sentencia de la Corte Internacional de Justicia que hab\u00eda ordenado suspender tal tendencia en tanto no hubiera una revisi\u00f3n completa del caso.<\/p>\n<p>En lo general, con la muerte de Tamayo Arias, seg\u00fan AI, se puso en duda la voluntad de los Estados Unidos para cumplir sus obligaciones internacionales.<\/p>\n<p>En M\u00e9xico, la Secretar\u00eda de Relaciones Exteriores (SRE) lament\u00f3 que se haya aplicado la pena capital a Tamayo Arias.\u00a0 Adem\u00e1s, dijo que la ejecuci\u00f3n viola la Convenci\u00f3n de Viena sobre Relaciones Consulares y contraviene el fallo de la Corte Internacional de Justicia dictado en el Caso Avena (2004).<\/p>\n<p>Por otra parte, el poeta Javier Sicilia, del Movimiento por la Paz con Justicia y Dignidad, se manifest\u00f3 contra la pena de muerte impuesta por el gobierno texano.<\/p>\n<p>De paso conden\u00f3 el trato denigrante que se da en aquel pa\u00eds a los prisioneros, espec\u00edficamente en Arizona.<\/p>\n<p>Se\u00f1al\u00f3 que la pena de muerte es un acto de inmensa barbarie, \u201cuna muerte no recupera otra muerte suman dos muertes. Dijo que en el mundo tiene que haber gobiernos m\u00e1s justos que no env\u00eden un mensaje est\u00fapido porque la pena de muerte no resolver\u00e1 el problema de flujo de migrantes, pues se trata de un conflicto econ\u00f3mico mayor\u201d.<\/p>\n<p>El gobierno de Estados Unidos ten\u00eda la oportunidad de abolir la pena con el indulto, dijo finalmente el poete Sicilia.<\/p>\n<p align=\"right\"><em><b>Feliz fin de semana.<\/b><\/em><\/p>\n<p><em><a href=\"mailto:aco2742@hotmail.com\" target=\"_blank\">aco2742@hotmail.com<\/a><\/em><\/p>\n","protected":false},"excerpt":{"rendered":"<p><span style=\"color: #005497;\"><strong>Augusto Corro<\/strong><\/span><\/p>\n","protected":false},"author":3,"featured_media":0,"comment_status":"open","ping_status":"open","sticky":false,"template":"","format":"standard","meta":{"_monsterinsights_skip_tracking":false,"_monsterinsights_sitenote_active":false,"_monsterinsights_sitenote_note":"","_monsterinsights_sitenote_category":0,"footnotes":""},"categories":[157],"tags":[43686,29925,43674,11515,3759],"class_list":["post-160618","post","type-post","status-publish","format-standard","hentry","category-augusto-corro","tag-augusto-corro","tag-edgar-tamayo-arias","tag-opinion","tag-punto-por-punto","tag-texas"],"_links":{"self":[{"href":"https:\/\/www.diarioimagen.net\/index.php?rest_route=\/wp\/v2\/posts\/160618","targetHints":{"allow":["GET"]}}],"collection":[{"href":"https:\/\/www.diarioimagen.net\/index.php?rest_route=\/wp\/v2\/posts"}],"about":[{"href":"https:\/\/www.diarioimagen.net\/index.php?rest_route=\/wp\/v2\/types\/post"}],"author":[{"embeddable":true,"href":"https:\/\/www.diarioimagen.net\/index.php?rest_route=\/wp\/v2\/users\/3"}],"replies":[{"embeddable":true,"href":"https:\/\/www.diarioimagen.net\/index.php?rest_route=%2Fwp%2Fv2%2Fcomments&post=160618"}],"version-history":[{"count":0,"href":"https:\/\/www.diarioimagen.net\/index.php?rest_route=\/wp\/v2\/posts\/160618\/revisions"}],"wp:attachment":[{"href":"https:\/\/www.diarioimagen.net\/index.php?rest_route=%2Fwp%2Fv2%2Fmedia&parent=160618"}],"wp:term":[{"taxonomy":"category","embeddable":true,"href":"https:\/\/www.diarioimagen.net\/index.php?rest_route=%2Fwp%2Fv2%2Fcategories&post=160618"},{"taxonomy":"post_tag","embeddable":true,"href":"https:\/\/www.diarioimagen.net\/index.php?rest_route=%2Fwp%2Fv2%2Ftags&post=160618"}],"curies":[{"name":"wp","href":"https:\/\/api.w.org\/{rel}","templated":true}]}}