{"id":160712,"date":"2014-01-26T23:58:56","date_gmt":"2014-01-27T05:58:56","guid":{"rendered":"http:\/\/www.diarioimagen.net\/?p=160712"},"modified":"2014-01-27T03:13:11","modified_gmt":"2014-01-27T09:13:11","slug":"a-escala-mundial-crece-el-interes-por-pemex","status":"publish","type":"post","link":"https:\/\/www.diarioimagen.net\/?p=160712","title":{"rendered":"A escala mundial crece el inter\u00e9s por Pemex"},"content":{"rendered":"<ul>\n<li><em><strong>El funcionario subraya que en Davos la agenda de la paraestatal estuvo plagada de contactos con inversionistas<\/strong><\/em><\/li>\n<\/ul>\n<div id=\"attachment_160713\" style=\"width: 250px\" class=\"wp-caption alignleft\"><img loading=\"lazy\" decoding=\"async\" aria-describedby=\"caption-attachment-160713\" class=\"size-medium wp-image-160713 \" alt=\"Davos, Suiza.- Emilio Lozoya Austin, director general de Petr\u00f3leos Mexicanos.\" src=\"http:\/\/www.diarioimagen.net\/wp-content\/uploads\/2014\/01\/PEMEX-portal1-240x135.jpg\" width=\"240\" height=\"135\" srcset=\"https:\/\/www.diarioimagen.net\/wp-content\/uploads\/2014\/01\/PEMEX-portal1-240x135.jpg 240w, https:\/\/www.diarioimagen.net\/wp-content\/uploads\/2014\/01\/PEMEX-portal1-420x236.jpg 420w, https:\/\/www.diarioimagen.net\/wp-content\/uploads\/2014\/01\/PEMEX-portal1-235x132.jpg 235w, https:\/\/www.diarioimagen.net\/wp-content\/uploads\/2014\/01\/PEMEX-portal1-202x114.jpg 202w, https:\/\/www.diarioimagen.net\/wp-content\/uploads\/2014\/01\/PEMEX-portal1-350x196.jpg 350w, https:\/\/www.diarioimagen.net\/wp-content\/uploads\/2014\/01\/PEMEX-portal1-220x123.jpg 220w, https:\/\/www.diarioimagen.net\/wp-content\/uploads\/2014\/01\/PEMEX-portal1-237x132.jpg 237w, https:\/\/www.diarioimagen.net\/wp-content\/uploads\/2014\/01\/PEMEX-portal1.jpg 480w\" sizes=\"auto, (max-width: 240px) 100vw, 240px\" \/><p id=\"caption-attachment-160713\" class=\"wp-caption-text\">Emilio Lozoya Austin, director general de Petr\u00f3leos Mexicanos.<\/p><\/div>\n<p><strong>Davos, Suiza<\/strong>.- Emilio Lozoya Austin, director general de Petr\u00f3leos Mexicanos (Pemex), mencion\u00f3 que todas las empresas petroleras del mundo est\u00e1n interesadas en colaborar con la paraestatal mexicana y estim\u00f3 que el convenio firmado con la rusa Lukoil podr\u00eda evolucionar hacia una coinversi\u00f3n.<\/p>\n<p>Durante la jornada de clausura del 44 Foro Econ\u00f3mico, Lozoya subray\u00f3 que la semana en Davos \u201cfue para Petr\u00f3leos Mexicanos una agenda muy intensa\u201d plagada de contactos con inversores muy interesados en M\u00e9xico por la aprobaci\u00f3n de la reforma energ\u00e9tica.<\/p>\n<p>\u201cYo dir\u00eda que no hubo una sola empresa de la industria que no haya mostrado inter\u00e9s en Pemex. Por lo tanto, hablar de una ser\u00eda discriminar lo que es un inter\u00e9s generalizado\u201d explic\u00f3 Lozoya, quien platic\u00f3 aqu\u00ed con directivos de Total, Lukoil y BP, entre otros.<\/p>\n<p>El director general de Pemex precis\u00f3 que durante los d\u00edas que pas\u00f3 en Davos como parte de una amplia delegaci\u00f3n gubernamental \u201cel inter\u00e9s de las empresas internacionales, desde las operadoras a las prestadoras de servicios, de todo tipo, fue muy grande para M\u00e9xico\u201d.<\/p>\n<p>El motivo fue \u201cla reforma energ\u00e9tica, que es sin duda uno de los cambios m\u00e1s grandes de las \u00faltimas d\u00e9cadas a nivel internacional\u201d, destac\u00f3.<\/p>\n<p>Consider\u00f3 que prueba de este inter\u00e9s por invertir en M\u00e9xico fue la firma\u00a0 en Davos de un convenio de cooperaci\u00f3n t\u00e9cnica entre Pemex y la rusa Lukoil.<\/p>\n<p>\u201cLukoil nunca antes hab\u00eda volteado a ver a M\u00e9xico. Empezamos con este acuerdo de colaboraci\u00f3n tecnol\u00f3gica, que ya se ha firmado con otras empresas y es el primer paso hacia posibles coinversiones\u201d, detall\u00f3 el funcionario.<\/p>\n<p>El director general de Petr\u00f3leos Mexicanos precis\u00f3 sin embargo que Pemex no tiene preferencias por ninguna petrolera internacional<b>. <\/b><\/p>\n","protected":false},"excerpt":{"rendered":"<p>Emilio Lozoya Austin, director general de Petr\u00f3leos Mexicanos (Pemex), mencion\u00f3 que todas las empresas petroleras del mundo est\u00e1n interesadas en colaborar con la paraestatal mexicana y estim\u00f3 que el convenio firmado con la rusa Lukoil podr\u00eda evolucionar hacia una coinversi\u00f3n.<\/p>\n","protected":false},"author":5,"featured_media":160713,"comment_status":"open","ping_status":"open","sticky":false,"template":"","format":"standard","meta":{"_monsterinsights_skip_tracking":false,"_monsterinsights_sitenote_active":false,"_monsterinsights_sitenote_note":"","_monsterinsights_sitenote_category":0,"footnotes":""},"categories":[17,3],"tags":[1195,7071,292,1194],"class_list":["post-160712","post","type-post","status-publish","format-standard","has-post-thumbnail","hentry","category-especiales","category-nacional","tag-davos","tag-emilio-lozoya-austin","tag-pemex","tag-suiza"],"_links":{"self":[{"href":"https:\/\/www.diarioimagen.net\/index.php?rest_route=\/wp\/v2\/posts\/160712","targetHints":{"allow":["GET"]}}],"collection":[{"href":"https:\/\/www.diarioimagen.net\/index.php?rest_route=\/wp\/v2\/posts"}],"about":[{"href":"https:\/\/www.diarioimagen.net\/index.php?rest_route=\/wp\/v2\/types\/post"}],"author":[{"embeddable":true,"href":"https:\/\/www.diarioimagen.net\/index.php?rest_route=\/wp\/v2\/users\/5"}],"replies":[{"embeddable":true,"href":"https:\/\/www.diarioimagen.net\/index.php?rest_route=%2Fwp%2Fv2%2Fcomments&post=160712"}],"version-history":[{"count":0,"href":"https:\/\/www.diarioimagen.net\/index.php?rest_route=\/wp\/v2\/posts\/160712\/revisions"}],"wp:featuredmedia":[{"embeddable":true,"href":"https:\/\/www.diarioimagen.net\/index.php?rest_route=\/wp\/v2\/media\/160713"}],"wp:attachment":[{"href":"https:\/\/www.diarioimagen.net\/index.php?rest_route=%2Fwp%2Fv2%2Fmedia&parent=160712"}],"wp:term":[{"taxonomy":"category","embeddable":true,"href":"https:\/\/www.diarioimagen.net\/index.php?rest_route=%2Fwp%2Fv2%2Fcategories&post=160712"},{"taxonomy":"post_tag","embeddable":true,"href":"https:\/\/www.diarioimagen.net\/index.php?rest_route=%2Fwp%2Fv2%2Ftags&post=160712"}],"curies":[{"name":"wp","href":"https:\/\/api.w.org\/{rel}","templated":true}]}}