{"id":160745,"date":"2014-01-27T00:07:10","date_gmt":"2014-01-27T06:07:10","guid":{"rendered":"http:\/\/www.diarioimagen.net\/?p=160745"},"modified":"2014-01-28T01:53:53","modified_gmt":"2014-01-28T07:53:53","slug":"arrancan","status":"publish","type":"post","link":"https:\/\/www.diarioimagen.net\/?p=160745","title":{"rendered":"\u00a1Arrancan!"},"content":{"rendered":"<h2>Tras la puerta del poder<\/h2>\n<h5>Roberto Vizca\u00edno<\/h5>\n<p>&nbsp;<\/p>\n<ul>\n<li><strong><i>Senadores y diputados comienzan sus plenarias con las cuales inicia el trabajo legislativo.<\/i><\/strong><\/li>\n<li><strong><i>En los siguientes 80 d\u00edas tendr\u00e1n que aprobar una ley secundaria cada 24 horas<\/i><\/strong><\/li>\n<li><strong><i>\u201cLos Chuchos\u201d creen que Marcelo Ebrard podr\u00eda estar prepar\u00e1ndose para emigrar de partido<\/i><\/strong><\/li>\n<\/ul>\n<div id=\"attachment_160847\" style=\"width: 250px\" class=\"wp-caption alignleft\"><a href=\"http:\/\/www.diarioimagen.net\/wp-content\/uploads\/2014\/01\/ante-gasolinazos-LUIS-XAVIER-2279-.jpg\"><img loading=\"lazy\" decoding=\"async\" aria-describedby=\"caption-attachment-160847\" class=\"size-medium wp-image-160847\" alt=\"Ante gasolinazos\u2026 | Trizas\" src=\"http:\/\/www.diarioimagen.net\/wp-content\/uploads\/2014\/01\/ante-gasolinazos-LUIS-XAVIER-2279--240x185.jpg\" width=\"240\" height=\"185\" srcset=\"https:\/\/www.diarioimagen.net\/wp-content\/uploads\/2014\/01\/ante-gasolinazos-LUIS-XAVIER-2279--240x185.jpg 240w, https:\/\/www.diarioimagen.net\/wp-content\/uploads\/2014\/01\/ante-gasolinazos-LUIS-XAVIER-2279--420x324.jpg 420w, https:\/\/www.diarioimagen.net\/wp-content\/uploads\/2014\/01\/ante-gasolinazos-LUIS-XAVIER-2279-.jpg 700w\" sizes=\"auto, (max-width: 240px) 100vw, 240px\" \/><\/a><p id=\"caption-attachment-160847\" class=\"wp-caption-text\">Ante gasolinazos\u2026 | Trizas<\/p><\/div>\n<p>Aun cuando el per\u00edodo legislativo iniciar\u00e1 el pr\u00f3ximo viernes, en los hechos hoy comienzan los trabajos para que en 90 d\u00edas diputados y senadores saquen adelante 68 leyes secundarias &#8211;entre las cuales 42 son\u00a0 obligatorias y a tiempos fijos&#8211;, y designen a 11 nuevos consejeros electorales para que pueda operar el naciente Instituto Nacional de Elecciones y los que requiere la renovaci\u00f3n del Coneval.<\/p>\n<p>En una perspectiva que se antoja de locura, tan s\u00f3lo la reforma energ\u00e9tica requerir\u00e1 del dise\u00f1o, discusi\u00f3n y aprobaci\u00f3n de 23 leyes secundarias\u2026 y aparte est\u00e1n las que tendr\u00e1n que cumplirse para hacer realidad la reforma de telecomunicaciones que tiene previsto abrir licitaciones para al menos 3 nuevas cadenas nacionales de TV.<\/p>\n<p>Y arranca hoy el trabajo real legislativo, porque hoy inicia en el Centro Banamex la primera plenaria con la concentraci\u00f3n conjunta de 213 diputados del PRI y los 29 del PVEM, quienes tomar\u00e1n ah\u00ed decisiones para ir con una estrategia \u00fanica a partir de que elaborar\u00e1n una agenda parlamentaria conjunta.<\/p>\n<p>Pr\u00e1cticamente a partir de hoy este grupo de 242 legisladores &#8211;que integran la fracci\u00f3n m\u00e1s numerosa dentro de la actual legislatura&#8211;, ya no se separar\u00e1n hasta sacar adelante las leyes secundarias m\u00e1s apremiantes que pr\u00e1cticamente son todas, porque todas urgen y todas tienen tiempos perentorios al 30 de abril.<\/p>\n<p>Los expertos y analistas en asuntos legislativos advierten que nunca antes el Congreso ni sus dos c\u00e1maras, hab\u00edan enfrentado un per\u00edodo como el que se va a desarrollar entre el viernes 1 de febrero y el mi\u00e9rcoles 30 de abril.<\/p>\n<p>Y para hacer todav\u00eda m\u00e1s dram\u00e1tico este asunto, a estos 90 d\u00edas habr\u00e1 que restarle al menos unos 10 o 12 derivados de d\u00edas patrios y de Semana Santa.<\/p>\n<p>Los que saben dicen que en este lapso no habr\u00e1 descansos de s\u00e1bados ni domingos y pocos ser\u00e1n quienes reciban \u201cpermisos\u201d para ir a sus estados. Pr\u00e1cticamente todos los diputados y senadores de todas las fracciones ser\u00e1n concentrados en hoteles cercanos a sus respectivas c\u00e1maras a fin de que acudan a las votaciones donde las leyes secundarias que salgan depender\u00e1n de uno o dos votos.<\/p>\n<p>En estos 90 d\u00edas se ver\u00e1, afirman, qu\u00e9 coordinadores y partidos tienen el mayor \u201ccontrol\u201d sobre sus legisladores.<\/p>\n<p align=\"center\"><b>PRIORIDADES, EL EJE<\/b><\/p>\n<p>De ello habla el sonorense Manlio Fabio Beltrones &#8211;sin duda el coordinador parlamentario con mayor experiencia, influencia y responsabilidad&#8211; quien advierte que la aprobaci\u00f3n de las leyes secundarias iniciar\u00e1 con el desahogo de 50 dict\u00e1menes pendientes.<\/p>\n<p>A partir de ah\u00ed se requerir\u00e1 de agilidad, responsabilidad y transparencia entre diputados y senadores a fin de concretar los acuerdos que requiere la aprobaci\u00f3n de las secundarias de las que depende a su vez la materializaci\u00f3n del proyecto de transformaci\u00f3n nacional del presidente Enrique Pe\u00f1a Nieto.<\/p>\n<p>\u201cTenemos la responsabilidad de traducir de manera correcta el esp\u00edritu y la sustancia de las reformas constitucionales en materia de telecomunicaciones y competencia econ\u00f3mica y de energ\u00eda, en leyes secundarias que permitan concretar los cambios propuestos\u201d, subray\u00f3 para definir el reto.<\/p>\n<p>De ello depende entre otras cosas: crecer a tasas sostenidas, atraer inversi\u00f3n productiva y generar empleo para garantizar el crecimiento equitativo y sustentable que reduzca la pobreza y erradicar el hambre.<\/p>\n<p>Est\u00e1n pendientes, precis\u00f3, las leyes secundarias de las reformas energ\u00e9tica, de telecomunicaciones y competencia econ\u00f3mica y la pol\u00edtico-electoral que deber\u00e1 ser promulgada hacia fines de la semana por el presidente Pe\u00f1a Nieto.<\/p>\n<p>Una vez que eso ocurra, ser\u00e1 tarea de diputados y senadores sacar adelante sus leyes secundarias sobre partidos pol\u00edticos, organismos y procedimientos electorales, delitos electorales y propaganda gubernamental, adem\u00e1s de completar la integraci\u00f3n de consejeros del IFAI antes de proceder a la selecci\u00f3n del nuevo consejo general del Instituto Nacional Electoral.<\/p>\n<p>Adicionalmente hay que cumplir los pendientes entre los que se encuentran el C\u00f3digo Nacional de Procedimientos Penales, la minuta de reforma constitucional en materia de transparencia y la reforma a la ley reglamentaria del servicio ferroviario, concluy\u00f3 Beltrones.<\/p>\n<p>Al encuentro de los diputados federales del PRI y PVEM asistir\u00e1n C\u00e9sar Camacho, l\u00edder nacional del PRI; Emilio Gamboa, coordinador de los senadores del tricolor; Miguel \u00c1ngel Osorio Chong, titular de Gobernaci\u00f3n; Jes\u00fas Murillo Karam, procurador general de la Rep\u00fablica; Pedro Joaqu\u00edn Coldwell, secretario de Energ\u00eda; Emilio Lozoya Austin, director de Pemex; \u00a0Gerardo Ruiz Esparza, secretario de Comunicaciones; Juan Jos\u00e9 Guerra Abud, secretario de Medio Ambiente y Recursos Naturales y los subsecretarios de Hacienda y Cr\u00e9dito P\u00fablico, Fernando Aportela Rodr\u00edguez; el de Ingresos, Miguel Messmacher Linartas; de Egresos, Fernando Galindo Favela, as\u00ed como el jefe del SAT, Arist\u00f3teles N\u00fa\u00f1ez S\u00e1nchez.<\/p>\n<p align=\"center\"><b>MIRADA SOBRE M\u00c9XICO<\/b><\/p>\n<p>Al respecto el coordinador de los 54 senadores del PRI, el yucateco Emilio Gamboa &#8211;quien encabezar\u00e1 la plenaria de los suyos en M\u00e9rida a partir de ma\u00f1ana&#8211; indic\u00f3 que las reformas aprobadas y el inicio del tr\u00e1mite de sus leyes secundarias han logrado atraer la atenci\u00f3n internacional.<\/p>\n<p>\u201cEstamos convencidos que la construcci\u00f3n de las reformas significar\u00e1 la edificaci\u00f3n de un pa\u00eds m\u00e1s justo para todos y sabemos que en el Congreso nos une la b\u00fasqueda de un M\u00e9xico mejor\u201d, indic\u00f3.<\/p>\n<p>Dijo que su bancada estar\u00e1 atenta a las agendas de los otros grupos parlamentarios a fin de lograr una mayor inclusi\u00f3n social y una naci\u00f3n m\u00e1s pr\u00f3spera.<\/p>\n<p align=\"center\">\u00a0<b>ABAJO LOS MITOS<\/b><\/p>\n<p>A propuesta de la senadora Cristina D\u00edaz Salazar, secretaria general de la CNOP, el presidente nacional del PRI, C\u00e9sar Camacho ech\u00f3 a andar un programa de informaci\u00f3n para contrarrestar los supuestos difundidos por la oposici\u00f3n respecto de las reformas estructurales.<\/p>\n<p>En un primer enlace digital que uni\u00f3 durante el fin de la semana a los pri\u00edstas de unos 400 municipios en el pa\u00eds, la senadora y el l\u00edder nacional del tricolor indicaron que ser\u00eda muy importante que cada militante se convirtiera en un transmisor de informaci\u00f3n verdadera hacia el resto de\u00a0 la poblaci\u00f3n.<\/p>\n<p>De lo que se trata, dijo la senadora D\u00edaz Salazar, es de derribar los \u00a0mitos y falacias construidas por algunos de la oposici\u00f3n para intentar tergiversar y confundir a los mexicanos.<\/p>\n<p align=\"center\">\u00a0<b>TODOS CONTRA EBRARD<\/b><\/p>\n<p>Marcelo Ebrard simplemente no encuentra la puerta o ventana por d\u00f3nde colarse al PRD.<\/p>\n<p>Y en este intento no le ayuda para nada su boca. A \u00faltimas fechas cada que habla o dice algo sobre \u00bfsu partido?, recibe una andanada de cr\u00edticas que lo alejan m\u00e1s de sus ambiciones de ser presidente nacional del PRD.<\/p>\n<p>Hoy pr\u00e1cticamente no tiene posibilidad ni siquiera de ser consejero, ya no l\u00edder de este instituto.<\/p>\n<p>Y eso aconteci\u00f3 porque durante el fin de la semana se le ocurri\u00f3 darle una entrevista a <em>El Universal<\/em> en la que, entre otras cosas, el ex jefe de Gobierno afirma que no le interesa ser el candidato presidencial en 2018 de un PRD subordinado al gobierno federal.<\/p>\n<p>De entrada la afirmaci\u00f3n es ociosa, porque a menos que ocurra un milagro, nadie dentro del PRD le pedir\u00eda a Ebrard ser el candidato de este partido en la gran contienda electoral que viene.<\/p>\n<p>Pero su se\u00f1alamiento s\u00ed le sirvi\u00f3 a \u201cLos Chuchos\u201d \u2013la corriente o tribu mayoritaria y la que detenta el mayor n\u00famero de cargos partidarios&#8211;, para arremeter contra \u00e9l y lavarse la cara.<\/p>\n<p>De entrada el actual l\u00edder nacional perredista, Jes\u00fas Zambrano retom\u00f3 la entrevista de Ebrard y dijo que su partido \u201cno es un instrumento, ni un partido vinculado o hincado ante el gobierno\u201d.<\/p>\n<p>A su vez Miguel Barbosa, coordinador de los senadores del PRD &#8211;y miembro de \u201cLos Chuchos\u201d&#8211;, lo acus\u00f3 de ser motivo de confusi\u00f3n y de discordias y desuniones internas.<\/p>\n<p>Y le exigi\u00f3 hacer una revisi\u00f3n de su discurso y actitud dentro de una necesaria condici\u00f3n de humildad.<\/p>\n<p>Otros no pocos dirigentes perredistas, le pidieron a Ebrard no actuar bajo la desesperaci\u00f3n y asumieron que la decisi\u00f3n del ex jefe de gobierno capitalino de convertir su Movimiento Progresista en una asociaci\u00f3n civil, podr\u00eda ser el primer paso para abandonar las filas del PRD ya que tom\u00f3 acciones similares cuando se sali\u00f3 del PRI y luego cuando abandon\u00f3 otras posiciones.<\/p>\n<p>O sea que Ebrard simplemente no ve la suya en el PRD<\/p>\n<p><em><a href=\"mailto:rvizcainoa@gmail.com\">rvizcainoa@gmail.com<\/a><\/em><\/p>\n","protected":false},"excerpt":{"rendered":"<p><span style=\"color: #005497;\"><strong>Roberto Vizca\u00edno<\/strong><\/span><br \/>\n<br \/>\nAun cuando el per\u00edodo legislativo iniciar\u00e1 el pr\u00f3ximo viernes, en los hechos hoy comienzan los trabajos para que en 90 d\u00edas diputados y senadores saquen adelante 68 leyes secundarias &#8211;entre las cuales 42 son  obligatorias y a tiempos fijos&#8211;, y designen a 11 nuevos consejeros electorales para que pueda operar el naciente Instituto Nacional de Elecciones y los que requiere la renovaci\u00f3n del Coneval.<\/p>\n","protected":false},"author":3,"featured_media":160847,"comment_status":"open","ping_status":"open","sticky":false,"template":"","format":"standard","meta":{"_monsterinsights_skip_tracking":false,"_monsterinsights_sitenote_active":false,"_monsterinsights_sitenote_note":"","_monsterinsights_sitenote_category":0,"footnotes":""},"categories":[136],"tags":[7350,44,43674,362,93,94],"class_list":["post-160745","post","type-post","status-publish","format-standard","has-post-thumbnail","hentry","category-roberto-vizcaino-opinion","tag-marcelo-ebrard-casaubon","tag-mexico","tag-opinion","tag-pri","tag-roberto-vizcaino","tag-tras-la-puerta-del-poder"],"_links":{"self":[{"href":"https:\/\/www.diarioimagen.net\/index.php?rest_route=\/wp\/v2\/posts\/160745","targetHints":{"allow":["GET"]}}],"collection":[{"href":"https:\/\/www.diarioimagen.net\/index.php?rest_route=\/wp\/v2\/posts"}],"about":[{"href":"https:\/\/www.diarioimagen.net\/index.php?rest_route=\/wp\/v2\/types\/post"}],"author":[{"embeddable":true,"href":"https:\/\/www.diarioimagen.net\/index.php?rest_route=\/wp\/v2\/users\/3"}],"replies":[{"embeddable":true,"href":"https:\/\/www.diarioimagen.net\/index.php?rest_route=%2Fwp%2Fv2%2Fcomments&post=160745"}],"version-history":[{"count":0,"href":"https:\/\/www.diarioimagen.net\/index.php?rest_route=\/wp\/v2\/posts\/160745\/revisions"}],"wp:featuredmedia":[{"embeddable":true,"href":"https:\/\/www.diarioimagen.net\/index.php?rest_route=\/wp\/v2\/media\/160847"}],"wp:attachment":[{"href":"https:\/\/www.diarioimagen.net\/index.php?rest_route=%2Fwp%2Fv2%2Fmedia&parent=160745"}],"wp:term":[{"taxonomy":"category","embeddable":true,"href":"https:\/\/www.diarioimagen.net\/index.php?rest_route=%2Fwp%2Fv2%2Fcategories&post=160745"},{"taxonomy":"post_tag","embeddable":true,"href":"https:\/\/www.diarioimagen.net\/index.php?rest_route=%2Fwp%2Fv2%2Ftags&post=160745"}],"curies":[{"name":"wp","href":"https:\/\/api.w.org\/{rel}","templated":true}]}}