{"id":160755,"date":"2014-01-27T00:05:41","date_gmt":"2014-01-27T06:05:41","guid":{"rendered":"http:\/\/www.diarioimagen.net\/?p=160755"},"modified":"2014-01-28T01:59:09","modified_gmt":"2014-01-28T07:59:09","slug":"amlo-esta-de-vuelta","status":"publish","type":"post","link":"https:\/\/www.diarioimagen.net\/?p=160755","title":{"rendered":"AMLO est\u00e1 de vuelta"},"content":{"rendered":"<h2>De frente y de perfil<\/h2>\n<h5>Ram\u00f3n Zurita Sahag\u00fan<\/h5>\n<p><span><br \/>\nRepuesto totalmente de los males cardiacos que le aquejaron en las \u00faltimas semanas del a\u00f1o pasado y que incluso lo llevaron a ser hospitalizado, Andr\u00e9s Manuel L\u00f3pez Obrador se encuentra de regreso en la contienda pol\u00edtica.<\/span><\/p>\n<p>El tabasque\u00f1o se desplaza con el mismo br\u00edo que lo llev\u00f3 a ser un personaje hiperactivo y a recorrer el territorio nacional por varias ocasiones. Ahora, L\u00f3pez Obrador se muestra confiado en cumplir con todos los requisitos que se necesitan para recibir el registro condicionado de su nuevo partido pol\u00edtico. Treinta asambleas estatales, incluido el Distrito Federal, donde se requiri\u00f3 de cuando menos 3 mil participantes para llenar el expediente y poder competir en los comicios federales del a\u00f1o pr\u00f3ximo.<\/p>\n<p>Son nueve gubernaturas, as\u00ed como 500 posiciones en el Congreso federal y un importante n\u00famero de alcald\u00edas y presidencias municipales las que estar\u00e1n en juego.<\/p>\n<p>En esta ocasi\u00f3n, L\u00f3pez Obrador competir\u00e1 con su propio partido, alejado del Partido de la Revoluci\u00f3n Democr\u00e1tica en el que milit\u00f3 desde la fundaci\u00f3n del mismo.<\/p>\n<p>Sin embargo, el reto de competir con un nuevo partido no arredra al tabasque\u00f1o, quien manifiesta su confianza en obtener buenos resultados en la competencia electoral. Las asambleas constitutivas en los estados no han sido todo lo exitosas que se esperaba, ya que en algunos de los estados apenas se complet\u00f3 el n\u00famero de participantes necesario para darle validez al requisito.<\/p>\n<p>Es cierto que en otros se rebas\u00f3 con creces la cantidad, pero 3 mil firmantes no son lo \u00f3ptimo para ganar unos comicios en ninguno de los estados del pa\u00eds.<\/p>\n<p>Con todo y ello, L\u00f3pez Obrador se muestra contento con el resultado obtenido y manifiesto que en 2015 su partido se convertir\u00e1 en la primera fuerza en la C\u00e1mara de Diputados. El tabasque\u00f1o anuncia que su partido tendr\u00e1 candidatos propios en cada uno de los nueve estados en que se renovar\u00e1 el Poder Ejecutivo estatal.<\/p>\n<p>La constituci\u00f3n en partido del Movimiento de Regeneraci\u00f3n Nacional cada vez se advierte m\u00e1s cercana y ser\u00e1 hasta que tenga el registro condicionado, cuando diputados y senadores que hoy pertenecen a las fracciones del PRD, Partido del Trabajo y Movimiento Ciudadano, se muevan a los terrenos del tabasque\u00f1o.<\/p>\n<p>Genio y figura de siempre, Andr\u00e9s Manuel L\u00f3pez Obrador presumi\u00f3 un buen estado de salud y sonriente dijo que los m\u00e9dicos le recetaron mejorarla combatiendo a los pol\u00edticos transas.<\/p>\n<p>Entrevistado al t\u00e9rmino de la asamblea constitutiva del Movimiento de Regeneraci\u00f3n Nacional (Morena) L\u00f3pez Obrador dijo sentirse ya bien y de buenas.<\/p>\n<p>Se le pregunt\u00f3 c\u00f3mo se encontraba de salud despu\u00e9s del infarto, a lo que respondi\u00f3: \u201cme siento bien, afortunadamente estamos bien\u201d, y envi\u00f3 abrazos a quienes han manifestado su preocupaci\u00f3n por la evoluci\u00f3n de su estado de salud, al agregar que ya est\u00e1 mejor.<\/p>\n<p>Luego dijo que los m\u00e9dicos le recetaron \u201cque siga yo trabajando, combatiendo a los corruptos para que ya dejen de robar, eso me recetaron los m\u00e9dicos\u201d.<\/p>\n<p>Tambi\u00e9n se le pregunt\u00f3 si Marcelo Ebrard entra en el perfil de personas honestas que deben encabezar las candidaturas de Morena, a lo que respondi\u00f3 que eso ya ser\u00e1 tarea de los dirigentes, pero s\u00ed tiene que ser gente honesta, pues el primer requisito es que no se trate de corruptos.<\/p>\n<p>Y es que Marcelo se encuentra a punto de rompimiento con el PRD, luego de expresar unas severas cr\u00edticas, donde se\u00f1ala que el partido que preside Jes\u00fas Zambrano Grijalva se encuentra subordinado al gobierno federal. Debido a ello, se\u00f1al\u00f3 que no le interesa que un partido as\u00ed lo nomine como su candidato a la Presidencia de la Rep\u00fablica.<\/p>\n<p>Las cr\u00edticas de Marcelo al PRD y las batallas internas de este partido lo mantienen en zozobra y hablan de situaciones sumamente dif\u00edciles que tendr\u00e1 que enfrentar el PRD durante este a\u00f1o, principalmente cuando se defina la sucesi\u00f3n de Zambrano Grijalva. Marcelo advirti\u00f3 que las acciones del Partido de la Revoluci\u00f3n Democr\u00e1tica lo llevar\u00e1n al desastre electoral el a\u00f1o pr\u00f3ximo.<\/p>\n<p>Carlos Navarrete y Carlos Sotelo son las dos cartas que buscan la presidencia del partido, aunque los nombres de Cuauht\u00e9moc C\u00e1rdenas y Marcelo Ebrard se mantienen vigentes en torno a la misma disputa. Por lo pronto, L\u00f3pez Obrador se muestra de buen humor, con mejor semblante y confiado en que con el registro condicionado de su partido podr\u00e1 obtener buenos resultados electorales en la contienda del a\u00f1o pr\u00f3ximo.<\/p>\n<p align=\"center\"><b>PLENARIA<\/b><\/p>\n<p>Con un cartel de participaciones de primera l\u00ednea se inicia la plenaria de los diputados del PRI y Verde Ecologista con vistas al inicio de sesiones que tendr\u00e1 lugar el 1 de febrero pr\u00f3ximo.<\/p>\n<p>La declaratoria inaugural de la reuni\u00f3n la realizar\u00e1 el dirigente nacional del PRI, C\u00e9sar Camacho Quiroz<\/p>\n<p>Tambi\u00e9n participar\u00e1 Emilio Gamboa, coordinador del grupo parlamentario del PRI en el Senado, quien dar\u00e1 a conocer a sus correligionarios en San L\u00e1zaro la agenda legislativa que desarrollar\u00e1 su bancada en la C\u00e1mara alta.<\/p>\n<p>A la sesi\u00f3n vespertina del primer d\u00eda de trabajos de esta reuni\u00f3n plenaria acudir\u00e1 el secretario de Energ\u00eda, Pedro Joaqu\u00edn Coldwell, y el director general de Petr\u00f3leos Mexicanos, Emilio Lozoya Austin, quienes se referir\u00e1n a la legislaci\u00f3n secundaria en materia energ\u00e9tica.<\/p>\n<p>La agenda de diputados y senadores para este nuevo per\u00edodo de sesiones se anticipa sumamente cargada, ya que cuentan con muchos pendientes, entre los que se ubican diversas leyes reglamentarias de las reformas aprobadas en el pasado per\u00edodo de sesiones.<\/p>\n<p><em><a href=\"mailto:ramonzurita44@hotmail.com\" target=\"_blank\">ramonzurita44@hotmail.com<br \/>\n<\/a><a href=\"mailto:zurita_sahagun@hotmail.com\" target=\"_blank\">zurita_sahagun@hotmail.com<\/a><\/em><\/p>\n","protected":false},"excerpt":{"rendered":"<p><span style=\"color: #005497;\"><strong>Ram\u00f3n Zurita Sahag\u00fan<\/strong><\/span><\/p>\n","protected":false},"author":3,"featured_media":0,"comment_status":"open","ping_status":"open","sticky":false,"template":"","format":"standard","meta":{"_monsterinsights_skip_tracking":false,"_monsterinsights_sitenote_active":false,"_monsterinsights_sitenote_note":"","_monsterinsights_sitenote_category":0,"footnotes":""},"categories":[234],"tags":[1352,2255,304,43674,43687,115],"class_list":["post-160755","post","type-post","status-publish","format-standard","hentry","category-ramon-zurita-sahagun","tag-andres-manuel-lopez-obrador","tag-congreso-de-la-union","tag-de-frente-y-de-perfil","tag-opinion","tag-ramon-zurita-sahagun","tag-san-lazaro"],"_links":{"self":[{"href":"https:\/\/www.diarioimagen.net\/index.php?rest_route=\/wp\/v2\/posts\/160755","targetHints":{"allow":["GET"]}}],"collection":[{"href":"https:\/\/www.diarioimagen.net\/index.php?rest_route=\/wp\/v2\/posts"}],"about":[{"href":"https:\/\/www.diarioimagen.net\/index.php?rest_route=\/wp\/v2\/types\/post"}],"author":[{"embeddable":true,"href":"https:\/\/www.diarioimagen.net\/index.php?rest_route=\/wp\/v2\/users\/3"}],"replies":[{"embeddable":true,"href":"https:\/\/www.diarioimagen.net\/index.php?rest_route=%2Fwp%2Fv2%2Fcomments&post=160755"}],"version-history":[{"count":0,"href":"https:\/\/www.diarioimagen.net\/index.php?rest_route=\/wp\/v2\/posts\/160755\/revisions"}],"wp:attachment":[{"href":"https:\/\/www.diarioimagen.net\/index.php?rest_route=%2Fwp%2Fv2%2Fmedia&parent=160755"}],"wp:term":[{"taxonomy":"category","embeddable":true,"href":"https:\/\/www.diarioimagen.net\/index.php?rest_route=%2Fwp%2Fv2%2Fcategories&post=160755"},{"taxonomy":"post_tag","embeddable":true,"href":"https:\/\/www.diarioimagen.net\/index.php?rest_route=%2Fwp%2Fv2%2Ftags&post=160755"}],"curies":[{"name":"wp","href":"https:\/\/api.w.org\/{rel}","templated":true}]}}