{"id":160757,"date":"2014-01-27T00:04:11","date_gmt":"2014-01-27T06:04:11","guid":{"rendered":"http:\/\/www.diarioimagen.net\/?p=160757"},"modified":"2014-01-28T02:04:20","modified_gmt":"2014-01-28T08:04:20","slug":"que-no-se-va-del-prd","status":"publish","type":"post","link":"https:\/\/www.diarioimagen.net\/?p=160757","title":{"rendered":"Que no se va del PRD"},"content":{"rendered":"<h2>Punto por punto<\/h2>\n<h5>Augusto Corro<\/h5>\n<p><span><br \/>\nLa semana pasada se manej\u00f3 el rumor de que Marcelo Ebrard estar\u00eda en condiciones de dejar al Partido de la Revoluci\u00f3n Democr\u00e1tica (PRD). El propio pol\u00edtico hizo declaraciones que demuestran que seguir\u00e1 en esa organizaci\u00f3n pol\u00edtica.<\/span><\/p>\n<p>No caus\u00f3 mayor sorpresa el saber que el ex jefe del gobierno capitalino abandonar\u00eda esa organizaci\u00f3n de izquierda.<\/p>\n<p>Sus enfrentamientos con los due\u00f1os del partido mencionado, \u201cLos Chuchos\u201d, cada vez se hacen m\u00e1s complejos y r\u00edspidos.\u00a0\u00a0 Para Ebarard Casaub\u00f3n est\u00e1 subordinado al gobierno\u00a0 federal y que en estas condiciones no le sirve para su proyecto pol\u00edtico, que consiste en la candidatura de la izquierda a la Presidencia de la Rep\u00fablica en 2018.<\/p>\n<p>El ex funcionario tendr\u00e1 que superar varios obst\u00e1culos, con el prop\u00f3sito de que su presencia en el PRD comience a recobrar la\u00a0 importancia que ten\u00eda cuando se desempe\u00f1aba como autoridad.<\/p>\n<p>Primero, deber\u00e1 buscar y ganar la presidencia del Comit\u00e9 Ejecutivo Nacional (CEN).\u00a0 Vaya que ser\u00e1 dif\u00edcil que lo logre. \u201cLos Chuchos\u201d ya tienen su candidato (Carlos Navarrete), elemento importante en su grupo pol\u00edtico. No ser\u00e1 f\u00e1cil que \u201cLos Chuchos\u201d suelten las riendas de partido del sol azteca. Ante la pugna pol\u00edtica interna, el partido se debilitar\u00e1 a\u00fan m\u00e1s: el divisionismo de las tribus marcar\u00e1 la vida del PRD.<\/p>\n<p align=\"center\">SE DEFIENDE ZAMBRANO<\/p>\n<p>A los calificativos de Ebrard Casaub\u00f3n contra la condici\u00f3n del PRD, como partido subordinado al gobierno federal, el presidente perredista, Jes\u00fas Zambrano, dijo: \u201cel PRD no es un instrumento, ni un partido vinculado o hincado ante el gobierno\u201d. Es un \u201cpartido actuante, firmemente opositor a nivel nacional en contra de las decisiones que le afectan al pa\u00eds\u201d, a\u00f1adi\u00f3.<\/p>\n<p>El l\u00edder de los amarillos en el Senado, Miguel Barbosa, le sugiri\u00f3 mayor humildad a Ebrard Casaub\u00f3n, as\u00ed como menos arrogancia y un mejor cuidado de sus expresiones.<\/p>\n<p>A grandes rasgos, no se le ve salida a la situaci\u00f3n que vive el ex jefe del gobierno capitalino.\u00a0 Por el momento, se entiende que seguir\u00e1 en el PRD. \u00bfY si no gana la dirigencia partidista?\u00a0 Tendr\u00e1 que buscar una nueva plataforma pol\u00edtica en otros partidos.<\/p>\n<p align=\"center\"><b>LOS PANISTAS<\/b><\/p>\n<p>En el Partido Acci\u00f3n Nacional (PAN) se fortalece la posici\u00f3n de Gustavo Madero para continuar como l\u00edder blanquiazul.\u00a0 Entre otras cosas, el Tribunal Electoral del Poder Judicial de la Federaci\u00f3n (TEPFJ) ratific\u00f3 la validez de los nuevos estatutos del PAN, como deseaba Madero. As\u00ed pues, los militantes panistas elegir\u00e1n\u00a0 a sus dirigentes mediante el voto directo.<\/p>\n<p>Una victoria importante para el dirigente panista, en tiempos que el ex presidente Calder\u00f3n regresa a M\u00e9xico para reactivar su vida pol\u00edtica.<\/p>\n<p>Madero, en el presente, supera a Calder\u00f3n en la lucha por el poder en el interior del PAN.<\/p>\n<p>Ernesto Cordero, el candidato de Calder\u00f3n, para enfrentar a Madero, sali\u00f3 muy raspado al calificar a varios panistas, entre ellos a Madero, de \u201cpinches ladrones\u201d.<\/p>\n<p>Pero la mayor dificultad que enfrentan los adversarios del actual presidente panista, es la divisi\u00f3n entre\u00a0 los blanquiazules.<\/p>\n<p>Cordero, Josefina V\u00e1zquez Mota y Juan Manuel Oliva no han podido integrar un frente com\u00fan contra Madero.\u00a0 V\u00e1zquez Mota calcula el terreno para decidir su participaci\u00f3n en la contienda partidista.\u00a0 Su indecisi\u00f3n aleja a sus seguidores.<\/p>\n<p>En cambio, Juan Manuel Oliva, quien fuera gobernador de Guanajuato, empe\u00f1ado en ser el l\u00edder panista, que adem\u00e1s cuenta con el apoyo de la extrema derecha blanquiazul, tiene un pasado manchado por la corrupci\u00f3n.<\/p>\n<p>A Calder\u00f3n se salieron mal cosas en su relaci\u00f3n con Madero. No lo pudo manejar y surgieron un sinn\u00famero de conflictos, que aprovech\u00f3 el actual dirigente para alejarse del michoacano.<\/p>\n<p>Calder\u00f3n buscar\u00e1 reconquistar al PAN, cuando \u00e9ste ya se encuentra en manos de Madero, quien, evitar\u00e1 por todos los medios, a dejar el liderazgo.<\/p>\n<p><em><a href=\"mailto:aco2742@hotmail.com\" target=\"_blank\">aco2742@hotmail.com<\/a><\/em><\/p>\n","protected":false},"excerpt":{"rendered":"<p><span style=\"color: #005497;\"><strong>Augusto Corro<\/strong><\/span><\/p>\n","protected":false},"author":3,"featured_media":0,"comment_status":"open","ping_status":"open","sticky":false,"template":"","format":"standard","meta":{"_monsterinsights_skip_tracking":false,"_monsterinsights_sitenote_active":false,"_monsterinsights_sitenote_note":"","_monsterinsights_sitenote_category":0,"footnotes":""},"categories":[157],"tags":[43686,7350,43674,211,11515,10328],"class_list":["post-160757","post","type-post","status-publish","format-standard","hentry","category-augusto-corro","tag-augusto-corro","tag-marcelo-ebrard-casaubon","tag-opinion","tag-prd","tag-punto-por-punto","tag-tribunal-electoral-del-poder-judicial-de-la-federacion"],"_links":{"self":[{"href":"https:\/\/www.diarioimagen.net\/index.php?rest_route=\/wp\/v2\/posts\/160757","targetHints":{"allow":["GET"]}}],"collection":[{"href":"https:\/\/www.diarioimagen.net\/index.php?rest_route=\/wp\/v2\/posts"}],"about":[{"href":"https:\/\/www.diarioimagen.net\/index.php?rest_route=\/wp\/v2\/types\/post"}],"author":[{"embeddable":true,"href":"https:\/\/www.diarioimagen.net\/index.php?rest_route=\/wp\/v2\/users\/3"}],"replies":[{"embeddable":true,"href":"https:\/\/www.diarioimagen.net\/index.php?rest_route=%2Fwp%2Fv2%2Fcomments&post=160757"}],"version-history":[{"count":0,"href":"https:\/\/www.diarioimagen.net\/index.php?rest_route=\/wp\/v2\/posts\/160757\/revisions"}],"wp:attachment":[{"href":"https:\/\/www.diarioimagen.net\/index.php?rest_route=%2Fwp%2Fv2%2Fmedia&parent=160757"}],"wp:term":[{"taxonomy":"category","embeddable":true,"href":"https:\/\/www.diarioimagen.net\/index.php?rest_route=%2Fwp%2Fv2%2Fcategories&post=160757"},{"taxonomy":"post_tag","embeddable":true,"href":"https:\/\/www.diarioimagen.net\/index.php?rest_route=%2Fwp%2Fv2%2Ftags&post=160757"}],"curies":[{"name":"wp","href":"https:\/\/api.w.org\/{rel}","templated":true}]}}