{"id":160763,"date":"2014-01-27T00:03:51","date_gmt":"2014-01-27T06:03:51","guid":{"rendered":"http:\/\/www.diarioimagen.net\/?p=160763"},"modified":"2014-01-28T02:11:04","modified_gmt":"2014-01-28T08:11:04","slug":"saskatoon-en-el-invierno","status":"publish","type":"post","link":"https:\/\/www.diarioimagen.net\/?p=160763","title":{"rendered":"Saskatoon, en el invierno"},"content":{"rendered":"<h2>Detr\u00e1s del Poder<\/h2>\n<h5>Jos\u00e9 Antonio L\u00f3pez Sosa<\/h5>\n<p><span><br \/>\n<strong>Saskatoon, Canad\u00e1<\/strong>.- La vida transcurre en el g\u00e9lido invierno canadiense, los 23 grados bajo cero con los que aparece el sol no frenan las actividades y los festivales en esta peque\u00f1a ciudad de 250 mil habitantes.<\/span><\/p>\n<p>Ubicada al centro-norte de Canad\u00e1, clavada en la provincia de Saskatchewan esta peque\u00f1a urbe es llamada tambi\u00e9n \u201cla ciudad de los puentes\u201d, ello por los 7 que cruzan el r\u00edo Saskatchewan que divide la ciudad en dos.<\/p>\n<p>En promedio Saskatoon tiene 2 mil 381 horas de sol al a\u00f1o, en este per\u00edodo invernal los d\u00edas son significativamente m\u00e1s cortos que en el verano, sin embargo entre el fr\u00edo emergen soleados d\u00edas que dejan ver kil\u00f3metros de planicie alrededor.<\/p>\n<p>Saskatoon tiene m\u00e1s de 870 hect\u00e1reas de parques p\u00fablicos, es un lugar en franco desarrollo por las empresas que han llegado a invertir aqu\u00ed, por el desarrollo en la investigaci\u00f3n agr\u00f3noma, el crecimiento de sus universidades y la creciente infraestructura tur\u00edstica.<\/p>\n<p>Contrario a lo que pensamos en torno a Canad\u00e1, la poblaci\u00f3n en Saskatoon tiene una edad promedio de 35 a\u00f1os y se combinan los locales con inmigrantes de todas partes del mundo.<\/p>\n<p>Su aeropuerto internacional conecta este lugar con las principales ciudades de Canad\u00e1, con los aeropuertos m\u00e1s importantes de los Estados Unidos y en esta temporada, con destinos en M\u00e9xico tales como Canc\u00fan, Zihuatanejo, Puerto Vallarta y Los Cabos.<\/p>\n<p>La \u00e9poca de fr\u00edo dura alrededor de 6 meses, una parte del oto\u00f1o y primavera y el invierno en su totalidad. Las temperaturas pueden variar en d\u00edas con 3 o 4 grados sobre cero y llegar en sus puntos m\u00ednimos a 40 grados bajo cero, sin embargo la infraestructura permite que la vida contin\u00fae de forma normal a pesar de las g\u00e9lidas temperaturas.<\/p>\n<p>Shad Ali, el organizador del Festival WinterShines nos coment\u00f3: el fr\u00edo no es mal clima, el problema es traer la ropa equivocada. En efecto con las previsiones necesarias tales como ropa t\u00e9rmica en capas, se puede soportar el fr\u00edo aun caminando por sus calles al aire libre.<\/p>\n<p>Asistimos a hacer la cobertura de este, el festival WinterShines. El alcalde de la ciudad Don Atchison asegur\u00f3 en la inauguraci\u00f3n: vivimos en el fr\u00edo, m\u00e1s no por ello estamos limitados a no salir a las calles. De ah\u00ed este sexto a\u00f1o que se organiza este festival con actividades prioritariamente invernales, mismas que compartiremos en los siguientes d\u00edas.<\/p>\n<p>La conectividad entre la Ciudad de M\u00e9xico y Saskatoon no es complicada, aerol\u00edneas estadounidenses ofrecen vuelos con escalas dentro de su territorio y aerol\u00edneas canadienses del mismo modo, vuelan hasta aqu\u00ed con escalas en Vancouver o Toronto. As\u00ed aqu\u00ed transcurre la vida bajo cero, entre arte, gastronom\u00eda y gusto por la vida en medio del fr\u00edo.<\/p>\n<p><em><a href=\"mailto:lopez.sosa@mexico.com\" target=\"_blank\">lopez.sosa@mexico.com<\/a><\/em><br \/>\n<em><a href=\"http:\/\/twitter.com\/#%21\/joseantonio1977\" target=\"_blank\">@joseantonio1977<br \/>\n<\/a><a href=\"http:\/\/www.formulaconfidencial.com.mx\/\" target=\"_blank\">www.formulaconfidencial.com.mx<\/a><\/em><\/p>\n","protected":false},"excerpt":{"rendered":"<p><span style=\"color: #005497;\"><strong>Jos\u00e9 Antonio L\u00f3pez Sosa<\/strong><\/span><\/p>\n","protected":false},"author":3,"featured_media":0,"comment_status":"open","ping_status":"open","sticky":false,"template":"","format":"standard","meta":{"_monsterinsights_skip_tracking":false,"_monsterinsights_sitenote_active":false,"_monsterinsights_sitenote_note":"","_monsterinsights_sitenote_category":0,"footnotes":""},"categories":[637],"tags":[431,638,43690,2864,818,19827],"class_list":["post-160763","post","type-post","status-publish","format-standard","hentry","category-jose-antonio-lopez-sosa","tag-canada","tag-detras-del-poder","tag-jose-antonio-lopez-sosa","tag-los-cabos","tag-puerto-vallarta","tag-saskatoon"],"_links":{"self":[{"href":"https:\/\/www.diarioimagen.net\/index.php?rest_route=\/wp\/v2\/posts\/160763","targetHints":{"allow":["GET"]}}],"collection":[{"href":"https:\/\/www.diarioimagen.net\/index.php?rest_route=\/wp\/v2\/posts"}],"about":[{"href":"https:\/\/www.diarioimagen.net\/index.php?rest_route=\/wp\/v2\/types\/post"}],"author":[{"embeddable":true,"href":"https:\/\/www.diarioimagen.net\/index.php?rest_route=\/wp\/v2\/users\/3"}],"replies":[{"embeddable":true,"href":"https:\/\/www.diarioimagen.net\/index.php?rest_route=%2Fwp%2Fv2%2Fcomments&post=160763"}],"version-history":[{"count":0,"href":"https:\/\/www.diarioimagen.net\/index.php?rest_route=\/wp\/v2\/posts\/160763\/revisions"}],"wp:attachment":[{"href":"https:\/\/www.diarioimagen.net\/index.php?rest_route=%2Fwp%2Fv2%2Fmedia&parent=160763"}],"wp:term":[{"taxonomy":"category","embeddable":true,"href":"https:\/\/www.diarioimagen.net\/index.php?rest_route=%2Fwp%2Fv2%2Fcategories&post=160763"},{"taxonomy":"post_tag","embeddable":true,"href":"https:\/\/www.diarioimagen.net\/index.php?rest_route=%2Fwp%2Fv2%2Ftags&post=160763"}],"curies":[{"name":"wp","href":"https:\/\/api.w.org\/{rel}","templated":true}]}}