{"id":160772,"date":"2014-01-27T00:01:23","date_gmt":"2014-01-27T06:01:23","guid":{"rendered":"http:\/\/www.diarioimagen.net\/?p=160772"},"modified":"2014-01-28T02:07:42","modified_gmt":"2014-01-28T08:07:42","slug":"el-2015-2","status":"publish","type":"post","link":"https:\/\/www.diarioimagen.net\/?p=160772","title":{"rendered":"El 2015"},"content":{"rendered":"<h2>Pol\u00edtica Spot<\/h2>\n<h5>Juan Manuel Maga\u00f1a<\/h5>\n<p><span><br \/>\nNo cabe la menor duda de que en 2015 el conflicto pol\u00edtico va a ser intenso. Hay motivos para ello, hay enojo social y para ese entonces estar\u00e1n listas nuevas organizaciones a trav\u00e9s de las cuales podr\u00e1 expresarse el \u00e1nimo ciudadano.<\/span><\/p>\n<p>Motivos sobran, est\u00e1n los impuestos, la carest\u00eda, el petr\u00f3leo y la inseguridad. En Argentina, por ejemplo, el ministro de Econom\u00eda, Axel Kicillof, asegur\u00f3 que su pa\u00eds estuvo el jueves bajo un ataque especulativo muy fuerte y acus\u00f3 al titular de la petrolera angloholandesa Shell, Juan Jos\u00e9 Aranguren, de llevar a cabo la maniobra para elevar el precio del d\u00f3lar y desestabilizar al gobierno.<\/p>\n<p>Eso nos da idea del tama\u00f1o del problema de privatizar.<\/p>\n<p>Tambi\u00e9n nos recuerda que esa lucha ha sido diferida e importa un enorme capital pol\u00edtico que por supuesto se expresar\u00e1 en contra del PRI y el PAN, y dudo que pueda captarlo el PRD y \u201cLos Chuchos\u201d, exhibidos como est\u00e1n de transar con todo.<\/p>\n<p>Si de durezas hablamos, ah\u00ed est\u00e1 la CNTE que ayer anunci\u00f3 que este 31 de enero no marchara con el PRD porque \u201cser\u00eda una verg\u00fcenza hacerlo con quienes le abrieron las puertas a las reformas estructurales\u201d.<\/p>\n<p>Cosas est\u00e1n pasando. Ah\u00ed est\u00e1 Andr\u00e9s Manuel L\u00f3pez Obrador que, al dar por hecho que el Movimiento de Regeneraci\u00f3n Nacional (Morena) recibir\u00e1 el registro como partido pol\u00edtico, subray\u00f3 que el objetivo de la organizaci\u00f3n ser\u00e1 \u201cderogar, cancelar todas la reformas\u201d de Enrique Pe\u00f1a Nieto. Advirti\u00f3: \u201cVamos a abolir las reformas laboral, educativa, fiscal y energ\u00e9tica. Vamos a recuperar lo que es de la naci\u00f3n y del pueblo de M\u00e9xico\u201d.<\/p>\n<p>Adem\u00e1s, L\u00f3pez Obrador ve \u201ccondiciones inmejorables\u201d para el desarrollo de su organizaci\u00f3n, tanto que anticip\u00f3 que en 2015 va por las nueve candidaturas a gobernador en disputa, adem\u00e1s de los espacios en el Congreso y alcald\u00edas.<\/p>\n<p>Pero hay m\u00e1s. Ha surgido una convocatoria que se llama Congreso Popular firmada por personalidades de lo m\u00e1s diverso, entre ellas: Dami\u00e1n Alc\u00e1zar, Julio Boltvinik, Virgilio Caballero, Daniel Gim\u00e9nez Cacho, Sanjuana Mart\u00ednez, Elena Poniatowska, Julio Scherer Ibarra, Javier Sicilia, Alejandro Solalinde y paco Ignacio Taibo II, junto con decenas de tradicionales activistas.<\/p>\n<p>Su convocatoria al pueblo de M\u00e9xico es precisamente para instalar un Congreso Popular. Y algo que llama la atenci\u00f3n es su an\u00e1lisis de la situaci\u00f3n y el tono en el que lo expresan. Dicen: La clase pol\u00edtica ha traicionado al pueblo. Se violan cotidianamente los derechos enarbolados por la Constituci\u00f3n de 1917. La mal llamada \u201ctransici\u00f3n democr\u00e1tica\u201d\u00a0 no cumpli\u00f3 con el mandato ciudadano para acabar con la corrupci\u00f3n, la violencia, la pobreza, la mentira y el abuso de poder de oligarcas ap\u00e1tridas y avariciosos.<\/p>\n<p>Los representantes populares no representan al pueblo de M\u00e9xico. Las instituciones no aseguran el respeto a la ley. Los gobiernos no miran por el bien com\u00fan y se encuentran coludidos con los m\u00e1s abyectos intereses. Los medios de comunicaci\u00f3n hegem\u00f3nicos ocultan, desinforman e incomunican a los ciudadanos.<\/p>\n<p>Los procesos electorales ya no son confiables. Las continuas defraudaciones a la voluntad general expresada en las urnas desde 1988, y con especial claridad en 2006, as\u00ed como la avalancha de reformas antipopulares en materia energ\u00e9tica, educativa, pol\u00edtica, financiera, fiscal y laboral evidencian la esterilidad de las instituciones realmente existentes.<\/p>\n<p>El pueblo no cree ya m\u00e1s en partidos, medios de comunicaci\u00f3n, instituciones fallidas, ni en los mismos pol\u00edticos de siempre. En 2013 el ciclo hist\u00f3rico de subdesarrollo neoliberal toc\u00f3 fondo.<\/p>\n<p>En 2014 inauguraremos una nueva etapa de lucha popular, por la democracia verdadera y la justicia social. Es hora de que la sociedad ejerza su poder de manera directa por medio de acciones coordinadas, pac\u00edficas y contundentes amparadas en el art\u00edculo 39 constitucional.<\/p>\n<p>En suma se pretende que ese Congreso Popular se instale el pr\u00f3ximo 5 de febrero y se encargue, entre otros asuntos, de la lectura, debate y votaci\u00f3n de la iniciativa, elaborada por la comisi\u00f3n de organizaci\u00f3n, que revoca las reformas a los art\u00edculos 25, 27 y 28 de la Constituci\u00f3n en materia energ\u00e9tica promulgadas el 20 de diciembre de 2013.<\/p>\n<p><em><a href=\"mailto:%20maganapalace@yahoo.com.mx\" target=\"_blank\">maganapalace@yahoo.com.mx<\/a><\/em><\/p>\n","protected":false},"excerpt":{"rendered":"<p><span style=\"color: #005497;\"><strong>Juan Manuel Maga\u00f1a<\/strong><\/span><\/p>\n","protected":false},"author":3,"featured_media":0,"comment_status":"open","ping_status":"open","sticky":false,"template":"","format":"standard","meta":{"_monsterinsights_skip_tracking":false,"_monsterinsights_sitenote_active":false,"_monsterinsights_sitenote_note":"","_monsterinsights_sitenote_category":0,"footnotes":""},"categories":[22905],"tags":[43709,44,43674,91,22904,362],"class_list":["post-160772","post","type-post","status-publish","format-standard","hentry","category-juan-manuel-magana","tag-juan-manuel-magana","tag-mexico","tag-opinion","tag-pan","tag-politica-spot","tag-pri"],"_links":{"self":[{"href":"https:\/\/www.diarioimagen.net\/index.php?rest_route=\/wp\/v2\/posts\/160772","targetHints":{"allow":["GET"]}}],"collection":[{"href":"https:\/\/www.diarioimagen.net\/index.php?rest_route=\/wp\/v2\/posts"}],"about":[{"href":"https:\/\/www.diarioimagen.net\/index.php?rest_route=\/wp\/v2\/types\/post"}],"author":[{"embeddable":true,"href":"https:\/\/www.diarioimagen.net\/index.php?rest_route=\/wp\/v2\/users\/3"}],"replies":[{"embeddable":true,"href":"https:\/\/www.diarioimagen.net\/index.php?rest_route=%2Fwp%2Fv2%2Fcomments&post=160772"}],"version-history":[{"count":0,"href":"https:\/\/www.diarioimagen.net\/index.php?rest_route=\/wp\/v2\/posts\/160772\/revisions"}],"wp:attachment":[{"href":"https:\/\/www.diarioimagen.net\/index.php?rest_route=%2Fwp%2Fv2%2Fmedia&parent=160772"}],"wp:term":[{"taxonomy":"category","embeddable":true,"href":"https:\/\/www.diarioimagen.net\/index.php?rest_route=%2Fwp%2Fv2%2Fcategories&post=160772"},{"taxonomy":"post_tag","embeddable":true,"href":"https:\/\/www.diarioimagen.net\/index.php?rest_route=%2Fwp%2Fv2%2Ftags&post=160772"}],"curies":[{"name":"wp","href":"https:\/\/api.w.org\/{rel}","templated":true}]}}