{"id":160883,"date":"2014-01-28T00:04:25","date_gmt":"2014-01-28T06:04:25","guid":{"rendered":"http:\/\/www.diarioimagen.net\/?p=160883"},"modified":"2014-01-29T03:31:57","modified_gmt":"2014-01-29T09:31:57","slug":"arriba-cuerpo-de-jose-emilio-pacheco-al-colegio-nacional","status":"publish","type":"post","link":"https:\/\/www.diarioimagen.net\/?p=160883","title":{"rendered":"Tumulto despide a Jos\u00e9 Emilio Pacheco en El Colegio Nacional"},"content":{"rendered":"<ul>\n<li><em><strong>Sus restos fueron cremados ayer y sus cenizas ser\u00e1n esparcidas en Veracruz<\/strong><\/em><\/li>\n<\/ul>\n<div id=\"attachment_160998\" style=\"width: 250px\" class=\"wp-caption alignleft\"><a href=\"http:\/\/www.diarioimagen.net\/wp-content\/uploads\/2014\/01\/pacheco-2280.jpg\"><img loading=\"lazy\" decoding=\"async\" aria-describedby=\"caption-attachment-160998\" class=\"size-medium wp-image-160998 \" alt=\"La comunidad cultural, encabezada por el secretario de Educaci\u00f3n, Emilio Chuayffet, despidi\u00f3 los restos de Jos\u00e9 Emilio Pacheco.\" src=\"http:\/\/www.diarioimagen.net\/wp-content\/uploads\/2014\/01\/pacheco-2280-240x135.jpg\" width=\"240\" height=\"135\" srcset=\"https:\/\/www.diarioimagen.net\/wp-content\/uploads\/2014\/01\/pacheco-2280-240x135.jpg 240w, https:\/\/www.diarioimagen.net\/wp-content\/uploads\/2014\/01\/pacheco-2280-420x236.jpg 420w, https:\/\/www.diarioimagen.net\/wp-content\/uploads\/2014\/01\/pacheco-2280-235x132.jpg 235w, https:\/\/www.diarioimagen.net\/wp-content\/uploads\/2014\/01\/pacheco-2280-202x114.jpg 202w, https:\/\/www.diarioimagen.net\/wp-content\/uploads\/2014\/01\/pacheco-2280-350x196.jpg 350w, https:\/\/www.diarioimagen.net\/wp-content\/uploads\/2014\/01\/pacheco-2280-220x123.jpg 220w, https:\/\/www.diarioimagen.net\/wp-content\/uploads\/2014\/01\/pacheco-2280-237x132.jpg 237w, https:\/\/www.diarioimagen.net\/wp-content\/uploads\/2014\/01\/pacheco-2280.jpg 480w\" sizes=\"auto, (max-width: 240px) 100vw, 240px\" \/><\/a><p id=\"caption-attachment-160998\" class=\"wp-caption-text\">La comunidad cultural despidi\u00f3 los restos de Jos\u00e9 Emilio Pacheco.<\/p><\/div>\n<p>Los restos del poeta Jos\u00e9 Emilio Pacheco fueron cremados la tarde de ayer y sus cenizas ser\u00e1n esparcidas en Veracruz, inform\u00f3 su viuda, Cristina Pacheco. La periodista dijo que el homenaje en el Palacio de Bellas Artes ser\u00e1 en d\u00edas posteriores.<\/p>\n<p>Antes, el cuerpo del escritor fue velado en la sede de El Colegio Nacional, en el Centro Hist\u00f3rico, \u2018\u2018un edificio que le gustaba mucho y al cual acud\u00eda siempre con gusto\u201d, coment\u00f3 Cristina Pacheco ante un tumulto de periodistas que acudieron a la despedida del poeta y traductor.<\/p>\n<p>En la ceremonia de velaci\u00f3n, el discurso de despedida a Jos\u00e9 Emilio Pacheco estuvo a cargo de Enrique Krauze. Asimismo, la primera guardia de honor fue encabezada por su viuda y la hija del escritor, Laura Emilia; el secretario de Educaci\u00f3n P\u00fablica, Emilio Chuayffet, en representaci\u00f3n del presidente Enrique Pe\u00f1a Nieto; y el presidente de Conaculta, Rafael Tovar y de Teresa.<\/p>\n<p>Amigos y colegas se dieron cita en el recinto ubicado en Donceles 104, el cual result\u00f3 insuficiente para recibir a los que llegan a ofrecer sus condolencias a la familia del ensayista y Premio Cervantes de Literatura.<\/p>\n<p>Entre los asistentes destacaron Elena Poniatowska, Antonio Tenorio Mu\u00f1oz Cota, director de Radio Educaci\u00f3n, H\u00e9ctor Orestes Aguilar, Jorge Volpi, Jacobo Zabludovski y Fernando Gonz\u00e1lez Gort\u00e1zar, as\u00ed como algunos ex rectores de la UNAM, como Guillermo Sober\u00f3n y Jos\u00e9 Sarukh\u00e1n; adem\u00e1s de funcionarios culturales.<\/p>\n<p>Cristina Pacheco ofreci\u00f3 una conferencia en la que habl\u00f3 sobre la ca\u00edda que sufri\u00f3 Jos\u00e9 Emilio Pacheco y su negativa de acudir al m\u00e9dico, a pesar de haberse golpeado la cabeza. La periodista explic\u00f3 que la situaci\u00f3n comenz\u00f3 a agravarse cuando los dolores de cabeza comenzaron a ser m\u00e1s frecuentes; pero la aparici\u00f3n de manchas en las manos del escritor lo oblig\u00f3 a acudir al m\u00e9dico. Por ello, la tarde del s\u00e1bado permaneci\u00f3 hospitalizado en el Instituto Nacional de Nutrici\u00f3n Salvador Zubir\u00e1n, lugar donde falleci\u00f3 el pasado domingo alrededor de las 19:00 horas a consecuencia de paro cardiorrespiratorio.<\/p>\n<p>&nbsp;<\/p>\n","protected":false},"excerpt":{"rendered":"<p>Los restos del poeta Jos\u00e9 Emilio Pacheco fueron cremados la tarde de ayer y sus cenizas ser\u00e1n esparcidas en Veracruz, inform\u00f3 su viuda, Cristina Pacheco. La periodista dijo que el homenaje en el Palacio de Bellas Artes ser\u00e1 en d\u00edas posteriores. Antes, el cuerpo del escritor fue velado en la sede de El Colegio Nacional, en el Centro Hist\u00f3rico, \u2018\u2018un edificio que le gustaba mucho y al cual acud\u00eda siempre con gusto\u201d, coment\u00f3 Cristina Pacheco ante un tumulto de periodistas que acudieron a la despedida del poeta y traductor.<\/p>\n","protected":false},"author":5,"featured_media":160998,"comment_status":"open","ping_status":"open","sticky":false,"template":"","format":"standard","meta":{"_monsterinsights_skip_tracking":false,"_monsterinsights_sitenote_active":false,"_monsterinsights_sitenote_note":"","_monsterinsights_sitenote_category":0,"footnotes":""},"categories":[17,156],"tags":[239,3041,43685,22932,30041,8804,52],"class_list":["post-160883","post","type-post","status-publish","format-standard","has-post-thumbnail","hentry","category-especiales","category-cultura","tag-centro-historico","tag-cristina-pacheco","tag-cultura","tag-homenaje","tag-jose-emilio-pacheco","tag-palacio-de-bellas-artes","tag-veracruz"],"_links":{"self":[{"href":"https:\/\/www.diarioimagen.net\/index.php?rest_route=\/wp\/v2\/posts\/160883","targetHints":{"allow":["GET"]}}],"collection":[{"href":"https:\/\/www.diarioimagen.net\/index.php?rest_route=\/wp\/v2\/posts"}],"about":[{"href":"https:\/\/www.diarioimagen.net\/index.php?rest_route=\/wp\/v2\/types\/post"}],"author":[{"embeddable":true,"href":"https:\/\/www.diarioimagen.net\/index.php?rest_route=\/wp\/v2\/users\/5"}],"replies":[{"embeddable":true,"href":"https:\/\/www.diarioimagen.net\/index.php?rest_route=%2Fwp%2Fv2%2Fcomments&post=160883"}],"version-history":[{"count":0,"href":"https:\/\/www.diarioimagen.net\/index.php?rest_route=\/wp\/v2\/posts\/160883\/revisions"}],"wp:featuredmedia":[{"embeddable":true,"href":"https:\/\/www.diarioimagen.net\/index.php?rest_route=\/wp\/v2\/media\/160998"}],"wp:attachment":[{"href":"https:\/\/www.diarioimagen.net\/index.php?rest_route=%2Fwp%2Fv2%2Fmedia&parent=160883"}],"wp:term":[{"taxonomy":"category","embeddable":true,"href":"https:\/\/www.diarioimagen.net\/index.php?rest_route=%2Fwp%2Fv2%2Fcategories&post=160883"},{"taxonomy":"post_tag","embeddable":true,"href":"https:\/\/www.diarioimagen.net\/index.php?rest_route=%2Fwp%2Fv2%2Ftags&post=160883"}],"curies":[{"name":"wp","href":"https:\/\/api.w.org\/{rel}","templated":true}]}}