{"id":160895,"date":"2014-01-28T00:07:33","date_gmt":"2014-01-28T06:07:33","guid":{"rendered":"http:\/\/www.diarioimagen.net\/?p=160895"},"modified":"2014-01-29T03:32:16","modified_gmt":"2014-01-29T09:32:16","slug":"cae-el-tio-uno-de-los-5-principales-templarios","status":"publish","type":"post","link":"https:\/\/www.diarioimagen.net\/?p=160895","title":{"rendered":"Cae <i>El T\u00edo<\/i>, uno de los 5 principales <i>Templarios<\/i>"},"content":{"rendered":"<ul>\n<li><em><strong>Autodefensas firman acuerdo con el gobierno para incorporarse a los cuerpos policiacos<\/strong><\/em><\/li>\n<\/ul>\n<h6>Jos\u00e9 Luis Monta\u00f1ez<\/h6>\n<div id=\"attachment_160896\" style=\"width: 250px\" class=\"wp-caption alignleft\"><img loading=\"lazy\" decoding=\"async\" aria-describedby=\"caption-attachment-160896\" class=\"size-medium wp-image-160896 \" alt=\"M\u00e1s tarde, el gobierno firm\u00f3 \u201cel acuerdo hist\u00f3rico\u201d para que las autodefensas puedan incorporarse a combatir al crimen organizado \u201cen el marco de la ley\u201d, siendo parte de las fuerzas federales o municipales. \" src=\"http:\/\/www.diarioimagen.net\/wp-content\/uploads\/2014\/01\/tio-portal-240x135.jpg\" width=\"240\" height=\"135\" srcset=\"https:\/\/www.diarioimagen.net\/wp-content\/uploads\/2014\/01\/tio-portal-240x135.jpg 240w, https:\/\/www.diarioimagen.net\/wp-content\/uploads\/2014\/01\/tio-portal-420x236.jpg 420w, https:\/\/www.diarioimagen.net\/wp-content\/uploads\/2014\/01\/tio-portal-235x132.jpg 235w, https:\/\/www.diarioimagen.net\/wp-content\/uploads\/2014\/01\/tio-portal-202x114.jpg 202w, https:\/\/www.diarioimagen.net\/wp-content\/uploads\/2014\/01\/tio-portal-350x196.jpg 350w, https:\/\/www.diarioimagen.net\/wp-content\/uploads\/2014\/01\/tio-portal-220x123.jpg 220w, https:\/\/www.diarioimagen.net\/wp-content\/uploads\/2014\/01\/tio-portal-237x132.jpg 237w, https:\/\/www.diarioimagen.net\/wp-content\/uploads\/2014\/01\/tio-portal.jpg 480w\" sizes=\"auto, (max-width: 240px) 100vw, 240px\" \/><p id=\"caption-attachment-160896\" class=\"wp-caption-text\">Dionicio Loya Plancarte, uno de los 5 criminales m\u00e1s importantes de Michoac\u00e1n.<\/p><\/div>\n<p>El secretario de Gobernaci\u00f3n, Miguel \u00c1ngel Osorio Chong, dio a conocer que la madrugada de ayer fue detenido Dionicio Loya Plancarte, alias <i>El T\u00edo<\/i>, uno de los cinco criminales m\u00e1s importantes en el estado de Michoac\u00e1n, apodado as\u00ed por su parentesco con Enrique <i>Kike<\/i> Plancarte Sol\u00eds, otro jefe de la organizaci\u00f3n criminal.<\/p>\n<p>El funcionario dijo que \u201cuno de los cinco objetivos m\u00e1s importantes\u201d de dicho grupo criminal \u201cha sido detenido por un trabajo de inteligencia, por una labor de las corporaciones federales que demuestran que s\u00ed se puede trabajar de esta manera y dar resultados\u201d, ante diputados pri\u00edstas.<\/p>\n<p>Por <i>El T\u00edo,<\/i> la PGR ofrec\u00eda 30 millones de pesos. Al confirmar la detenci\u00f3n, en la que no se hizo un solo disparo, el gobierno inform\u00f3 que Loya Plancarte operaba en la regi\u00f3n de Nueva Italia, en Tierra Caliente, Michoac\u00e1n. Desde la noche anterior, patrullas de militares rastrearon por varias colonias de Morelia un convoy de veh\u00edculos con hombres armados a bordo y fue hasta cerca de las 5:00 de la madrugada de ayer cuando detectaron una casa de seguridad en la colonia Margarita Maza de Ju\u00e1rez, al sur de Morelia, donde estaba el perseguido escondido en un cl\u00f3set.<\/p>\n<p>M\u00e1s tarde, el gobierno firm\u00f3 \u201cel acuerdo hist\u00f3rico\u201d para que las autodefensas puedan incorporarse a combatir al crimen organizado \u201cen el marco de la ley\u201d, siendo parte de las fuerzas federales o municipales. En \u00e9l participaron el comisionado Alfredo Castillo, el gobernador Fausto Vallejo, las representaciones de todas las instituciones federales en el estado de Michoac\u00e1n y algunos representantes de los llamados grupos de autodefensa.<b><\/b><\/p>\n","protected":false},"excerpt":{"rendered":"<p><span style=\"color: #005497;\"><strong>Jos\u00e9 Luis Monta\u00f1ez<\/strong><\/span><br \/>\n<br \/>\nEl secretario de Gobernaci\u00f3n, Miguel \u00c1ngel Osorio Chong, dio a conocer que la madrugada de ayer fue detenido Dionicio Loya Plancarte, alias <i>El T\u00edo<\/i>, uno de los cinco criminales m\u00e1s importantes en el estado de Michoac\u00e1n, apodado as\u00ed por su parentesco con Enrique <i>Kike<\/i> Plancarte Sol\u00eds, otro jefe de la organizaci\u00f3n criminal.<\/p>\n","protected":false},"author":5,"featured_media":160896,"comment_status":"open","ping_status":"open","sticky":false,"template":"","format":"standard","meta":{"_monsterinsights_skip_tracking":false,"_monsterinsights_sitenote_active":false,"_monsterinsights_sitenote_note":"","_monsterinsights_sitenote_category":0,"footnotes":""},"categories":[17,7],"tags":[43704,19111,3676,43673,43677],"class_list":["post-160895","post","type-post","status-publish","format-standard","has-post-thumbnail","hentry","category-especiales","category-seguridad","tag-jose-luis-montanez-aguilar","tag-los-caballeros-templarios","tag-miguel-angel-osorio-chong","tag-nacional","tag-seguridad"],"_links":{"self":[{"href":"https:\/\/www.diarioimagen.net\/index.php?rest_route=\/wp\/v2\/posts\/160895","targetHints":{"allow":["GET"]}}],"collection":[{"href":"https:\/\/www.diarioimagen.net\/index.php?rest_route=\/wp\/v2\/posts"}],"about":[{"href":"https:\/\/www.diarioimagen.net\/index.php?rest_route=\/wp\/v2\/types\/post"}],"author":[{"embeddable":true,"href":"https:\/\/www.diarioimagen.net\/index.php?rest_route=\/wp\/v2\/users\/5"}],"replies":[{"embeddable":true,"href":"https:\/\/www.diarioimagen.net\/index.php?rest_route=%2Fwp%2Fv2%2Fcomments&post=160895"}],"version-history":[{"count":0,"href":"https:\/\/www.diarioimagen.net\/index.php?rest_route=\/wp\/v2\/posts\/160895\/revisions"}],"wp:featuredmedia":[{"embeddable":true,"href":"https:\/\/www.diarioimagen.net\/index.php?rest_route=\/wp\/v2\/media\/160896"}],"wp:attachment":[{"href":"https:\/\/www.diarioimagen.net\/index.php?rest_route=%2Fwp%2Fv2%2Fmedia&parent=160895"}],"wp:term":[{"taxonomy":"category","embeddable":true,"href":"https:\/\/www.diarioimagen.net\/index.php?rest_route=%2Fwp%2Fv2%2Fcategories&post=160895"},{"taxonomy":"post_tag","embeddable":true,"href":"https:\/\/www.diarioimagen.net\/index.php?rest_route=%2Fwp%2Fv2%2Ftags&post=160895"}],"curies":[{"name":"wp","href":"https:\/\/api.w.org\/{rel}","templated":true}]}}