{"id":160950,"date":"2014-01-28T00:05:10","date_gmt":"2014-01-28T06:05:10","guid":{"rendered":"http:\/\/www.diarioimagen.net\/?p=160950"},"modified":"2014-01-28T03:29:23","modified_gmt":"2014-01-28T09:29:23","slug":"relacion-infructuosa","status":"publish","type":"post","link":"https:\/\/www.diarioimagen.net\/?p=160950","title":{"rendered":"Relaci\u00f3n infructuosa"},"content":{"rendered":"<h2>De frente y de perfil<\/h2>\n<h5>Ram\u00f3n Zurita Sahag\u00fan<\/h5>\n<p><span><br \/>\nTermin\u00f3 la relaci\u00f3n laboral entre el gobierno mexicano y el general \u00d3scar Naranjo, sin que los resultados fuesen satisfactorios o, cuando menos, visibles. Considerado como uno de los art\u00edfices del combate del gobierno colombiano a los c\u00e1rteles de la droga en aquella naci\u00f3n, fue incorporado como asesor en la materia por el gobierno mexicano.<\/span><\/p>\n<p>Sin embargo, los resultados en esa lucha no arrojaron un saldo satisfactorio y la estrategia dise\u00f1ada muestra falla y errores. El principal es la sugerencia o recomendaci\u00f3n del general Naranjo para que el ineficiente Manuel Mondrag\u00f3n fuese designado Comisionado Nacional de Seguridad, cargo demasiado pesado para sus alcances.<\/p>\n<p>Mondrag\u00f3n, experto en artes marciales y m\u00e9dico de profesi\u00f3n surgi\u00f3 a la luz p\u00fablica como encargado de la seguridad de la Ciudad de M\u00e9xico, cuando Marcelo Ebrard le encarg\u00f3 esa tarea al asumir el cargo de Jefe de Gobierno del Distrito Federal.<\/p>\n<p>El hoy Comisionado hab\u00eda trabajado en la secretar\u00eda de Seguridad P\u00fablica capitalina al lado de Marcelo, aunque en labores m\u00e1s administrativas que operativas, labor que desempe\u00f1aba Raymundo Collins.<\/p>\n<p>La contingencia provocada por la tragedia del News Divine origin\u00f3 que Mondrag\u00f3n fuese sacado de la Secretar\u00eda de Salud y encomendado en tareas policiacas y de seguridad.<\/p>\n<p>Su gesti\u00f3n no fue nada relevante, aunque le permiti\u00f3 tejer los amarres necesarios para que al inicio de la nueva administraci\u00f3n le fuese encomendado el codiciado puesto de Comisionado.<\/p>\n<p>Los resultados de su tarea no son los esperados y el conflicto en Michoac\u00e1n y otras entidades del pa\u00eds muestran sus escasos resultados, aunque se sacude responsabilidades y se las endilga al Ej\u00e9rcito y la Armada.<\/p>\n<p>En el caso del general Naranjo, este se reintegra a su pa\u00eds, donde fungir\u00e1 como negociador de la paz, enfocado principalmente a las tareas de reelecci\u00f3n del actual Presidente Juan Manuel Santos. Fue la Secretar\u00eda de Gobernaci\u00f3n de M\u00e9xico la que anunci\u00f3 el t\u00e9rmino del compromiso con el general Naranjo estableciendo que las autoridades mexicanas agradecen y reconocen ampliamente la labor que desempe\u00f1\u00f3 el general Naranjo Trujillo, as\u00ed como su contribuci\u00f3n en materia del dise\u00f1o de estrategias de seguridad para nuestro pa\u00eds\u201d, precis\u00f3 en un comunicado la Secretar\u00eda de Gobernaci\u00f3n.<\/p>\n<p>La dependencia se\u00f1al\u00f3 que el general en retiro \u201cregresa a su pa\u00eds para colaborar en el proceso de paz de Colombia, adem\u00e1s de que se incorpora al equipo de campa\u00f1a de reelecci\u00f3n de Juan Manuel Santos\u201d en los comicios presidenciales de mayo.<\/p>\n<p>El propio Santos ya hab\u00eda avanzado el viernes en su cuenta de Twitter que hab\u00eda conversado con su hom\u00f3logo mexicano Enrique Pe\u00f1a Nieto, con quien coincidi\u00f3 en el Foro Econ\u00f3mico Mundial de Davos (Suiza), para que Naranjo se pudiera dedicar desde ahora en exclusiva al proceso de paz con la guerrilla de las FARC y a la campa\u00f1a en busca de su reelecci\u00f3n. Cabe recordar que fue en junio de 2012, cuando el entonces candidato presidencial Pe\u00f1a Nieto anunci\u00f3 que, de ganar las elecciones de julio, contar\u00eda con la asesor\u00eda de Naranjo para fortalecer las pol\u00edticas de seguridad en M\u00e9xico, despu\u00e9s de que la anterior presidencia de Felipe Calder\u00f3n (2006-2012) estuviera marcada por una ola de violencia atribuida al narcotr\u00e1fico que provoc\u00f3 decenas de miles de muertos.<\/p>\n<p>El general Naranjo fue director general de la polic\u00eda colombiana entre 2007 y 2012, por lo que ha sido reconocido por su papel en el desmantelamiento de los grandes c\u00e1rteles de la droga en los a\u00f1os 90 y principios de la pasada d\u00e9cada en su pa\u00eds.<\/p>\n<p>A su vez, Naranjo fue designado por Santos a finales de 2012 como miembro del equipo negociador del gobierno colombiano en las conversaciones de paz con la guerrilla de las Fuerzas Armadas Revolucionarias de Colombia (FARC, comunistas), que contin\u00faan en La Habana.<\/p>\n<p>Desde entonces, Naranjo compaginaba sus tareas de negociador con la asesor\u00eda en M\u00e9xico, que levant\u00f3 suspicacias en el izquierdista Partido de la Revoluci\u00f3n Democr\u00e1tica (PRD), que ha reclamado saber los costos y los resultados del trabajo del colombiano. Con su regreso a Colombia resulta f\u00e1cil evaluar cu\u00e1les son los resultados que deja la estrategia en M\u00e9xico dise\u00f1ada por el operador sudamericano.<\/p>\n<p style=\"text-align: center;\"><strong>TRABAJAR M\u00c1S<\/strong><\/p>\n<p>Los diputados locales del PRD en el Distrito Federal propusieron ampliar el segundo per\u00edodo de sesiones de la Asamblea Legislativa del Distrito Federal, para abatir el rezago legislativo.<\/p>\n<p>De la misma forma se propone endurecer las sanciones a los diputados faltistas a las reuniones de Comisi\u00f3n, Comit\u00e9s y a las discusiones del pleno. La iniciativa suscrita por los diputados locales Esthela Dami\u00e1n, Efra\u00edn Morales y Daniel Ord\u00f3\u00f1ez, plantea hacer m\u00e1s eficiente el trabajo legislativo, producir el mayor n\u00famero de resultados en el menor tiempo posible y maximizar los beneficios para la sociedad. Aclararon que para ampliar los periodos de sesiones es necesario presentar una iniciativa toda vez que conforme al Art\u00edculo 122, apartado A fracci\u00f3n II de la Constituci\u00f3n federal s\u00f3lo la C\u00e1mara de Diputados puede modificar el Estatuto de Gobierno. Adelantaron que la propuesta la llevar\u00e1 al Congreso el diputado federal Carlos Augusto Morales.<\/p>\n<p align=\"center\"><b>MURI\u00d3 JOS\u00c9 EMILIO PACHECO<\/b><\/p>\n<p>Jos\u00e9 Emilio Pacheco fue considerado como uno de los intelectuales con mayor formaci\u00f3n literaria y recipiendario de los principales galardones que se otorgan en el mundo de las letras hispanas.<\/p>\n<p>Fue considerado como el escritor de la memoria cr\u00edtica y lo cotidiano y siempre se mostr\u00f3 como un personaje alejado de los reflectores. Public\u00f3 su primer libro de poemas \u201cLos elementos de la noche\u201d en 1963 y dej\u00f3 un obra amplia entre poes\u00eda, cuento y novela.<\/p>\n<p><em><a href=\"mailto:ramonzurita44@hotmail.com\" target=\"_blank\">ramonzurita44@hotmail.com<br \/>\n<\/a><a href=\"mailto:zurita_sahagun@hotmail.com\" target=\"_blank\">zurita_sahagun@hotmail.com<\/a><\/em><\/p>\n","protected":false},"excerpt":{"rendered":"<p><span style=\"color: #005497;\"><strong>Ram\u00f3n Zurita Sahag\u00fan<\/strong><\/span><\/p>\n","protected":false},"author":3,"featured_media":0,"comment_status":"open","ping_status":"open","sticky":false,"template":"","format":"standard","meta":{"_monsterinsights_skip_tracking":false,"_monsterinsights_sitenote_active":false,"_monsterinsights_sitenote_note":"","_monsterinsights_sitenote_category":0,"footnotes":""},"categories":[234],"tags":[304,14758,30041,43674,43687],"class_list":["post-160950","post","type-post","status-publish","format-standard","hentry","category-ramon-zurita-sahagun","tag-de-frente-y-de-perfil","tag-guadalupe-acosta-naranjo","tag-jose-emilio-pacheco","tag-opinion","tag-ramon-zurita-sahagun"],"_links":{"self":[{"href":"https:\/\/www.diarioimagen.net\/index.php?rest_route=\/wp\/v2\/posts\/160950","targetHints":{"allow":["GET"]}}],"collection":[{"href":"https:\/\/www.diarioimagen.net\/index.php?rest_route=\/wp\/v2\/posts"}],"about":[{"href":"https:\/\/www.diarioimagen.net\/index.php?rest_route=\/wp\/v2\/types\/post"}],"author":[{"embeddable":true,"href":"https:\/\/www.diarioimagen.net\/index.php?rest_route=\/wp\/v2\/users\/3"}],"replies":[{"embeddable":true,"href":"https:\/\/www.diarioimagen.net\/index.php?rest_route=%2Fwp%2Fv2%2Fcomments&post=160950"}],"version-history":[{"count":0,"href":"https:\/\/www.diarioimagen.net\/index.php?rest_route=\/wp\/v2\/posts\/160950\/revisions"}],"wp:attachment":[{"href":"https:\/\/www.diarioimagen.net\/index.php?rest_route=%2Fwp%2Fv2%2Fmedia&parent=160950"}],"wp:term":[{"taxonomy":"category","embeddable":true,"href":"https:\/\/www.diarioimagen.net\/index.php?rest_route=%2Fwp%2Fv2%2Fcategories&post=160950"},{"taxonomy":"post_tag","embeddable":true,"href":"https:\/\/www.diarioimagen.net\/index.php?rest_route=%2Fwp%2Fv2%2Ftags&post=160950"}],"curies":[{"name":"wp","href":"https:\/\/api.w.org\/{rel}","templated":true}]}}