{"id":161048,"date":"2014-01-29T00:09:09","date_gmt":"2014-01-29T06:09:09","guid":{"rendered":"http:\/\/www.diarioimagen.net\/?p=161048"},"modified":"2014-01-29T03:34:12","modified_gmt":"2014-01-29T09:34:12","slug":"listas-11-leyes-secundarias-en-telecomunicaciones-sct","status":"publish","type":"post","link":"https:\/\/www.diarioimagen.net\/?p=161048","title":{"rendered":"Listas, 11 leyes secundarias en telecomunicaciones: SCT"},"content":{"rendered":"<ul>\n<li><em><strong>Puntos b\u00e1sicos: cobertura universal, precios accesibles y calidad de los servicios<\/strong><\/em><\/li>\n<\/ul>\n<div id=\"attachment_161049\" style=\"width: 250px\" class=\"wp-caption alignleft\"><img loading=\"lazy\" decoding=\"async\" aria-describedby=\"caption-attachment-161049\" class=\"size-medium wp-image-161049 \" alt=\"Ruiz Esparza dio a conocer porcentajes de los rezagos en el uso de la banda ancha fija y m\u00f3vil. El \u00edndice de penetraci\u00f3n de banda ancha fija es apenas de 11 usuarios por cada 100 habitantes y el de banda ancha m\u00f3vil es de tan s\u00f3lo 12, s\u00f3lo el 30 por ciento de los hogares est\u00e1n conectados a Internet y los usuarios de esta herramienta en M\u00e9xico representan apenas 43 por ciento de la poblaci\u00f3n total\u201d, manifest\u00f3.\" src=\"http:\/\/www.diarioimagen.net\/wp-content\/uploads\/2014\/01\/telecomunicaciones-portal-240x135.jpg\" width=\"240\" height=\"135\" srcset=\"https:\/\/www.diarioimagen.net\/wp-content\/uploads\/2014\/01\/telecomunicaciones-portal-240x135.jpg 240w, https:\/\/www.diarioimagen.net\/wp-content\/uploads\/2014\/01\/telecomunicaciones-portal-420x236.jpg 420w, https:\/\/www.diarioimagen.net\/wp-content\/uploads\/2014\/01\/telecomunicaciones-portal-235x132.jpg 235w, https:\/\/www.diarioimagen.net\/wp-content\/uploads\/2014\/01\/telecomunicaciones-portal-202x114.jpg 202w, https:\/\/www.diarioimagen.net\/wp-content\/uploads\/2014\/01\/telecomunicaciones-portal-350x196.jpg 350w, https:\/\/www.diarioimagen.net\/wp-content\/uploads\/2014\/01\/telecomunicaciones-portal-220x123.jpg 220w, https:\/\/www.diarioimagen.net\/wp-content\/uploads\/2014\/01\/telecomunicaciones-portal-237x132.jpg 237w, https:\/\/www.diarioimagen.net\/wp-content\/uploads\/2014\/01\/telecomunicaciones-portal.jpg 480w\" sizes=\"auto, (max-width: 240px) 100vw, 240px\" \/><p id=\"caption-attachment-161049\" class=\"wp-caption-text\">El secretario de Comunicaciones y Transportes se declar\u00f3 listo para que, a nombre del Ejecutivo, se presenten las iniciativas de leyes reglamentarias del paquete de telecomunicaciones.<\/p><\/div>\n<p>El secretario de Comunicaciones y Transportes, Gerardo Ruiz Esparza, confirm\u00f3 que el gobierno federal tiene listo el proyecto preliminar de legislaci\u00f3n secundaria en materia de telecomunicaciones, cuyos tres puntos b\u00e1sicos son la cobertura universal, los precios accesibles y la calidad de los servicios.<\/p>\n<p>Afirm\u00f3 que nuestro pa\u00eds\u00ad a\u00fan padece un fuerte rezago en materia de telecomunicaciones, no obstante que es un instrumento de progreso y explic\u00f3 a los diputados pri\u00edstas que la dependencia a su cargo trabaj\u00f3 con rapidez en un proyecto de iniciativa de ley secundaria y para ello se tuvo la participaci\u00f3n de diversas dependencias del gobierno federal e integrantes del sector de telecomunicaciones y organismos internacionales como la OCDE.<\/p>\n<p>Al participar en la segunda jornada de la reuni\u00f3n plenaria de los diputados federales del PRI y del Partido Verde, se\u00f1al\u00f3 que la propuesta de iniciativa reforma 11 leyes vigentes, divididas en 300 art\u00edculos y 17 t\u00edtulos, que regulan el mercado de las telecomunicaciones y a\u00f1adi\u00f3 que en estos momentos se encuentra un proceso de an\u00e1lisis y regularizaci\u00f3n que le permita garantizar de la mejor manera su incursi\u00f3n al proceso parlamentario.<\/p>\n<p>Sostuvo que el Presidente de la Rep\u00fablica, Enrique Pe\u00f1a Nieto, desde el primer d\u00eda de su gobierno manifest\u00f3 su inter\u00e9s de darle una prioridad al desarrollo de las telecomunicaciones, bajo tres principios que se materializaron en la reforma constitucional que fue aprobada en el pasado periodo ordinario de sesiones.<\/p>\n<p>El secretario asever\u00f3 que el desarrollo de las telecomunicaciones en nuestro pa\u00eds est\u00e1 sustentado bajo una estrategia estructurada con la participaci\u00f3n de las principales fuerzas pol\u00edticas que integraron el llamado Pacto por M\u00e9xico. Anticip\u00f3 que como resultado de la reforma en telecomunicaciones se prev\u00e9 establecer puntos de conectividad gratuita a internet en 250 mil sitios p\u00fablicos como escuelas y hospitales, en los cuales habr\u00e1 ya 65 mil al finalizar este a\u00f1o.<\/p>\n<p>La idea es, dijo, asegurar cobertura universal de servicios para que todos los mexicanos tengan acceso a las telecomunicaciones; dar buenos precios accesibles a todos los niveles socioecon\u00f3micos con base en est\u00e1ndares internacionales y en un \u00e1mbito de competencia; y otorgar calidad en los servicios y contenidos que provean los concesionarios.<\/p>\n","protected":false},"excerpt":{"rendered":"<p>El secretario de Comunicaciones y Transportes, Gerardo Ruiz Esparza, confirm\u00f3 que el gobierno federal tiene listo el proyecto preliminar de legislaci\u00f3n secundaria en materia de telecomunicaciones, cuyos tres puntos b\u00e1sicos son la cobertura universal, los precios accesibles y la calidad de los servicios.<\/p>\n","protected":false},"author":5,"featured_media":161049,"comment_status":"open","ping_status":"open","sticky":false,"template":"","format":"standard","meta":{"_monsterinsights_skip_tracking":false,"_monsterinsights_sitenote_active":false,"_monsterinsights_sitenote_note":"","_monsterinsights_sitenote_category":0,"footnotes":""},"categories":[3],"tags":[1578,43673,360,347],"class_list":["post-161048","post","type-post","status-publish","format-standard","has-post-thumbnail","hentry","category-nacional","tag-gerardo-ruiz-esparza","tag-nacional","tag-ocde","tag-sct"],"_links":{"self":[{"href":"https:\/\/www.diarioimagen.net\/index.php?rest_route=\/wp\/v2\/posts\/161048","targetHints":{"allow":["GET"]}}],"collection":[{"href":"https:\/\/www.diarioimagen.net\/index.php?rest_route=\/wp\/v2\/posts"}],"about":[{"href":"https:\/\/www.diarioimagen.net\/index.php?rest_route=\/wp\/v2\/types\/post"}],"author":[{"embeddable":true,"href":"https:\/\/www.diarioimagen.net\/index.php?rest_route=\/wp\/v2\/users\/5"}],"replies":[{"embeddable":true,"href":"https:\/\/www.diarioimagen.net\/index.php?rest_route=%2Fwp%2Fv2%2Fcomments&post=161048"}],"version-history":[{"count":0,"href":"https:\/\/www.diarioimagen.net\/index.php?rest_route=\/wp\/v2\/posts\/161048\/revisions"}],"wp:featuredmedia":[{"embeddable":true,"href":"https:\/\/www.diarioimagen.net\/index.php?rest_route=\/wp\/v2\/media\/161049"}],"wp:attachment":[{"href":"https:\/\/www.diarioimagen.net\/index.php?rest_route=%2Fwp%2Fv2%2Fmedia&parent=161048"}],"wp:term":[{"taxonomy":"category","embeddable":true,"href":"https:\/\/www.diarioimagen.net\/index.php?rest_route=%2Fwp%2Fv2%2Fcategories&post=161048"},{"taxonomy":"post_tag","embeddable":true,"href":"https:\/\/www.diarioimagen.net\/index.php?rest_route=%2Fwp%2Fv2%2Ftags&post=161048"}],"curies":[{"name":"wp","href":"https:\/\/api.w.org\/{rel}","templated":true}]}}