{"id":161051,"date":"2014-01-29T00:09:25","date_gmt":"2014-01-29T06:09:25","guid":{"rendered":"http:\/\/www.diarioimagen.net\/?p=161051"},"modified":"2014-01-29T02:48:39","modified_gmt":"2014-01-29T08:48:39","slug":"mancera-rechaza-una-escalada-de-violencia","status":"publish","type":"post","link":"https:\/\/www.diarioimagen.net\/?p=161051","title":{"rendered":"Mancera rechaza una escalada de violencia"},"content":{"rendered":"<ul>\n<li><em><strong>El jefe del GDF se\u00f1ala que se dialoga con las plazas comerciales para revisar los protocolos de seguridad<\/strong><\/em><\/li>\n<\/ul>\n<div id=\"attachment_161052\" style=\"width: 250px\" class=\"wp-caption alignleft\"><img loading=\"lazy\" decoding=\"async\" aria-describedby=\"caption-attachment-161052\" class=\"size-medium wp-image-161052 \" alt=\"Miguel \u00c1ngel Mancera particip\u00f3 ayer en la Reuni\u00f3n Plenaria de Senadores del Partido de la Revoluci\u00f3n Democr\u00e1tica.\" src=\"http:\/\/www.diarioimagen.net\/wp-content\/uploads\/2014\/01\/MANCERA-portal8-240x135.jpg\" width=\"240\" height=\"135\" srcset=\"https:\/\/www.diarioimagen.net\/wp-content\/uploads\/2014\/01\/MANCERA-portal8-240x135.jpg 240w, https:\/\/www.diarioimagen.net\/wp-content\/uploads\/2014\/01\/MANCERA-portal8-420x236.jpg 420w, https:\/\/www.diarioimagen.net\/wp-content\/uploads\/2014\/01\/MANCERA-portal8-235x132.jpg 235w, https:\/\/www.diarioimagen.net\/wp-content\/uploads\/2014\/01\/MANCERA-portal8-202x114.jpg 202w, https:\/\/www.diarioimagen.net\/wp-content\/uploads\/2014\/01\/MANCERA-portal8-350x196.jpg 350w, https:\/\/www.diarioimagen.net\/wp-content\/uploads\/2014\/01\/MANCERA-portal8-220x123.jpg 220w, https:\/\/www.diarioimagen.net\/wp-content\/uploads\/2014\/01\/MANCERA-portal8-237x132.jpg 237w, https:\/\/www.diarioimagen.net\/wp-content\/uploads\/2014\/01\/MANCERA-portal8.jpg 480w\" sizes=\"auto, (max-width: 240px) 100vw, 240px\" \/><p id=\"caption-attachment-161052\" class=\"wp-caption-text\">Miguel \u00c1ngel Mancera particip\u00f3 en la Reuni\u00f3n Plenaria de Senadores del Partido de la Revoluci\u00f3n Democr\u00e1tica.<\/p><\/div>\n<p>El jefe de gobierno del Distrito Federal, Miguel \u00c1ngel Mancera, rechaz\u00f3 que en la capital del pa\u00eds exista una escalada de violencia e inseguridad y adelant\u00f3 que se busca un di\u00e1logo y acuerdo con los centros comerciales para reforzar los sistemas de seguridad.<\/p>\n<p>Al ser cuestionado sobre los recientes asaltos a joyer\u00edas en centros comerciales y respecto del asesinato, la v\u00edspera, de un polic\u00eda bancario, dijo que este nuevo <i>modus operandi<\/i> de la delincuencia implica que se inicie un di\u00e1logo con estas plazas para revisar los protocolos.<\/p>\n<p>\u201cNosotros ofrecemos desde ya esta tarea, para que se haga de manera pronta, a los cuerpos de seguridad en algunas de ellas. Ya hubo una primer reuni\u00f3n de la Secretar\u00eda de Seguridad P\u00fablica, pero tiene que avanzar, igual que avanzamos con los bancos\u201d, donde lleg\u00f3 a ser una problem\u00e1tica muy intensa en la ciudad.<\/p>\n<p>Luego de asistir a la Reuni\u00f3n Plenaria de Senadores del Partido de la Revoluci\u00f3n Democr\u00e1tica (PRD) en un hotel de Reforma, indic\u00f3 que con los bancos se tienen protocolos, videovigilancia y por eso es que se pudieron resolver los \u00faltimos casos de asaltos.<\/p>\n<p>Asegur\u00f3 que de acuerdo con los reportes de la SSP y de la Procuradur\u00eda capitalina, \u201cyo dir\u00eda que no hay una escalada, por supuesto; aunque en la capital hay que atender los asuntos como se presentan. Hay siempre una situaci\u00f3n de alerta en los \u00f3rganos de seguridad de la ciudad\u201d.<\/p>\n<p>Dijo que del operativo Escudo Ciudad de M\u00e9xico, donde participan m\u00e1s de mil 200 elementos de la SSP y de la Procuradur\u00eda capitalina, ya existen resultados porque, derivado de la revisi\u00f3n de veh\u00edculos que estaban violando ostensiblemente el reglamento de tr\u00e1nsito, \u201chemos tenido ya personas que han sido detenidas con armas\u201d.<\/p>\n","protected":false},"excerpt":{"rendered":"<p>El jefe de gobierno del Distrito Federal, Miguel \u00c1ngel Mancera, rechaz\u00f3 que en la capital del pa\u00eds exista una escalada de violencia e inseguridad y adelant\u00f3 que se busca un di\u00e1logo y acuerdo con los centros comerciales para reforzar los sistemas de seguridad.<\/p>\n","protected":false},"author":5,"featured_media":161052,"comment_status":"open","ping_status":"open","sticky":false,"template":"","format":"standard","meta":{"_monsterinsights_skip_tracking":false,"_monsterinsights_sitenote_active":false,"_monsterinsights_sitenote_note":"","_monsterinsights_sitenote_category":0,"footnotes":""},"categories":[6],"tags":[211],"class_list":["post-161051","post","type-post","status-publish","format-standard","has-post-thumbnail","hentry","category-cd-de-mexico","tag-prd"],"_links":{"self":[{"href":"https:\/\/www.diarioimagen.net\/index.php?rest_route=\/wp\/v2\/posts\/161051","targetHints":{"allow":["GET"]}}],"collection":[{"href":"https:\/\/www.diarioimagen.net\/index.php?rest_route=\/wp\/v2\/posts"}],"about":[{"href":"https:\/\/www.diarioimagen.net\/index.php?rest_route=\/wp\/v2\/types\/post"}],"author":[{"embeddable":true,"href":"https:\/\/www.diarioimagen.net\/index.php?rest_route=\/wp\/v2\/users\/5"}],"replies":[{"embeddable":true,"href":"https:\/\/www.diarioimagen.net\/index.php?rest_route=%2Fwp%2Fv2%2Fcomments&post=161051"}],"version-history":[{"count":0,"href":"https:\/\/www.diarioimagen.net\/index.php?rest_route=\/wp\/v2\/posts\/161051\/revisions"}],"wp:featuredmedia":[{"embeddable":true,"href":"https:\/\/www.diarioimagen.net\/index.php?rest_route=\/wp\/v2\/media\/161052"}],"wp:attachment":[{"href":"https:\/\/www.diarioimagen.net\/index.php?rest_route=%2Fwp%2Fv2%2Fmedia&parent=161051"}],"wp:term":[{"taxonomy":"category","embeddable":true,"href":"https:\/\/www.diarioimagen.net\/index.php?rest_route=%2Fwp%2Fv2%2Fcategories&post=161051"},{"taxonomy":"post_tag","embeddable":true,"href":"https:\/\/www.diarioimagen.net\/index.php?rest_route=%2Fwp%2Fv2%2Ftags&post=161051"}],"curies":[{"name":"wp","href":"https:\/\/api.w.org\/{rel}","templated":true}]}}