{"id":161093,"date":"2014-01-29T00:13:56","date_gmt":"2014-01-29T06:13:56","guid":{"rendered":"http:\/\/www.diarioimagen.net\/?p=161093"},"modified":"2014-01-30T22:53:57","modified_gmt":"2014-01-31T04:53:57","slug":"pena-nieto-pone-cimientos-para-el-crecimiento-de-mexico-eav","status":"publish","type":"post","link":"https:\/\/www.diarioimagen.net\/?p=161093","title":{"rendered":"Pe\u00f1a Nieto pone cimientos para el crecimiento de M\u00e9xico: EAV"},"content":{"rendered":"<h2>Arco Norte<\/h2>\n<h5>Jos\u00e9 Luis Monta\u00f1ez Aguilar<\/h5>\n<div id=\"attachment_161164\" style=\"width: 250px\" class=\"wp-caption alignleft\"><a href=\"http:\/\/www.diarioimagen.net\/wp-content\/uploads\/2014\/01\/arco-2281.jpg\"><img loading=\"lazy\" decoding=\"async\" aria-describedby=\"caption-attachment-161164\" class=\"size-medium wp-image-161164\" alt=\"El gobernador del Estado de M\u00e9xico, Eruviel \u00c1vila Villegas.\" src=\"http:\/\/www.diarioimagen.net\/wp-content\/uploads\/2014\/01\/arco-2281-240x135.jpg\" width=\"240\" height=\"135\" srcset=\"https:\/\/www.diarioimagen.net\/wp-content\/uploads\/2014\/01\/arco-2281-240x135.jpg 240w, https:\/\/www.diarioimagen.net\/wp-content\/uploads\/2014\/01\/arco-2281-420x236.jpg 420w, https:\/\/www.diarioimagen.net\/wp-content\/uploads\/2014\/01\/arco-2281-235x132.jpg 235w, https:\/\/www.diarioimagen.net\/wp-content\/uploads\/2014\/01\/arco-2281-202x114.jpg 202w, https:\/\/www.diarioimagen.net\/wp-content\/uploads\/2014\/01\/arco-2281-350x196.jpg 350w, https:\/\/www.diarioimagen.net\/wp-content\/uploads\/2014\/01\/arco-2281-220x123.jpg 220w, https:\/\/www.diarioimagen.net\/wp-content\/uploads\/2014\/01\/arco-2281-237x132.jpg 237w, https:\/\/www.diarioimagen.net\/wp-content\/uploads\/2014\/01\/arco-2281.jpg 480w\" sizes=\"auto, (max-width: 240px) 100vw, 240px\" \/><\/a><p id=\"caption-attachment-161164\" class=\"wp-caption-text\">El gobernador del Estado de M\u00e9xico, Eruviel \u00c1vila Villegas.<\/p><\/div>\n<p><span>Las reformas estructurales impulsadas por el presidente Enrique Pe\u00f1a Nieto han sentado las bases para lograr la transformaci\u00f3n y crecimiento de M\u00e9xico, y el siguiente paso es que todos los sectores hagan la parte que les corresponde para poder concretarlas y sus resultados se reflejen en beneficio de todos los mexicanos, se\u00f1al\u00f3 ayer el gobernador del Estado de M\u00e9xico, Eruviel \u00c1vila Villegas al inaugurar un Centro Tecnol\u00f3gico Regional de una empresa austriaca especializada soluciones de embalaje.\u00a0\u201cLas reformas estructurales que se han impulsado en M\u00e9xico, que Enrique Pe\u00f1a ha impulsado en M\u00e9xico, gracias a los consensos, son una especie de cimientos, de pilares s\u00f3lidos para el crecimiento de M\u00e9xico, pero todav\u00eda falta por hacer, requerimos construir los muros, los techos, las losas, hacer los acabados de esa gran reforma. Yo estoy cierto, empresarios mexicanos, empresarios internacionales, empresarios de Austria, que si hacemos la parte que nos corresponde estas reformas estructurales habr\u00e1n de surtir efecto y habr\u00e1n de impactar para beneficio de los empresarios, de los habitantes y de toda la gente del pa\u00eds y, desde luego, del Estado de M\u00e9xico\u201d, expres\u00f3. Esto, al poner en marcha dicho centro de ALPLA, empresa que en su operaci\u00f3n implementa el sistema de educaci\u00f3n dual, mediante el cual los estudiantes son vinculados directamente al mercado laboral, esquema impulsado por el gobierno del Estado de M\u00e9xico, a trav\u00e9s del cual actualmente en la entidad participan 163 empresas, 50 planteles de educaci\u00f3n media superior y 24 de nivel superior, incorporando a m\u00e1s de mil 200 estudiantes, de los cuales 740 est\u00e1n becados por la administraci\u00f3n estatal a trav\u00e9s de diversas instituciones. Luego de develar la placa inaugural y realizar un recorrido por la planta, Eruviel \u00c1vila agreg\u00f3 que el modelo dual permite a los estudiantes mexiquenses formarse en las aulas y especializarse en las empresas, para que en el futuro sean profesionistas preparados, adem\u00e1s todas las partes involucradas se benefician.<\/span><\/p>\n<p><em><\/em><em><a href=\"mailto:montanezaguilar@gmail.com\" target=\"_blank\">montanezaguilar@gmail.com<\/a><\/em><\/p>\n","protected":false},"excerpt":{"rendered":"<p><span style=\"color: #005497;\"><strong>Jos\u00e9 Luis Monta\u00f1ez Aguilar<\/strong><\/span><br \/>\n<br \/>\nLas reformas estructurales impulsadas por el presidente Enrique Pe\u00f1a Nieto han sentado las bases para lograr la transformaci\u00f3n y crecimiento de M\u00e9xico, y el siguiente paso es que todos los sectores hagan la parte que les corresponde para poder concretarlas y sus resultados se reflejen en beneficio de todos los mexicanos, se\u00f1al\u00f3 ayer el gobernador del Estado de M\u00e9xico, Eruviel \u00c1vila Villegas al inaugurar un Centro Tecnol\u00f3gico Regional de una empresa austriaca especializada soluciones de embalaje.<\/p>\n","protected":false},"author":3,"featured_media":161164,"comment_status":"open","ping_status":"open","sticky":false,"template":"","format":"standard","meta":{"_monsterinsights_skip_tracking":false,"_monsterinsights_sitenote_active":false,"_monsterinsights_sitenote_note":"","_monsterinsights_sitenote_category":0,"footnotes":""},"categories":[11622],"tags":[13284,18,43704,43674],"class_list":["post-161093","post","type-post","status-publish","format-standard","has-post-thumbnail","hentry","category-jose-luis-montanez-aguilar","tag-arco-norte","tag-enrique-pena-nieto","tag-jose-luis-montanez-aguilar","tag-opinion"],"_links":{"self":[{"href":"https:\/\/www.diarioimagen.net\/index.php?rest_route=\/wp\/v2\/posts\/161093","targetHints":{"allow":["GET"]}}],"collection":[{"href":"https:\/\/www.diarioimagen.net\/index.php?rest_route=\/wp\/v2\/posts"}],"about":[{"href":"https:\/\/www.diarioimagen.net\/index.php?rest_route=\/wp\/v2\/types\/post"}],"author":[{"embeddable":true,"href":"https:\/\/www.diarioimagen.net\/index.php?rest_route=\/wp\/v2\/users\/3"}],"replies":[{"embeddable":true,"href":"https:\/\/www.diarioimagen.net\/index.php?rest_route=%2Fwp%2Fv2%2Fcomments&post=161093"}],"version-history":[{"count":0,"href":"https:\/\/www.diarioimagen.net\/index.php?rest_route=\/wp\/v2\/posts\/161093\/revisions"}],"wp:featuredmedia":[{"embeddable":true,"href":"https:\/\/www.diarioimagen.net\/index.php?rest_route=\/wp\/v2\/media\/161164"}],"wp:attachment":[{"href":"https:\/\/www.diarioimagen.net\/index.php?rest_route=%2Fwp%2Fv2%2Fmedia&parent=161093"}],"wp:term":[{"taxonomy":"category","embeddable":true,"href":"https:\/\/www.diarioimagen.net\/index.php?rest_route=%2Fwp%2Fv2%2Fcategories&post=161093"},{"taxonomy":"post_tag","embeddable":true,"href":"https:\/\/www.diarioimagen.net\/index.php?rest_route=%2Fwp%2Fv2%2Ftags&post=161093"}],"curies":[{"name":"wp","href":"https:\/\/api.w.org\/{rel}","templated":true}]}}