{"id":161118,"date":"2014-01-29T00:02:49","date_gmt":"2014-01-29T06:02:49","guid":{"rendered":"http:\/\/www.diarioimagen.net\/?p=161118"},"modified":"2014-01-29T03:01:58","modified_gmt":"2014-01-29T09:01:58","slug":"si-no-es-influenza","status":"publish","type":"post","link":"https:\/\/www.diarioimagen.net\/?p=161118","title":{"rendered":"Si no es influenza\u2026"},"content":{"rendered":"<h2>Acta P\u00fablica<\/h2>\n<h5>Claudia Rodr\u00edguez<\/h5>\n<p><span><br \/>\nDe verdad que las enfermedades respiratorias van al alza, y por lo que observo, ni la cultura de salud familiar, ni las unidades m\u00e9dicas est\u00e1n listas para prevenir m\u00e1s y m\u00e1s afecciones del sistema respiratorio.<\/span><\/p>\n<p>Bueno, ni siquiera para reportarlas de manera adecuada.<\/p>\n<p>El domingo anterior me invadi\u00f3 de s\u00fabito la imposibilidad de respirar por la nariz y me vi forzada a hacerlo por m\u00e1s de 12 horas por la boca, lo que provoc\u00f3 claro, un terrible malestar en la garganta y la consecuente visita al m\u00e9dico.<\/p>\n<p>Me hicieron preguntas que apuntaban a descubrir la presencia en mi cuerpo del virus de la influenza AH1N1 y el m\u00e9dico mucho confi\u00f3 en mi autodiagn\u00f3stico y ya medicada me dieron las buenas tardes.<\/p>\n<p>Pero todo se convirti\u00f3 en una verdadera pesadilla con dolor intenso de cabeza, tos y el malestar terrible de cada cent\u00edmetro de mi cuerpo.<\/p>\n<p>La tarde de ayer el m\u00e9dico volvi\u00f3 a descartar en mi cuerpo la presencia del virus de influenza que paraliz\u00f3 por semanas en el 2009 al pa\u00eds, pero me atrevo a afirmar que nunca me he sentido tan mal como con esta cepa de virus gripal que me atac\u00f3 sea del tipo AH1N1 o no.<\/p>\n<p>El caso es que vuelvo a apuntar, que el cambio clim\u00e1tico, consecuencia del calentamiento global y otras \u201clinduras\u201d acci\u00f3n del hombre, est\u00e1n rebasando en muchos terrenos el control y aplicaci\u00f3n de t\u00e9cnicas para el bienestar humano.<\/p>\n<p>Porque si no fue influenza lo que me atac\u00f3, ha sido terriblemente molesto, pues insisto, cada cent\u00edmetro de mi cuerpo parece gritar.<\/p>\n<p>Y ya que el presidente Enrique Pe\u00f1a Nieto pidi\u00f3 a las autoridades de la \u00a0Secretar\u00eda de Salud informar puntualmente a la poblaci\u00f3n sobre la influenza, tal instrucci\u00f3n se cumpliment\u00f3 dando cifras y pocas alternativas para esquivarla.<\/p>\n<p>Por lo pronto, me declaro en guardia en contra de las enfermedades respiratorias porque como dicen esto ha sido \u201ccomo la muerte chiquita\u201d.<\/p>\n<p><b><i>Acta Divina\u2026 <\/i><\/b>La Secretar\u00eda de Salud informa: Como resultado de la confirmaci\u00f3n de los estudios de laboratorio, del 1 al 27 de enero del 2014, se contabilizan mil 965 casos de influenza, de los cuales 1,650 fueron por A(H1N1), 76 por A(H3N2), 23 por B y 216 debidos a otros tipos.<\/p>\n<p>En el mismo periodo, se han registrado 195 defunciones por influenza, de los cuales \u00a0178 son por A(H1N1), 1 por B, 1\u00a0 por A(H3N2) y 15 por otros tipos.<\/p>\n<p><em><a href=\"mailto:actapublica@gmail.com\" target=\"_blank\">actapublica@gmail.com<\/a><\/em><\/p>\n","protected":false},"excerpt":{"rendered":"<p><span style=\"color: #005497;\"><strong>Claudia Rodr\u00edguez<\/strong><\/span><\/p>\n","protected":false},"author":3,"featured_media":0,"comment_status":"open","ping_status":"open","sticky":false,"template":"","format":"standard","meta":{"_monsterinsights_skip_tracking":false,"_monsterinsights_sitenote_active":false,"_monsterinsights_sitenote_note":"","_monsterinsights_sitenote_category":0,"footnotes":""},"categories":[1281],"tags":[43674],"class_list":["post-161118","post","type-post","status-publish","format-standard","hentry","category-claudia-rodriguez","tag-opinion"],"_links":{"self":[{"href":"https:\/\/www.diarioimagen.net\/index.php?rest_route=\/wp\/v2\/posts\/161118","targetHints":{"allow":["GET"]}}],"collection":[{"href":"https:\/\/www.diarioimagen.net\/index.php?rest_route=\/wp\/v2\/posts"}],"about":[{"href":"https:\/\/www.diarioimagen.net\/index.php?rest_route=\/wp\/v2\/types\/post"}],"author":[{"embeddable":true,"href":"https:\/\/www.diarioimagen.net\/index.php?rest_route=\/wp\/v2\/users\/3"}],"replies":[{"embeddable":true,"href":"https:\/\/www.diarioimagen.net\/index.php?rest_route=%2Fwp%2Fv2%2Fcomments&post=161118"}],"version-history":[{"count":0,"href":"https:\/\/www.diarioimagen.net\/index.php?rest_route=\/wp\/v2\/posts\/161118\/revisions"}],"wp:attachment":[{"href":"https:\/\/www.diarioimagen.net\/index.php?rest_route=%2Fwp%2Fv2%2Fmedia&parent=161118"}],"wp:term":[{"taxonomy":"category","embeddable":true,"href":"https:\/\/www.diarioimagen.net\/index.php?rest_route=%2Fwp%2Fv2%2Fcategories&post=161118"},{"taxonomy":"post_tag","embeddable":true,"href":"https:\/\/www.diarioimagen.net\/index.php?rest_route=%2Fwp%2Fv2%2Ftags&post=161118"}],"curies":[{"name":"wp","href":"https:\/\/api.w.org\/{rel}","templated":true}]}}