{"id":161122,"date":"2014-01-29T00:00:14","date_gmt":"2014-01-29T06:00:14","guid":{"rendered":"http:\/\/www.diarioimagen.net\/?p=161122"},"modified":"2014-01-29T03:02:16","modified_gmt":"2014-01-29T09:02:16","slug":"autodefensas","status":"publish","type":"post","link":"https:\/\/www.diarioimagen.net\/?p=161122","title":{"rendered":"Autodefensas"},"content":{"rendered":"<h2>Pol\u00edtica Spot<\/h2>\n<h5>Juan Manuel Maga\u00f1a<\/h5>\n<p><span><br \/>\nJusto un d\u00eda despu\u00e9s del acuerdo que grupos de autodefensas michoacanos firmaron con los gobiernos federal y estatal para legalizarse, a trav\u00e9s del registro de sus armas, los habitantes de la cabecera municipal de Yur\u00e9cuaro y comunidades vecinas como \u201cEl Sabino\u201d, \u201cLas Palomas\u201d y \u201cLa Joya\u201d se levantaron en armas para crear un grupo de autodefensa, mientras otros de guardias comunitarias de Tanc\u00edtaro entraron al municipio de Los Reyes y pidieron apoyo a grupos de otras comunidades para que respalden o presten sus armas para la toma de este poblado.<\/span><\/p>\n<p>As\u00ed de complejo es el conflicto armado que vive Michoac\u00e1n con esta nueva toma y el surgimiento de un nuevo grupo comunitario.<\/p>\n<p>Mientras el gobierno federal intenta que el movimiento michoacano de autodefensa armada popular se institucionalice como coadyuvante formal de la Secretar\u00eda de la Defensa Nacional, con el car\u00e1cter de Cuerpos de Defensa Rurales, la realidad se empecina en mostrarle lo que los ciudadanos son capaces de hacer por s\u00ed mismos en situaci\u00f3n desesperada.<\/p>\n<p>El surgimiento de m\u00e1s autodefensas fue consignado en la p\u00e1gina \u201cValor por Michoac\u00e1n\u201d. Ah\u00ed se dice que \u201cYur\u00e9cuaro y zonas aleda\u00f1as se levantan en armas en contra del crimen organizado por la ineptitud y omisi\u00f3nes a denuncias ante autoridades municipales, estatales y federales\u201d.<\/p>\n<p>Otra vez es descrito el estado de necesidad que se presenta cuando un grupo social es abandonado a su suerte por las instituciones del Estado que, curiosamente, observan de cerca el problema pero no se meten.<\/p>\n<p>Dec\u00eda un escritor griego que \u201cante la necesidad, ni los dioses pueden\u201d, y ah\u00ed est\u00e1n los millares de michoacanos jug\u00e1ndose el pellejo a diario y consiguiendo lo que la poderosa fuerza legal no ha podido.<\/p>\n<p>El en\u00e9simo despliegue de fuerza armada gubernamental, la cacer\u00eda de \u201cTemplarios\u201d y el acuerdo con algunos autodefensas, tienen por objetivo crear la percepci\u00f3n de que la situaci\u00f3n michoacana est\u00e1 siendo controlada, aunque eso todav\u00eda est\u00e1 muy lejos de ocurrir.<\/p>\n<p>El n\u00famero y grado de complejidad de las fuerzas no legales que se mueven en el conflicto michoacano lo dice todo.<\/p>\n<p>Hay grupos similares a los autodefensas, organizados, armados y financiados por la delincuencia, para mantener la inestabilidad y crear incertidumbre y consolidar la posici\u00f3n territorial de sus negocios il\u00edcitos.<\/p>\n<p>Hay grupos parecidos, manejados por organizaciones guerrilleras o movimientos sociales radicales que buscan la inestabilidad social para arribar a sus objetivos ideol\u00f3gicos y pol\u00edticos.<\/p>\n<p>Se teme que haya paramilitares disfrazados de autodefensas manejados desde los gobiernos. Los productores rurales y empresarios tienen sus guardias organizadas y armadas para tratar de lidiar con amenazas, extorsiones, secuestros y asesinatos de los c\u00e1rteles.<\/p>\n<p>Pero sobre todo est\u00e1 la gente com\u00fan exasperada al tratar de protegerse tanto de delincuentes como de polic\u00edas y pol\u00edticos coludidos.<\/p>\n<p>Y ahora, con el objetivo superior de limpiar de criminales, ellos mismos, ciudades enteras por el hecho de que los gobiernos municipales, estatales y federal los han abandonado.<\/p>\n<p>Hace unos d\u00edas, el gobierno cre\u00eda decir con absoluta claridad su posici\u00f3n respecto a las autodefensas: que actuaban fuera de la ley y que no se les tolerar\u00eda.<\/p>\n<p>Anteayer no s\u00f3lo las legitim\u00f3 sino que ahora trata de absorberlas, toda vez que le han servido de ariete para luego dar la sensaci\u00f3n de ocupaci\u00f3n; peligroso, si se trata de un intento de cooptaci\u00f3n pues el gobierno no har\u00e1 m\u00e1s que debilitar a los ciudadanos frente a la mafia. Ayer otros grupos decidieron avanzar y uno m\u00e1s ha surgido. Por algo ser\u00e1.<\/p>\n<p>Vamos pa\u2019 largo.<\/p>\n<p><em><a href=\"mailto:%20maganapalace@yahoo.com.mx\" target=\"_blank\">maganapalace@yahoo.com.mx<\/a><\/em><\/p>\n","protected":false},"excerpt":{"rendered":"<p><span style=\"color: #005497;\"><strong>Juan Manuel Maga\u00f1a<\/strong><\/span><\/p>\n","protected":false},"author":3,"featured_media":0,"comment_status":"open","ping_status":"open","sticky":false,"template":"","format":"standard","meta":{"_monsterinsights_skip_tracking":false,"_monsterinsights_sitenote_active":false,"_monsterinsights_sitenote_note":"","_monsterinsights_sitenote_category":0,"footnotes":""},"categories":[22905],"tags":[43709,20541,43674,22904],"class_list":["post-161122","post","type-post","status-publish","format-standard","hentry","category-juan-manuel-magana","tag-juan-manuel-magana","tag-los-reyes","tag-opinion","tag-politica-spot"],"_links":{"self":[{"href":"https:\/\/www.diarioimagen.net\/index.php?rest_route=\/wp\/v2\/posts\/161122","targetHints":{"allow":["GET"]}}],"collection":[{"href":"https:\/\/www.diarioimagen.net\/index.php?rest_route=\/wp\/v2\/posts"}],"about":[{"href":"https:\/\/www.diarioimagen.net\/index.php?rest_route=\/wp\/v2\/types\/post"}],"author":[{"embeddable":true,"href":"https:\/\/www.diarioimagen.net\/index.php?rest_route=\/wp\/v2\/users\/3"}],"replies":[{"embeddable":true,"href":"https:\/\/www.diarioimagen.net\/index.php?rest_route=%2Fwp%2Fv2%2Fcomments&post=161122"}],"version-history":[{"count":0,"href":"https:\/\/www.diarioimagen.net\/index.php?rest_route=\/wp\/v2\/posts\/161122\/revisions"}],"wp:attachment":[{"href":"https:\/\/www.diarioimagen.net\/index.php?rest_route=%2Fwp%2Fv2%2Fmedia&parent=161122"}],"wp:term":[{"taxonomy":"category","embeddable":true,"href":"https:\/\/www.diarioimagen.net\/index.php?rest_route=%2Fwp%2Fv2%2Fcategories&post=161122"},{"taxonomy":"post_tag","embeddable":true,"href":"https:\/\/www.diarioimagen.net\/index.php?rest_route=%2Fwp%2Fv2%2Ftags&post=161122"}],"curies":[{"name":"wp","href":"https:\/\/api.w.org\/{rel}","templated":true}]}}