{"id":161212,"date":"2014-01-29T12:18:50","date_gmt":"2014-01-29T18:18:50","guid":{"rendered":"http:\/\/www.diarioimagen.net\/?p=161212"},"modified":"2014-01-30T03:23:27","modified_gmt":"2014-01-30T09:23:27","slug":"hoy-entra-en-vigor-la-coordinacion-nacional-antisecuestro","status":"publish","type":"post","link":"https:\/\/www.diarioimagen.net\/?p=161212","title":{"rendered":"Hoy entra en vigor la Coordinaci\u00f3n Nacional Antisecuestro"},"content":{"rendered":"<ul>\n<li><em><strong>El decreto publicado hoy indica que entre las facultades destaca la integraci\u00f3n y funcionamiento de un Sistema \u00danico de Informaci\u00f3n Criminal<\/strong><\/em><\/li>\n<\/ul>\n<div id=\"attachment_161213\" style=\"width: 250px\" class=\"wp-caption alignleft\"><img loading=\"lazy\" decoding=\"async\" aria-describedby=\"caption-attachment-161213\" class=\"size-medium wp-image-161213\" alt=\"Renato Sales Heredia, reci\u00e9n nombrado coordinador Nacional Antisecuestro, es experto en casos pol\u00e9micos y de alto impacto.\" src=\"http:\/\/www.diarioimagen.net\/wp-content\/uploads\/2014\/01\/VIGOR-portal-240x135.jpg\" width=\"240\" height=\"135\" srcset=\"https:\/\/www.diarioimagen.net\/wp-content\/uploads\/2014\/01\/VIGOR-portal-240x135.jpg 240w, https:\/\/www.diarioimagen.net\/wp-content\/uploads\/2014\/01\/VIGOR-portal-420x236.jpg 420w, https:\/\/www.diarioimagen.net\/wp-content\/uploads\/2014\/01\/VIGOR-portal-235x132.jpg 235w, https:\/\/www.diarioimagen.net\/wp-content\/uploads\/2014\/01\/VIGOR-portal-202x114.jpg 202w, https:\/\/www.diarioimagen.net\/wp-content\/uploads\/2014\/01\/VIGOR-portal-350x196.jpg 350w, https:\/\/www.diarioimagen.net\/wp-content\/uploads\/2014\/01\/VIGOR-portal-220x123.jpg 220w, https:\/\/www.diarioimagen.net\/wp-content\/uploads\/2014\/01\/VIGOR-portal-237x132.jpg 237w, https:\/\/www.diarioimagen.net\/wp-content\/uploads\/2014\/01\/VIGOR-portal.jpg 480w\" sizes=\"auto, (max-width: 240px) 100vw, 240px\" \/><p id=\"caption-attachment-161213\" class=\"wp-caption-text\">Renato Sales Heredia, reci\u00e9n nombrado coordinador Nacional Antisecuestro, es experto en casos pol\u00e9micos y de alto impacto.<\/p><\/div>\n<p>La Secretar\u00eda de Gobernaci\u00f3n (Segob) public\u00f3 el decreto por el que se crea la Coordinaci\u00f3n Nacional Antisecuestro, que busca organizar, evaluar y dar seguimiento a las acciones de seguridad p\u00fablica del gobierno federal, estatal y del Distrito Federal en el marco de la estrategia para combatir el secuestro.<\/p>\n<p><span style=\"line-height: 1.5em;\">El ordenamiento, que incluye ocho art\u00edculos y dos transitorios, expone que se crea el Comit\u00e9 Especial de Seguimiento y Evaluaci\u00f3n de las acciones para prevenir, investigar, sancionar y erradicar el delito de secuestro.<\/span><\/p>\n<p><span style=\"line-height: 1.5em;\">El decreto, que entra en vigor este mi\u00e9rcoles, establece que la Segob proveer\u00e1 los recursos humanos, materiales, tecnol\u00f3gicos y financieros que requiera la Coordinaci\u00f3n Nacional para el ejercicio de sus funciones.<\/span><\/p>\n<p><span style=\"line-height: 1.5em;\">El documento, publicado este mi\u00e9rcoles en el Diario Oficial de la Federaci\u00f3n, indica que entre las facultades de la Coordinaci\u00f3n Nacional Antisecuestro destaca la integraci\u00f3n y funcionamiento de un sistema \u00fanico de informaci\u00f3n criminal en una plataforma tecnol\u00f3gica e inform\u00e1tica.<\/span><\/p>\n","protected":false},"excerpt":{"rendered":"<p>La Secretar\u00eda de Gobernaci\u00f3n (Segob) public\u00f3 el decreto por el que se crea la Coordinaci\u00f3n Nacional Antisecuestro, que busca organizar, evaluar y dar seguimiento a las acciones de seguridad p\u00fablica del gobierno federal, estatal y del Distrito Federal en el marco de la estrategia para combatir el secuestro.<\/p>\n","protected":false},"author":5,"featured_media":161213,"comment_status":"open","ping_status":"open","sticky":false,"template":"","format":"standard","meta":{"_monsterinsights_skip_tracking":false,"_monsterinsights_sitenote_active":false,"_monsterinsights_sitenote_note":"","_monsterinsights_sitenote_category":0,"footnotes":""},"categories":[17,3],"tags":[5011,442],"class_list":["post-161212","post","type-post","status-publish","format-standard","has-post-thumbnail","hentry","category-especiales","category-nacional","tag-diario-oficial-de-la-federacion","tag-secretaria-de-gobernacion"],"_links":{"self":[{"href":"https:\/\/www.diarioimagen.net\/index.php?rest_route=\/wp\/v2\/posts\/161212","targetHints":{"allow":["GET"]}}],"collection":[{"href":"https:\/\/www.diarioimagen.net\/index.php?rest_route=\/wp\/v2\/posts"}],"about":[{"href":"https:\/\/www.diarioimagen.net\/index.php?rest_route=\/wp\/v2\/types\/post"}],"author":[{"embeddable":true,"href":"https:\/\/www.diarioimagen.net\/index.php?rest_route=\/wp\/v2\/users\/5"}],"replies":[{"embeddable":true,"href":"https:\/\/www.diarioimagen.net\/index.php?rest_route=%2Fwp%2Fv2%2Fcomments&post=161212"}],"version-history":[{"count":0,"href":"https:\/\/www.diarioimagen.net\/index.php?rest_route=\/wp\/v2\/posts\/161212\/revisions"}],"wp:featuredmedia":[{"embeddable":true,"href":"https:\/\/www.diarioimagen.net\/index.php?rest_route=\/wp\/v2\/media\/161213"}],"wp:attachment":[{"href":"https:\/\/www.diarioimagen.net\/index.php?rest_route=%2Fwp%2Fv2%2Fmedia&parent=161212"}],"wp:term":[{"taxonomy":"category","embeddable":true,"href":"https:\/\/www.diarioimagen.net\/index.php?rest_route=%2Fwp%2Fv2%2Fcategories&post=161212"},{"taxonomy":"post_tag","embeddable":true,"href":"https:\/\/www.diarioimagen.net\/index.php?rest_route=%2Fwp%2Fv2%2Ftags&post=161212"}],"curies":[{"name":"wp","href":"https:\/\/api.w.org\/{rel}","templated":true}]}}