{"id":161272,"date":"2014-01-30T00:13:58","date_gmt":"2014-01-30T06:13:58","guid":{"rendered":"http:\/\/www.diarioimagen.net\/?p=161272"},"modified":"2014-01-30T22:53:41","modified_gmt":"2014-01-31T04:53:41","slug":"edomex-no-baja-la-guardia-ante-la-influenza","status":"publish","type":"post","link":"https:\/\/www.diarioimagen.net\/?p=161272","title":{"rendered":"Edomex no baja la guardia ante la influenza"},"content":{"rendered":"<h2>Arco Norte<\/h2>\n<h5>Jos\u00e9 Luis Monta\u00f1ez Aguilar<\/h5>\n<p><span>\u00a0<\/span><\/p>\n<div id=\"attachment_161304\" style=\"width: 250px\" class=\"wp-caption alignleft\"><a href=\"http:\/\/www.diarioimagen.net\/wp-content\/uploads\/2014\/01\/arco-2282.jpg\"><img loading=\"lazy\" decoding=\"async\" aria-describedby=\"caption-attachment-161304\" class=\"size-medium wp-image-161304\" alt=\"Durante la entrega de apoyos invernales en el municipio de Zinacantepec, Aurelio Nu\u00f1o Mayer, jefe de la Oficina de la Presidencia de la Rep\u00fablica, reconoci\u00f3 al gobernador Eruviel \u00c1vila Villegas por el trabajo que realiza para apoyar la labor del presidente Enrique Pe\u00f1a Nieto, de transformar a M\u00e9xico, mediante las reformas estructurales y una pol\u00edtica social de alto impacto. Entre los apoyos otorgados se encuentran 82 mil colchonetas e igual n\u00famero de cobertores, as\u00ed como m\u00e1s de 22 mil despensas, que se distribuir\u00e1n en los 125 municipios mexiquenses.\" src=\"http:\/\/www.diarioimagen.net\/wp-content\/uploads\/2014\/01\/arco-2282-240x135.jpg\" width=\"240\" height=\"135\" srcset=\"https:\/\/www.diarioimagen.net\/wp-content\/uploads\/2014\/01\/arco-2282-240x135.jpg 240w, https:\/\/www.diarioimagen.net\/wp-content\/uploads\/2014\/01\/arco-2282-420x236.jpg 420w, https:\/\/www.diarioimagen.net\/wp-content\/uploads\/2014\/01\/arco-2282-235x132.jpg 235w, https:\/\/www.diarioimagen.net\/wp-content\/uploads\/2014\/01\/arco-2282-202x114.jpg 202w, https:\/\/www.diarioimagen.net\/wp-content\/uploads\/2014\/01\/arco-2282-350x196.jpg 350w, https:\/\/www.diarioimagen.net\/wp-content\/uploads\/2014\/01\/arco-2282-220x123.jpg 220w, https:\/\/www.diarioimagen.net\/wp-content\/uploads\/2014\/01\/arco-2282-237x132.jpg 237w, https:\/\/www.diarioimagen.net\/wp-content\/uploads\/2014\/01\/arco-2282.jpg 480w\" sizes=\"auto, (max-width: 240px) 100vw, 240px\" \/><\/a><p id=\"caption-attachment-161304\" class=\"wp-caption-text\">Durante la entrega de apoyos invernales en el municipio de Zinacantepec, Aurelio Nu\u00f1o Mayer, jefe de la Oficina de la Presidencia de la Rep\u00fablica, reconoci\u00f3 al gobernador Eruviel \u00c1vila Villegas por el trabajo que realiza para apoyar la labor del presidente Enrique Pe\u00f1a Nieto, de transformar a M\u00e9xico.<\/p><\/div>\n<p><span>Aunque la presencia del virus de la influenza en el Estado de M\u00e9xico est\u00e1 controlada, el gobierno mexiquense se mantiene en alerta permanente por lo que, ante las bajas temperaturas registradas en algunos municipios del estado, y gracias al apoyo del gobierno federal, se tienen listas 300 mil vacunas adicionales para que se apliquen a la poblaci\u00f3n asentada en zonas vulnerables, se\u00f1al\u00f3 el gobernador Eruviel \u00c1vial Villegas. \u201cHoy quiero participarles que gracias al apoyo del Presidente de la Rep\u00fablica, ya tenemos listas 300 mil vacunas adicionales para que se aplique a la poblaci\u00f3n en general en los lugares, en las zonas en donde se tiene mayor problem\u00e1tica de las inclemencias del tiempo, como ustedes saben el protocolo federal indica que debe aplicarse esta vacuna a menores de 5 a\u00f1os, a mayores de 60 a\u00f1os, a mujeres embarazadas, por ejemplo, a quien tiene alguna enfermedad cr\u00f3nica, pero la idea es que aqu\u00ed en Loma Alta, en Ra\u00edces, y en las diferentes localidades que ya tienen muy bien ubicadas Protecci\u00f3n Civil, Desarrollo Social y Salud, casa por casa estaremos pasando a vacunar a todos, no importando la edad que tengan para ser todav\u00eda m\u00e1s preventivos\u201d, manifest\u00f3. Luego de dar a conocer que de acuerdo a la agencia meteorol\u00f3gica AccuWeather, la \u00e9poca invernal 2013-2014 fue pronosticada como la m\u00e1s fr\u00eda de los \u00faltimos 100 a\u00f1os, el gobernador mexiquense y Aurelio Nu\u00f1o, jefe de la Oficina de la Presidencia, entregaron 82 mil colchonetas e igual n\u00famero de cobertores, as\u00ed como m\u00e1s de 22 mil despensas que se distribuir\u00e1n en los 125 municipios de la entidad, pero principalmente en las regiones del centro, norte, Xinant\u00e9catl e Izta-Popo. Eruviel \u00c1vila inform\u00f3 que desde que inici\u00f3 el programa invernal estatal 2013-2014, en noviembre del a\u00f1o pasado, al cual se destinaron 55 millones de pesos y que contempla 28 acciones de difusi\u00f3n, prevenci\u00f3n y atenci\u00f3n, se han entregado m\u00e1s de 36 mil paquetes invernales con guantes, gorras, cobijas y canastas alimentarias para habitantes de 30 municipios.<\/span><\/p>\n<p><em><\/em><em><a href=\"mailto:montanezaguilar@gmail.com\" target=\"_blank\">montanezaguilar@gmail.com<\/a><\/em><\/p>\n","protected":false},"excerpt":{"rendered":"<p><span style=\"color: #005497;\"><strong>Jos\u00e9 Luis Monta\u00f1ez Aguilar<\/strong><\/span><br \/>\n<br \/>\nAunque la presencia del virus de la influenza en el Estado de M\u00e9xico est\u00e1 controlada, el gobierno mexiquense se mantiene en alerta permanente por lo que, ante las bajas temperaturas registradas en algunos municipios del estado, y gracias al apoyo del gobierno federal, se tienen listas 300 mil vacunas adicionales para que se apliquen a la poblaci\u00f3n asentada en zonas vulnerables, se\u00f1al\u00f3 el gobernador Eruviel \u00c1vial Villegas.<\/p>\n","protected":false},"author":3,"featured_media":161304,"comment_status":"open","ping_status":"open","sticky":false,"template":"","format":"standard","meta":{"_monsterinsights_skip_tracking":false,"_monsterinsights_sitenote_active":false,"_monsterinsights_sitenote_note":"","_monsterinsights_sitenote_category":0,"footnotes":""},"categories":[11622],"tags":[13284,43675,43704,43674],"class_list":["post-161272","post","type-post","status-publish","format-standard","has-post-thumbnail","hentry","category-jose-luis-montanez-aguilar","tag-arco-norte","tag-estado-de-mexico","tag-jose-luis-montanez-aguilar","tag-opinion"],"_links":{"self":[{"href":"https:\/\/www.diarioimagen.net\/index.php?rest_route=\/wp\/v2\/posts\/161272","targetHints":{"allow":["GET"]}}],"collection":[{"href":"https:\/\/www.diarioimagen.net\/index.php?rest_route=\/wp\/v2\/posts"}],"about":[{"href":"https:\/\/www.diarioimagen.net\/index.php?rest_route=\/wp\/v2\/types\/post"}],"author":[{"embeddable":true,"href":"https:\/\/www.diarioimagen.net\/index.php?rest_route=\/wp\/v2\/users\/3"}],"replies":[{"embeddable":true,"href":"https:\/\/www.diarioimagen.net\/index.php?rest_route=%2Fwp%2Fv2%2Fcomments&post=161272"}],"version-history":[{"count":0,"href":"https:\/\/www.diarioimagen.net\/index.php?rest_route=\/wp\/v2\/posts\/161272\/revisions"}],"wp:featuredmedia":[{"embeddable":true,"href":"https:\/\/www.diarioimagen.net\/index.php?rest_route=\/wp\/v2\/media\/161304"}],"wp:attachment":[{"href":"https:\/\/www.diarioimagen.net\/index.php?rest_route=%2Fwp%2Fv2%2Fmedia&parent=161272"}],"wp:term":[{"taxonomy":"category","embeddable":true,"href":"https:\/\/www.diarioimagen.net\/index.php?rest_route=%2Fwp%2Fv2%2Fcategories&post=161272"},{"taxonomy":"post_tag","embeddable":true,"href":"https:\/\/www.diarioimagen.net\/index.php?rest_route=%2Fwp%2Fv2%2Ftags&post=161272"}],"curies":[{"name":"wp","href":"https:\/\/api.w.org\/{rel}","templated":true}]}}