{"id":161286,"date":"2014-01-30T00:07:00","date_gmt":"2014-01-30T06:07:00","guid":{"rendered":"http:\/\/www.diarioimagen.net\/?p=161286"},"modified":"2014-01-30T02:25:10","modified_gmt":"2014-01-30T08:25:10","slug":"sector-vivienda-es-el-motor-de-crecimiento-sedatu","status":"publish","type":"post","link":"https:\/\/www.diarioimagen.net\/?p=161286","title":{"rendered":"Sector vivienda es el motor de crecimiento: Sedatu"},"content":{"rendered":"<ul>\n<li><strong><em>Tiene certidumbre econ\u00f3mica<\/em><\/strong><\/li>\n<\/ul>\n<div id=\"attachment_161311\" style=\"width: 250px\" class=\"wp-caption alignleft\"><a href=\"http:\/\/www.diarioimagen.net\/wp-content\/uploads\/2014\/01\/SEDATU-2282.jpg\"><img loading=\"lazy\" decoding=\"async\" aria-describedby=\"caption-attachment-161311\" class=\"size-medium wp-image-161311\" alt=\"Jorge Carlos Ram\u00edrez Mar\u00edn, titular de la Secretar\u00eda de la Secretar\u00eda de Desarrollo Agrario, Territorial y Urbano.\" src=\"http:\/\/www.diarioimagen.net\/wp-content\/uploads\/2014\/01\/SEDATU-2282-240x135.jpg\" width=\"240\" height=\"135\" srcset=\"https:\/\/www.diarioimagen.net\/wp-content\/uploads\/2014\/01\/SEDATU-2282-240x135.jpg 240w, https:\/\/www.diarioimagen.net\/wp-content\/uploads\/2014\/01\/SEDATU-2282-420x236.jpg 420w, https:\/\/www.diarioimagen.net\/wp-content\/uploads\/2014\/01\/SEDATU-2282-235x132.jpg 235w, https:\/\/www.diarioimagen.net\/wp-content\/uploads\/2014\/01\/SEDATU-2282-202x114.jpg 202w, https:\/\/www.diarioimagen.net\/wp-content\/uploads\/2014\/01\/SEDATU-2282-350x196.jpg 350w, https:\/\/www.diarioimagen.net\/wp-content\/uploads\/2014\/01\/SEDATU-2282-220x123.jpg 220w, https:\/\/www.diarioimagen.net\/wp-content\/uploads\/2014\/01\/SEDATU-2282-237x132.jpg 237w, https:\/\/www.diarioimagen.net\/wp-content\/uploads\/2014\/01\/SEDATU-2282.jpg 480w\" sizes=\"auto, (max-width: 240px) 100vw, 240px\" \/><\/a><p id=\"caption-attachment-161311\" class=\"wp-caption-text\">Jorge Carlos Ram\u00edrez Mar\u00edn, titular de la Secretar\u00eda de la Secretar\u00eda de Desarrollo Agrario, Territorial y Urbano.<\/p><\/div>\n<p>Las reformas aprobadas, los presupuestos hist\u00f3ricos, las reglas de operaci\u00f3n de largo plazo y la existencia de empresas desarrolladoras sanas, dan al sector inmobiliario certidumbre econ\u00f3mica y posibilidad de crecimiento, por lo que el sector vivienda ser\u00e1 un motor de crecimiento en 2014.<\/p>\n<p>El titular de la Sedatu, Jorge Carlos Ram\u00edrez Mar\u00edn, record\u00f3 que el presupuesto a ejercer por el gobierno de la Rep\u00fablica alcanza los 338 mil millones de pesos en el sector rural.<\/p>\n<p>Al participar en el Magno Evento Hipotecario Banorte, dijo que estos recursos garantizan mejores condiciones de financiamiento por lo que en consecuencia \u00e9ste es un buen momento para que los mexicanos adquieran una casa.<\/p>\n<p>Explic\u00f3 que existen motivos para ser optimistas, porque se ampl\u00eda la oferta de productos, no s\u00f3lo para adquirir una casa habitaci\u00f3n nueva, tambi\u00e9n hay para rentar, incluso la adquisici\u00f3n de una segunda vivienda y, lo m\u00e1s atractivo, es que las tasas de cr\u00e9dito hipotecario han alcanzado los m\u00ednimos hist\u00f3ricos.<\/p>\n<p>De esta forma, agreg\u00f3 que \u201cla adquisici\u00f3n de un patrimonio es una buena inversi\u00f3n en este momento para los mexicanos, las nuevas familias que buscan formar un hogar tienen las mejores condiciones de financiamiento que se puedan esperar\u201d.<\/p>\n<p>&nbsp;<\/p>\n","protected":false},"excerpt":{"rendered":"<p>Las reformas aprobadas, los presupuestos hist\u00f3ricos, las reglas de operaci\u00f3n de largo plazo y la existencia de empresas desarrolladoras sanas, dan al sector inmobiliario certidumbre econ\u00f3mica y posibilidad de crecimiento, por lo que el sector vivienda ser\u00e1 un motor de crecimiento en 2014.<\/p>\n","protected":false},"author":3,"featured_media":161311,"comment_status":"open","ping_status":"open","sticky":false,"template":"","format":"standard","meta":{"_monsterinsights_skip_tracking":false,"_monsterinsights_sitenote_active":false,"_monsterinsights_sitenote_note":"","_monsterinsights_sitenote_category":0,"footnotes":""},"categories":[3],"tags":[4770,43673,26118],"class_list":["post-161286","post","type-post","status-publish","format-standard","has-post-thumbnail","hentry","category-nacional","tag-jorge-carlos-ramirez-marin","tag-nacional","tag-sedatu"],"_links":{"self":[{"href":"https:\/\/www.diarioimagen.net\/index.php?rest_route=\/wp\/v2\/posts\/161286","targetHints":{"allow":["GET"]}}],"collection":[{"href":"https:\/\/www.diarioimagen.net\/index.php?rest_route=\/wp\/v2\/posts"}],"about":[{"href":"https:\/\/www.diarioimagen.net\/index.php?rest_route=\/wp\/v2\/types\/post"}],"author":[{"embeddable":true,"href":"https:\/\/www.diarioimagen.net\/index.php?rest_route=\/wp\/v2\/users\/3"}],"replies":[{"embeddable":true,"href":"https:\/\/www.diarioimagen.net\/index.php?rest_route=%2Fwp%2Fv2%2Fcomments&post=161286"}],"version-history":[{"count":0,"href":"https:\/\/www.diarioimagen.net\/index.php?rest_route=\/wp\/v2\/posts\/161286\/revisions"}],"wp:featuredmedia":[{"embeddable":true,"href":"https:\/\/www.diarioimagen.net\/index.php?rest_route=\/wp\/v2\/media\/161311"}],"wp:attachment":[{"href":"https:\/\/www.diarioimagen.net\/index.php?rest_route=%2Fwp%2Fv2%2Fmedia&parent=161286"}],"wp:term":[{"taxonomy":"category","embeddable":true,"href":"https:\/\/www.diarioimagen.net\/index.php?rest_route=%2Fwp%2Fv2%2Fcategories&post=161286"},{"taxonomy":"post_tag","embeddable":true,"href":"https:\/\/www.diarioimagen.net\/index.php?rest_route=%2Fwp%2Fv2%2Ftags&post=161286"}],"curies":[{"name":"wp","href":"https:\/\/api.w.org\/{rel}","templated":true}]}}