{"id":161323,"date":"2014-01-30T00:09:17","date_gmt":"2014-01-30T06:09:17","guid":{"rendered":"http:\/\/www.diarioimagen.net\/?p=161323"},"modified":"2014-01-30T02:43:30","modified_gmt":"2014-01-30T08:43:30","slug":"mexico-cumple-metas-marcadas-por-unesco","status":"publish","type":"post","link":"https:\/\/www.diarioimagen.net\/?p=161323","title":{"rendered":"M\u00e9xico cumple metas marcadas por UNESCO"},"content":{"rendered":"<ul>\n<li><em><strong><span style=\"line-height: 1.5em;\">Nuestro pa\u00eds alcanzar\u00e1 a tiempo las metas establecidas para la alfabetizaci\u00f3n universal de adultos, se\u00f1ala<\/span><\/strong><\/em><\/li>\n<\/ul>\n<p>&nbsp;<\/p>\n<div id=\"attachment_161324\" style=\"width: 250px\" class=\"wp-caption alignleft\"><a href=\"http:\/\/www.diarioimagen.net\/wp-content\/uploads\/2014\/01\/chuay-2282.jpg\"><img loading=\"lazy\" decoding=\"async\" aria-describedby=\"caption-attachment-161324\" class=\"size-medium wp-image-161324\" alt=\"Emilio Chuayffet Chemor, titular de la SEP, y Jorge Sequeira, director de la Oficina Regional de Educaci\u00f3n de la UNESCO, presentaron el \u201cInforme Internacional sobre el Seguimiento de la Educaci\u00f3n para Todos 2013-2014\u201d.\" src=\"http:\/\/www.diarioimagen.net\/wp-content\/uploads\/2014\/01\/chuay-2282-240x135.jpg\" width=\"240\" height=\"135\" srcset=\"https:\/\/www.diarioimagen.net\/wp-content\/uploads\/2014\/01\/chuay-2282-240x135.jpg 240w, https:\/\/www.diarioimagen.net\/wp-content\/uploads\/2014\/01\/chuay-2282-420x236.jpg 420w, https:\/\/www.diarioimagen.net\/wp-content\/uploads\/2014\/01\/chuay-2282-235x132.jpg 235w, https:\/\/www.diarioimagen.net\/wp-content\/uploads\/2014\/01\/chuay-2282-202x114.jpg 202w, https:\/\/www.diarioimagen.net\/wp-content\/uploads\/2014\/01\/chuay-2282-350x196.jpg 350w, https:\/\/www.diarioimagen.net\/wp-content\/uploads\/2014\/01\/chuay-2282-220x123.jpg 220w, https:\/\/www.diarioimagen.net\/wp-content\/uploads\/2014\/01\/chuay-2282-237x132.jpg 237w, https:\/\/www.diarioimagen.net\/wp-content\/uploads\/2014\/01\/chuay-2282.jpg 480w\" sizes=\"auto, (max-width: 240px) 100vw, 240px\" \/><\/a><p id=\"caption-attachment-161324\" class=\"wp-caption-text\">Emilio Chuayffet Chemor, titular de la SEP, y Jorge Sequeira, director de la Oficina Regional de Educaci\u00f3n de la UNESCO, presentaron el \u201cInforme Internacional sobre el Seguimiento de la Educaci\u00f3n para Todos 2013-2014\u201d.<\/p><\/div>\n<p>Emilio Chuayffet Chemor, titular de la Secretar\u00eda de Educaci\u00f3n P\u00fablica (SEP), se\u00f1al\u00f3 ayer que M\u00e9xico ha cumplido con las metas de cobertura en educaci\u00f3n preescolar y primaria antes del plazo fijado por la Organizaci\u00f3n de las Naciones Unidas para la Educaci\u00f3n, la Ciencia y la Cultura (UNESCO) para el 2015.<\/p>\n<p>Asimismo, indic\u00f3 que nuestro pa\u00eds alcanzar\u00e1 a tiempo las metas establecidas para la alfabetizaci\u00f3n universal de adultos y reconoci\u00f3 a los maestros como pilares de la construcci\u00f3n de la identidad nacional.<\/p>\n<p>La SEP y la UNESCO presentaron el Informe \u201cEnse\u00f1anza y Aprendizaje: Lograr la Calidad para Todos 2013-2014\u201d, en el que destacaron los avances registrados en Am\u00e9rica Latina y los retos rumbo al 2015 en todo el mundo.<\/p>\n<p>Chuayffet Chemor dijo que el informe de la UNESCO llega a la misma conclusi\u00f3n que la SEP en el sentido de que la calidad de la educaci\u00f3n s\u00f3lo mejora cuando se prepara mejor al magisterio; por ello, se pronunci\u00f3 por redoblar esfuerzos para dotar a maestros y alumnos de herramientas y conocimientos para que los primeros ayuden a los segundos a hacer realidad sus metas y cerrar las brechas del aprendizaje entre ni\u00f1os de diferentes estratos sociales.<\/p>\n<p>Todos esos elementos est\u00e1n contenidos en la reforma educativa emprendida por el Presidente de M\u00e9xico, quien determin\u00f3 como prioridad en la agenda p\u00fablica y de gobierno a la educaci\u00f3n. Con ello, se inici\u00f3 una profunda transformaci\u00f3n que busca alcanzar la cobertura y garantizar a los mexicanos que la ense\u00f1anza que reciban sea de calidad con inclusi\u00f3n y equidad.<\/p>\n<p>Record\u00f3 que en la SEP hay certeza de que los maestros requieren ser apoyados desde el hogar; con una mejor infraestructura escolar y mejores planes de estudio. Por ello, se han promovido nuevos materiales educativos; se fortalecen los programas Escuela Digna y Escuela de Excelencia.<\/p>\n<p>Para determinar si nuestro modelo educativo responde a las necesidades actuales del pa\u00eds, en pr\u00f3ximos d\u00edas comenzar\u00e1 la Consulta Nacional con foros regionales, a los que invit\u00f3 a la UNESCO a compartir sus experiencias.<\/p>\n","protected":false},"excerpt":{"rendered":"<p>Emilio Chuayffet Chemor, titular de la Secretar\u00eda de Educaci\u00f3n P\u00fablica (SEP), se\u00f1al\u00f3 ayer que M\u00e9xico ha cumplido con las metas de cobertura en educaci\u00f3n preescolar y primaria antes del plazo fijado por la Organizaci\u00f3n de las Naciones Unidas para la Educaci\u00f3n, la Ciencia y la Cultura (UNESCO) para el 2015.<\/p>\n","protected":false},"author":1,"featured_media":161324,"comment_status":"open","ping_status":"open","sticky":false,"template":"","format":"standard","meta":{"_monsterinsights_skip_tracking":false,"_monsterinsights_sitenote_active":false,"_monsterinsights_sitenote_note":"","_monsterinsights_sitenote_category":0,"footnotes":""},"categories":[3],"tags":[43673,459,2267],"class_list":["post-161323","post","type-post","status-publish","format-standard","has-post-thumbnail","hentry","category-nacional","tag-nacional","tag-sep","tag-unesco"],"_links":{"self":[{"href":"https:\/\/www.diarioimagen.net\/index.php?rest_route=\/wp\/v2\/posts\/161323","targetHints":{"allow":["GET"]}}],"collection":[{"href":"https:\/\/www.diarioimagen.net\/index.php?rest_route=\/wp\/v2\/posts"}],"about":[{"href":"https:\/\/www.diarioimagen.net\/index.php?rest_route=\/wp\/v2\/types\/post"}],"author":[{"embeddable":true,"href":"https:\/\/www.diarioimagen.net\/index.php?rest_route=\/wp\/v2\/users\/1"}],"replies":[{"embeddable":true,"href":"https:\/\/www.diarioimagen.net\/index.php?rest_route=%2Fwp%2Fv2%2Fcomments&post=161323"}],"version-history":[{"count":0,"href":"https:\/\/www.diarioimagen.net\/index.php?rest_route=\/wp\/v2\/posts\/161323\/revisions"}],"wp:featuredmedia":[{"embeddable":true,"href":"https:\/\/www.diarioimagen.net\/index.php?rest_route=\/wp\/v2\/media\/161324"}],"wp:attachment":[{"href":"https:\/\/www.diarioimagen.net\/index.php?rest_route=%2Fwp%2Fv2%2Fmedia&parent=161323"}],"wp:term":[{"taxonomy":"category","embeddable":true,"href":"https:\/\/www.diarioimagen.net\/index.php?rest_route=%2Fwp%2Fv2%2Fcategories&post=161323"},{"taxonomy":"post_tag","embeddable":true,"href":"https:\/\/www.diarioimagen.net\/index.php?rest_route=%2Fwp%2Fv2%2Ftags&post=161323"}],"curies":[{"name":"wp","href":"https:\/\/api.w.org\/{rel}","templated":true}]}}