{"id":161369,"date":"2014-01-31T00:07:39","date_gmt":"2014-01-31T06:07:39","guid":{"rendered":"http:\/\/www.diarioimagen.net\/?p=161369"},"modified":"2014-02-01T01:06:26","modified_gmt":"2014-02-01T07:06:26","slug":"cae-el-numero-dos-del-cartel-jalisco-nueva-generacion","status":"publish","type":"post","link":"https:\/\/www.diarioimagen.net\/?p=161369","title":{"rendered":"Capturan a \u201cEl Menchito\u201d, capo del c\u00e1rtel Jalisco Nueva Generaci\u00f3n"},"content":{"rendered":"<ul>\n<li><em><strong>Hay evidencia de que esta organizaci\u00f3n entreg\u00f3 armas a autodefensas: PGR<\/strong><\/em><\/li>\n<\/ul>\n<h6>Jos\u00e9 Luis Monta\u00f1ez<\/h6>\n<div id=\"attachment_161490\" style=\"width: 293px\" class=\"wp-caption alignleft\"><a href=\"http:\/\/www.diarioimagen.net\/wp-content\/uploads\/2014\/01\/menchito-2283.jpg\"><img loading=\"lazy\" decoding=\"async\" aria-describedby=\"caption-attachment-161490\" class=\" wp-image-161490 \" alt=\"Este es Rub\u00e9n Oseguera \u201cEl Menchito\u201d, segundo en el mando del c\u00e1rtel de Jalisco Nueva Generaci\u00f3n.\" src=\"http:\/\/www.diarioimagen.net\/wp-content\/uploads\/2014\/01\/menchito-2283-404x420.jpg\" width=\"283\" height=\"294\" srcset=\"https:\/\/www.diarioimagen.net\/wp-content\/uploads\/2014\/01\/menchito-2283-404x420.jpg 404w, https:\/\/www.diarioimagen.net\/wp-content\/uploads\/2014\/01\/menchito-2283-231x240.jpg 231w, https:\/\/www.diarioimagen.net\/wp-content\/uploads\/2014\/01\/menchito-2283.jpg 700w\" sizes=\"auto, (max-width: 283px) 100vw, 283px\" \/><\/a><p id=\"caption-attachment-161490\" class=\"wp-caption-text\">Este es Rub\u00e9n Oseguera \u201cEl Menchito\u201d, segundo en el mando del c\u00e1rtel de Jalisco Nueva Generaci\u00f3n.<\/p><\/div>\n<p>Elementos del Ej\u00e9rcito detuvieron en Zapopan, Jalisco, a Rub\u00e9n Oseguera Gonz\u00e1lez, \u201cEl Junior\u201d o \u201cEl Menchito\u201d, segundo mando en la estructura del c\u00e1rtel de Jalisco Nueva Generaci\u00f3n.<\/p>\n<p>Funcionarios que participan en el gabinete de seguridad nacional confirmaron la detenci\u00f3n e indicaron que dicho personaje fue trasladado a la ciudad de M\u00e9xico y puesto a disposici\u00f3n de la Subprocuradur\u00eda Especializada en Investigaci\u00f3n de Delincuencia Organizada (SEIDO).<\/p>\n<p>\u201cEl Menchito\u201d fue aprehendido por efectivos del Ej\u00e9rcito\u00a0 y de la Secretar\u00eda de Marina durante un operativo realizado en el municipio de Zapopan, Jalisco. Es hijo del l\u00edder de la organizaci\u00f3n, Nemesio Oseguera Cervantes \u201cEl Mencho\u201d, quien escap\u00f3 el a\u00f1o pasado de un operativo del Ej\u00e9rcito en Jalisco.<\/p>\n<p>Fue detenido con cuatro personas m\u00e1s en posesi\u00f3n de armas de uso exclusivo del Ej\u00e9rcito dentro de una residencia en la colonia Jardines Universidad, lo que gener\u00f3 que integrantes del c\u00e1rtel Jalisco Nueva Generaci\u00f3n trataran de evitar su traslado y rescatarlo de las autoridades. Para ello prendieron fuego a varias unidades de transporte p\u00fablico en los alrededores de donde se llev\u00f3 a cabo la detenci\u00f3n, informaron los funcionarios. \u201cEl Junior\u201d o \u201cEl Menchito\u201d se encargaba de coordinar las operaciones de esa organizaci\u00f3n, la cual tiene una alianza con el c\u00e1rtel de Sinaloa, liderado por Joaqu\u00edn \u201cEl Chapo\u201d Guzm\u00e1n Loera, adem\u00e1s de que en los \u00faltimos meses ha sostenido disputas territoriales con \u201cLos Caballeros Templarios\u201d en la zona de Michoac\u00e1n.<\/p>\n<p>Por su parte, el procurador de la Rep\u00fablica, Jes\u00fas Murillo Karam, asegur\u00f3 que tiene evidencia de que el c\u00e1rtel de Jalisco Nueva Generaci\u00f3n ha entregado armas a grupos de autodefensa, toda vez que hay dos detenidos que as\u00ed lo confesaron y se ha abierto un periodo de investigaci\u00f3n.<\/p>\n<p>Explic\u00f3: \u201cLa evidencia que tengo est\u00e1 convertida en consignaci\u00f3n. Hay dos detenidos que fueron agarrados cuando se ostentaron como autodefensas entre un grupo m\u00e1s amplio y que confesaron haber recibido las armas de este c\u00e1rtel; lo dem\u00e1s est\u00e1 en periodo de investigaci\u00f3n\u201d.<\/p>\n<p>Sobre la detenci\u00f3n de \u201cEl Menchito\u201d, el procurador dijo que se ostent\u00f3 con dos nombres, es decir, el de Rub\u00e9n Oseguera como su padre y el de Rub\u00e9n Garibay. Entrevistado luego de reunirse con senadores del PRI, Murillo dijo que no es preciso el dato, pero se le habr\u00eda detenido con 10 o 16 millones de pesos. \u201cNo lo he podido verificar porque tengo dos horas encerrado aqu\u00ed\u201d. Dijo que tambi\u00e9n se le decomis\u00f3 un veh\u00edculo blindado y 500 mil d\u00f3lares.<\/p>\n<p>A su vez, Monte Alejandro Rubido, secretario ejecutivo del Sistema Nacional de Seguridad P\u00fablica, inform\u00f3 que las detenciones en Zapopan se realizaron sin ning\u00fan disparo.<b><\/b><\/p>\n","protected":false},"excerpt":{"rendered":"<p><span style=\"color: #005497;\"><strong>Jos\u00e9 Luis Monta\u00f1ez<\/strong><\/span><br \/>\n<br \/>\nElementos del Ej\u00e9rcito detuvieron en Zapopan, Jalisco, a Rub\u00e9n Oseguera Gonz\u00e1lez, \u201cEl Junior\u201d o \u201cEl Menchito\u201d, segundo mando en la estructura del c\u00e1rtel de Jalisco Nueva Generaci\u00f3n. Funcionarios que participan en el gabinete de seguridad nacional confirmaron la detenci\u00f3n e indicaron que dicho personaje fue trasladado a la ciudad de M\u00e9xico y puesto a disposici\u00f3n de la Subprocuradur\u00eda Especializada en Investigaci\u00f3n de Delincuencia Organizada (SEIDO).<\/p>\n","protected":false},"author":5,"featured_media":161491,"comment_status":"open","ping_status":"open","sticky":false,"template":"","format":"standard","meta":{"_monsterinsights_skip_tracking":false,"_monsterinsights_sitenote_active":false,"_monsterinsights_sitenote_note":"","_monsterinsights_sitenote_category":0,"footnotes":""},"categories":[17,7],"tags":[43,24514,3250],"class_list":["post-161369","post","type-post","status-publish","format-standard","has-post-thumbnail","hentry","category-especiales","category-seguridad","tag-jalisco","tag-nueva-generacion","tag-zapopan"],"_links":{"self":[{"href":"https:\/\/www.diarioimagen.net\/index.php?rest_route=\/wp\/v2\/posts\/161369","targetHints":{"allow":["GET"]}}],"collection":[{"href":"https:\/\/www.diarioimagen.net\/index.php?rest_route=\/wp\/v2\/posts"}],"about":[{"href":"https:\/\/www.diarioimagen.net\/index.php?rest_route=\/wp\/v2\/types\/post"}],"author":[{"embeddable":true,"href":"https:\/\/www.diarioimagen.net\/index.php?rest_route=\/wp\/v2\/users\/5"}],"replies":[{"embeddable":true,"href":"https:\/\/www.diarioimagen.net\/index.php?rest_route=%2Fwp%2Fv2%2Fcomments&post=161369"}],"version-history":[{"count":0,"href":"https:\/\/www.diarioimagen.net\/index.php?rest_route=\/wp\/v2\/posts\/161369\/revisions"}],"wp:featuredmedia":[{"embeddable":true,"href":"https:\/\/www.diarioimagen.net\/index.php?rest_route=\/wp\/v2\/media\/161491"}],"wp:attachment":[{"href":"https:\/\/www.diarioimagen.net\/index.php?rest_route=%2Fwp%2Fv2%2Fmedia&parent=161369"}],"wp:term":[{"taxonomy":"category","embeddable":true,"href":"https:\/\/www.diarioimagen.net\/index.php?rest_route=%2Fwp%2Fv2%2Fcategories&post=161369"},{"taxonomy":"post_tag","embeddable":true,"href":"https:\/\/www.diarioimagen.net\/index.php?rest_route=%2Fwp%2Fv2%2Ftags&post=161369"}],"curies":[{"name":"wp","href":"https:\/\/api.w.org\/{rel}","templated":true}]}}