{"id":161372,"date":"2014-01-30T16:10:44","date_gmt":"2014-01-30T22:10:44","guid":{"rendered":"http:\/\/www.diarioimagen.net\/?p=161372"},"modified":"2014-01-31T06:16:02","modified_gmt":"2014-01-31T12:16:02","slug":"juez-admite-juicio-de-amparo-de-morena-contra-reforma-energetica","status":"publish","type":"post","link":"https:\/\/www.diarioimagen.net\/?p=161372","title":{"rendered":"Juez admite juicio de amparo de Morena contra reforma energ\u00e9tica"},"content":{"rendered":"<ul>\n<li><em><strong>Cuauht\u00e9moc C\u00e1rdenas recibe m\u00e1s firmas a favor de la consulta popular; afirma que ya tiene 2 millones<\/strong><\/em><\/li>\n<\/ul>\n<div id=\"attachment_161373\" style=\"width: 250px\" class=\"wp-caption alignleft\"><img loading=\"lazy\" decoding=\"async\" aria-describedby=\"caption-attachment-161373\" class=\"size-medium wp-image-161373 \" alt=\"Para el abogado Jaime C\u00e1rdenas, asesor jur\u00eddico de Andr\u00e9s Manuel L\u00f3pez Obrador, significa un gran paso adelante el hecho de que una autoridad judicial haya decidido aceptar para su estudio la demanda de amparo. \" src=\"http:\/\/www.diarioimagen.net\/wp-content\/uploads\/2014\/01\/morena-portal-240x135.jpg\" width=\"240\" height=\"135\" srcset=\"https:\/\/www.diarioimagen.net\/wp-content\/uploads\/2014\/01\/morena-portal-240x135.jpg 240w, https:\/\/www.diarioimagen.net\/wp-content\/uploads\/2014\/01\/morena-portal-420x236.jpg 420w, https:\/\/www.diarioimagen.net\/wp-content\/uploads\/2014\/01\/morena-portal-235x132.jpg 235w, https:\/\/www.diarioimagen.net\/wp-content\/uploads\/2014\/01\/morena-portal-202x114.jpg 202w, https:\/\/www.diarioimagen.net\/wp-content\/uploads\/2014\/01\/morena-portal-350x196.jpg 350w, https:\/\/www.diarioimagen.net\/wp-content\/uploads\/2014\/01\/morena-portal-220x123.jpg 220w, https:\/\/www.diarioimagen.net\/wp-content\/uploads\/2014\/01\/morena-portal-237x132.jpg 237w, https:\/\/www.diarioimagen.net\/wp-content\/uploads\/2014\/01\/morena-portal.jpg 480w\" sizes=\"auto, (max-width: 240px) 100vw, 240px\" \/><p id=\"caption-attachment-161373\" class=\"wp-caption-text\">Andr\u00e9s Manuel L\u00f3pez Obrador recurri\u00f3 a la justicia federal.<\/p><\/div>\n<p>El Juzgado Octavo de Distrito en Materia Administrativa de la Ciudad de M\u00e9xico admiti\u00f3 el juicio de amparo promovido por el Movimiento de Regeneraci\u00f3n Nacional (Morena) en contra de la aprobaci\u00f3n de la reforma constitucional en materia energ\u00e9tica.<\/p>\n<p>Lo anterior implica que el juez Fernando Silva Garc\u00eda entrar\u00e1 al estudio del expediente y emitir\u00e1 una opini\u00f3n en cuanto a si la figura del amparo es procedente para impugnar una modificaci\u00f3n constitucional de esta naturaleza.<\/p>\n<p>Para el abogado Jaime C\u00e1rdenas, asesor jur\u00eddico de Andr\u00e9s Manuel L\u00f3pez Obrador, significa un gran paso adelante el hecho de que una autoridad judicial haya decidido aceptar para su estudio la demanda de amparo. No obstante, puntualiz\u00f3 que el prop\u00f3sito principal del recurso es que el mismo sea atra\u00eddo por la Suprema Corte de Justicia de la Naci\u00f3n, debido a la importancia del asunto del que se trata.<\/p>\n<p>Mientras, en el monumento a la Revoluci\u00f3n, el colectivo \u201cEl grito m\u00e1s fuerte\u201d entreg\u00f3 a Cuauht\u00e9moc C\u00e1rdenas 5 mil firmas en demanda de la consulta popular con car\u00e1cter vinculatorio sobre la reforma energ\u00e9tica. El ingeniero inform\u00f3 que con estas firmas ya tiene 2 millones, con lo cual cumplen sobradamente con el requisito para exigir la aplicaci\u00f3n del ejercicio. Entre los participantes estuvieron Daniel Gim\u00e9nez Cacho, Bruno Bichir, Joa\u00adqu\u00edn Cos\u00edo, Julieta Egurrola y Rodrigo Murray.<\/p>\n<p>Por su parte, el l\u00edder del PRI, C\u00e9sar Camacho, manifest\u00f3 que los pri\u00edstas van a buscar los consensos en materia energ\u00e9tica, aun cuando tienen la mayor\u00eda para sacar adelante las leyes secundarias. Al iniciar los trabajos de la reuni\u00f3n plenaria de los senadores del PRI, pidi\u00f3 acelerar el paso y sacar adelante la agenda que podr\u00eda contener m\u00e1s de 85 asuntos en ambas c\u00e1maras en el periodo que inicia este s\u00e1bado, al sub\u00adrayar que \u201c2014 es el a\u00f1o para sorprender a propios y extra\u00f1os\u201d.<\/p>\n","protected":false},"excerpt":{"rendered":"<p>El Juzgado Octavo de Distrito en Materia Administrativa de la Ciudad de M\u00e9xico admiti\u00f3 el juicio de amparo promovido por el Movimiento de Regeneraci\u00f3n Nacional (Morena) en contra de la aprobaci\u00f3n de la reforma constitucional en materia energ\u00e9tica.<\/p>\n","protected":false},"author":5,"featured_media":161373,"comment_status":"open","ping_status":"open","sticky":false,"template":"","format":"standard","meta":{"_monsterinsights_skip_tracking":false,"_monsterinsights_sitenote_active":false,"_monsterinsights_sitenote_note":"","_monsterinsights_sitenote_category":0,"footnotes":""},"categories":[17,3],"tags":[5331,1352,20663,43673,26447],"class_list":["post-161372","post","type-post","status-publish","format-standard","has-post-thumbnail","hentry","category-especiales","category-nacional","tag-amparo","tag-andres-manuel-lopez-obrador","tag-morena","tag-nacional","tag-reforma-energetica"],"_links":{"self":[{"href":"https:\/\/www.diarioimagen.net\/index.php?rest_route=\/wp\/v2\/posts\/161372","targetHints":{"allow":["GET"]}}],"collection":[{"href":"https:\/\/www.diarioimagen.net\/index.php?rest_route=\/wp\/v2\/posts"}],"about":[{"href":"https:\/\/www.diarioimagen.net\/index.php?rest_route=\/wp\/v2\/types\/post"}],"author":[{"embeddable":true,"href":"https:\/\/www.diarioimagen.net\/index.php?rest_route=\/wp\/v2\/users\/5"}],"replies":[{"embeddable":true,"href":"https:\/\/www.diarioimagen.net\/index.php?rest_route=%2Fwp%2Fv2%2Fcomments&post=161372"}],"version-history":[{"count":0,"href":"https:\/\/www.diarioimagen.net\/index.php?rest_route=\/wp\/v2\/posts\/161372\/revisions"}],"wp:featuredmedia":[{"embeddable":true,"href":"https:\/\/www.diarioimagen.net\/index.php?rest_route=\/wp\/v2\/media\/161373"}],"wp:attachment":[{"href":"https:\/\/www.diarioimagen.net\/index.php?rest_route=%2Fwp%2Fv2%2Fmedia&parent=161372"}],"wp:term":[{"taxonomy":"category","embeddable":true,"href":"https:\/\/www.diarioimagen.net\/index.php?rest_route=%2Fwp%2Fv2%2Fcategories&post=161372"},{"taxonomy":"post_tag","embeddable":true,"href":"https:\/\/www.diarioimagen.net\/index.php?rest_route=%2Fwp%2Fv2%2Ftags&post=161372"}],"curies":[{"name":"wp","href":"https:\/\/api.w.org\/{rel}","templated":true}]}}