{"id":161425,"date":"2014-01-31T00:13:41","date_gmt":"2014-01-31T06:13:41","guid":{"rendered":"http:\/\/www.diarioimagen.net\/?p=161425"},"modified":"2014-02-04T22:59:58","modified_gmt":"2014-02-05T04:59:58","slug":"mexico-recobra-liderazgo-en-america-latina","status":"publish","type":"post","link":"https:\/\/www.diarioimagen.net\/?p=161425","title":{"rendered":"M\u00e9xico recobra liderazgo en Am\u00e9rica Latina"},"content":{"rendered":"<h2>Arco Norte<\/h2>\n<h5>Jos\u00e9 Luis Monta\u00f1ez Aguilar<\/h5>\n<div id=\"attachment_161318\" style=\"width: 250px\" class=\"wp-caption alignleft\"><a href=\"http:\/\/www.diarioimagen.net\/wp-content\/uploads\/2014\/01\/epn-2282.jpg\"><img loading=\"lazy\" decoding=\"async\" aria-describedby=\"caption-attachment-161318\" class=\"size-medium wp-image-161318 \" alt=\"El gobernador Eruviel \u00c1vila Villegas, en su calidad de coordinador de la Comisi\u00f3n de Asuntos Internacionales de la Conferencia Nacional de Gobernadores, celebr\u00f3 la destacada participaci\u00f3n del presidente Enrique Pe\u00f1a Nieto en la II Cumbre de la Comunidad de Estados Latinoamericanos y Caribe\u00f1os.\" src=\"http:\/\/www.diarioimagen.net\/wp-content\/uploads\/2014\/01\/epn-2282-240x135.jpg\" width=\"240\" height=\"135\" srcset=\"https:\/\/www.diarioimagen.net\/wp-content\/uploads\/2014\/01\/epn-2282-240x135.jpg 240w, https:\/\/www.diarioimagen.net\/wp-content\/uploads\/2014\/01\/epn-2282-420x236.jpg 420w, https:\/\/www.diarioimagen.net\/wp-content\/uploads\/2014\/01\/epn-2282-235x132.jpg 235w, https:\/\/www.diarioimagen.net\/wp-content\/uploads\/2014\/01\/epn-2282-202x114.jpg 202w, https:\/\/www.diarioimagen.net\/wp-content\/uploads\/2014\/01\/epn-2282-350x196.jpg 350w, https:\/\/www.diarioimagen.net\/wp-content\/uploads\/2014\/01\/epn-2282-220x123.jpg 220w, https:\/\/www.diarioimagen.net\/wp-content\/uploads\/2014\/01\/epn-2282-237x132.jpg 237w, https:\/\/www.diarioimagen.net\/wp-content\/uploads\/2014\/01\/epn-2282.jpg 480w\" sizes=\"auto, (max-width: 240px) 100vw, 240px\" \/><\/a><p id=\"caption-attachment-161318\" class=\"wp-caption-text\">El gobernador Eruviel \u00c1vila Villegas, en su calidad de coordinador de la Comisi\u00f3n de Asuntos Internacionales de la Conferencia Nacional de Gobernadores, celebr\u00f3 la destacada participaci\u00f3n del presidente Enrique Pe\u00f1a Nieto en la II Cumbre de la Comunidad de Estados Latinoamericanos y Caribe\u00f1os.<\/p><\/div>\n<p><span>El gobernador Eruviel \u00c1vila Villegas, en su calidad de coordinador de la Comisi\u00f3n de Asuntos Internacionales de la Conferencia Nacional de Gobernadores, celebr\u00f3 la destacada participaci\u00f3n del presidente Enrique Pe\u00f1a Nieto en la II Cumbre de la Comunidad de Estados Latinoamericanos y Caribe\u00f1os, con lo cual el pa\u00eds recobra el liderazgo en la regi\u00f3n al mostrar una imagen positiva ante el mundo y refrendando el prestigio de M\u00e9xico y los mexicanos, adem\u00e1s de fortalecer los lazos de cooperaci\u00f3n internacional. \u201cHoy por hoy, gracias al liderazgo del presidente Enrique Pe\u00f1a Nieto, podemos tener un pa\u00eds con mucho mejor imagen y, desde luego, nuestro primer mandatario est\u00e1 haciendo todo lo necesario para darle el respeto, darle el respaldo, el prestigio que tiene M\u00e9xico y los mexicanos, especialmente a trav\u00e9s de las reformas estructurales que \u00e9l mismo impuls\u00f3 y al trabajo que todos los mexicanos llevan a cabo d\u00eda a d\u00eda. Por eso nuestra felicitaci\u00f3n al presidente Pe\u00f1a Nieto, por haber tenido logros tan importantes en esta cumbre y por fortalecer los lazos de amistad, culturales, por poder intercambiar puntos de vista y sobre todo poder concretar intercambios comerciales, de turismo, con mandatarios de otros pa\u00edses de Latinoam\u00e9rica\u201d, expres\u00f3. Lo anterior lo dijo durante un encuentro con integrantes y dirigentes del Sindicato Nacional de Trabajadores de la Educaci\u00f3n, de las secciones 17 y 36, ante quienes reiter\u00f3 su compromiso de que todas las disposiciones legales, iniciativas, normas, reglamentos o leyes, relacionadas con la educaci\u00f3n y los maestros, se realizar\u00e1n con el consenso de los profesores. \u201cNo habr\u00e1 ninguna norma, ya sea iniciativa de ley, ya sea reglamento, circular o como se llame, que afecte a las maestras o maestros, de ninguna manera. Todas las disposiciones legales que este mes y el resto del sexenio se pongan a consideraci\u00f3n de los legisladores o de alguna otra instancia, ser\u00e1 consensuada con las maestras y maestros mexiquenses a trav\u00e9s de sus dirigencias sindicales\u201d.<\/span><\/p>\n<p><em><\/em><em><a href=\"mailto:montanezaguilar@gmail.com\" target=\"_blank\">montanezaguilar@gmail.com<\/a><\/em><\/p>\n","protected":false},"excerpt":{"rendered":"<p><span style=\"color: #005497;\"><strong>Jos\u00e9 Luis Monta\u00f1ez Aguilar<\/strong><\/span><br \/>\n<br \/>\nEl gobernador Eruviel \u00c1vila Villegas, en su calidad de coordinador de la Comisi\u00f3n de Asuntos Internacionales de la Conferencia Nacional de Gobernadores, celebr\u00f3 la destacada participaci\u00f3n del presidente Enrique Pe\u00f1a Nieto en la II Cumbre de la Comunidad de Estados Latinoamericanos y Caribe\u00f1os, con lo cual el pa\u00eds recobra el liderazgo en la regi\u00f3n al mostrar una imagen positiva ante el mundo y refrendando el prestigio de M\u00e9xico y los mexicanos, adem\u00e1s de fortalecer los lazos de cooperaci\u00f3n internacional.<\/p>\n","protected":false},"author":3,"featured_media":161318,"comment_status":"open","ping_status":"open","sticky":false,"template":"","format":"standard","meta":{"_monsterinsights_skip_tracking":false,"_monsterinsights_sitenote_active":false,"_monsterinsights_sitenote_note":"","_monsterinsights_sitenote_category":0,"footnotes":""},"categories":[11622],"tags":[13284,4276,43704,43674],"class_list":["post-161425","post","type-post","status-publish","format-standard","has-post-thumbnail","hentry","category-jose-luis-montanez-aguilar","tag-arco-norte","tag-conferencia-nacional-de-gobernadores","tag-jose-luis-montanez-aguilar","tag-opinion"],"_links":{"self":[{"href":"https:\/\/www.diarioimagen.net\/index.php?rest_route=\/wp\/v2\/posts\/161425","targetHints":{"allow":["GET"]}}],"collection":[{"href":"https:\/\/www.diarioimagen.net\/index.php?rest_route=\/wp\/v2\/posts"}],"about":[{"href":"https:\/\/www.diarioimagen.net\/index.php?rest_route=\/wp\/v2\/types\/post"}],"author":[{"embeddable":true,"href":"https:\/\/www.diarioimagen.net\/index.php?rest_route=\/wp\/v2\/users\/3"}],"replies":[{"embeddable":true,"href":"https:\/\/www.diarioimagen.net\/index.php?rest_route=%2Fwp%2Fv2%2Fcomments&post=161425"}],"version-history":[{"count":0,"href":"https:\/\/www.diarioimagen.net\/index.php?rest_route=\/wp\/v2\/posts\/161425\/revisions"}],"wp:featuredmedia":[{"embeddable":true,"href":"https:\/\/www.diarioimagen.net\/index.php?rest_route=\/wp\/v2\/media\/161318"}],"wp:attachment":[{"href":"https:\/\/www.diarioimagen.net\/index.php?rest_route=%2Fwp%2Fv2%2Fmedia&parent=161425"}],"wp:term":[{"taxonomy":"category","embeddable":true,"href":"https:\/\/www.diarioimagen.net\/index.php?rest_route=%2Fwp%2Fv2%2Fcategories&post=161425"},{"taxonomy":"post_tag","embeddable":true,"href":"https:\/\/www.diarioimagen.net\/index.php?rest_route=%2Fwp%2Fv2%2Ftags&post=161425"}],"curies":[{"name":"wp","href":"https:\/\/api.w.org\/{rel}","templated":true}]}}