{"id":161458,"date":"2014-01-31T00:07:01","date_gmt":"2014-01-31T06:07:01","guid":{"rendered":"http:\/\/www.diarioimagen.net\/?p=161458"},"modified":"2014-02-01T01:06:21","modified_gmt":"2014-02-01T07:06:21","slug":"pena-nieto-reafirma-lazos-de-amistad-mexico-cuba","status":"publish","type":"post","link":"https:\/\/www.diarioimagen.net\/?p=161458","title":{"rendered":"Pe\u00f1a Nieto reafirma lazos de amistad M\u00e9xico-Cuba"},"content":{"rendered":"<ul>\n<li><strong><em>El Presidente mexicano rechaza haber hablado con el ex mandatario sobre el regreso del PRI a Los Pinos<\/em><\/strong><\/li>\n<\/ul>\n<div id=\"attachment_161500\" style=\"width: 250px\" class=\"wp-caption alignleft\"><a href=\"http:\/\/www.diarioimagen.net\/wp-content\/uploads\/2014\/01\/epn-2283.jpg\"><img loading=\"lazy\" decoding=\"async\" aria-describedby=\"caption-attachment-161500\" class=\"size-medium wp-image-161500\" alt=\"El presidente Enrique Pe\u00f1a Nieto y el comandante Fidel Castro dialogaron por casi una hora en la residencia del l\u00edder cubano.\" src=\"http:\/\/www.diarioimagen.net\/wp-content\/uploads\/2014\/01\/epn-2283-240x180.jpg\" width=\"240\" height=\"180\" srcset=\"https:\/\/www.diarioimagen.net\/wp-content\/uploads\/2014\/01\/epn-2283-240x180.jpg 240w, https:\/\/www.diarioimagen.net\/wp-content\/uploads\/2014\/01\/epn-2283-420x315.jpg 420w, https:\/\/www.diarioimagen.net\/wp-content\/uploads\/2014\/01\/epn-2283.jpg 700w\" sizes=\"auto, (max-width: 240px) 100vw, 240px\" \/><\/a><p id=\"caption-attachment-161500\" class=\"wp-caption-text\">El presidente Enrique Pe\u00f1a Nieto y el comandante Fidel Castro dialogaron por casi una hora en la residencia del l\u00edder cubano.<\/p><\/div>\n<p>El presidente Enrique Pe\u00f1a Nieto le reafirm\u00f3 al comandante Fidel Castro los lazos de fraternidad y amistad entre M\u00e9xico y Cuba, as\u00ed como el inter\u00e9s por lograr \u201ccohesi\u00f3n\u201d entre Latinoam\u00e9rica y el Caribe.<\/p>\n<p>A su llegada a la capital del pa\u00eds, procedente de La Habana, Cuba, el Presidente coment\u00f3 sobre su reuni\u00f3n con el l\u00edder cubano, la cual fue estrictamente privada.<\/p>\n<p>Entrevistado a su llegada a la ciudad de M\u00e9xico, el primer mandatario rechaz\u00f3 que en su reuni\u00f3n con el l\u00edder de la revoluci\u00f3n cubana se haya hablado del regreso del PRI a los Pinos, \u201cNo fue el tema\u201d.<\/p>\n<p>Dijo que la conversaci\u00f3n fue muy cordial, en la que el comandante Castro Ruz record\u00f3 la relaci\u00f3n que durante su mandato llev\u00f3 con M\u00e9xico, as\u00ed como los a\u00f1os que estuvo en nuestro pa\u00eds.<\/p>\n<p>El jefe del Ejecutivo mexicano rechaz\u00f3, tambi\u00e9n, que el comandante Fidel Castro le haya hecho alguna petici\u00f3n. \u201cAbsolutamente ninguna\u201d, afirm\u00f3.<\/p>\n<p>Cuestionado sobre c\u00f3mo vio al comandante Castro, enfatiz\u00f3 que \u201cevidentemente en una edad muy avanzada, lo vi muy l\u00facido y adem\u00e1s cansando porque entiendo que hab\u00eda sostenido, no muchos, pero si varios encuentros con algunos otros jefes de Estado\u201d.<\/p>\n<p>Pe\u00f1a Nieto declar\u00f3 que es la primera vez que visita Cuba, \u201cla primera vez que tengo de visitar La Habana y sin duda la oportunidad de encontrarme con un personaje -Fidel- de la historia de Latinoam\u00e9rica y de la historia de la humanidad de los a\u00f1os recientes\u201d.<\/p>\n<p>Manifest\u00f3 que hablaron 50 minutos \u201csimplemente le di un saludo cordial, le dije que el hecho de haber estado en Cuba era para reafirmar los lazos de fraternidad, de amistad que hist\u00f3ricamente ha habido entre M\u00e9xico y Cuba\u201d.<\/p>\n<p align=\"center\">\u00a0<b>Regres\u00f3 a M\u00e9xico de madrugada<\/b><\/p>\n<p>El Ejecutivo federal inici\u00f3 a las 01:16 horas, de La Habana, Cuba, el regreso a la ciudad de M\u00e9xico en el avi\u00f3n TP01, tras reunirse con el comandante Fidel Castro y participar en la II Cumbre de Jefes de Estado y Gobierno de la Comunidad de Estados Latinoamericanos y Caribe\u00f1os (CELAC).<\/p>\n<p>En la Terminal Uno del Aeropuerto Internacional Jos\u00e9 Mart\u00ed, la aeronave mexicana despeg\u00f3 con la comitiva oficial encabezada por el primer mandatario, y su esposa, Ang\u00e9lica Rivera, acompa\u00f1ados del canciller Jos\u00e9 Antonio Meade, entre otros funcionarios.<\/p>\n<p>El jefe de la naci\u00f3n, en su \u00faltimo d\u00eda en la isla, sostuvo un encuentro de casi una hora con el l\u00edder de la Revoluci\u00f3n Cubana, Fidel Castro Ruz, y fue recibido en el Palacio de la Revoluci\u00f3n por su hom\u00f3logo de Cuba, Ra\u00fal Castro, bajo un estricto protocolo.<\/p>\n<p>Pe\u00f1a Nieto tambi\u00e9n realiz\u00f3 una visita oficial y convers\u00f3 con diez jefes de Estado, a los que convoc\u00f3 a convertirse en actores del fortalecimiento de la regi\u00f3n.<\/p>\n<p>Su agenda incluy\u00f3 reuniones bilaterales con los jefes de Estado de Argentina, Cristina Kirchner; Brasil, Dilma Rousseff; Ecuador, Rafael Correa; Guatemala, Otto P\u00e9rez Molina; Nicaragua, Daniel Ortega, as\u00ed como el primer ministro de San Vicente y las Granadinas, Ralph Gonsalves.<\/p>\n<p>Adem\u00e1s, con los presidentes de las naciones que, con M\u00e9xico conforman la Alianza del Pac\u00edfico: Per\u00fa, Ollanta Humala; Colombia, Juan Manuel Santos, y Chile, Sebasti\u00e1n Pi\u00f1era, as\u00ed como con la presidenta electa de esa naci\u00f3n, Michelle Bachelet.<\/p>\n<p>Se\u00f1al\u00f3 que las reuniones bilaterales, adem\u00e1s de trabajar en favor de un mayor acercamiento y cooperaci\u00f3n, tuvieron el prop\u00f3sito de fortalecer los lazos de intercambio comercial con M\u00e9xico y reafirmar nuevamente \u201cnuestro inter\u00e9s por ser actores de este fortalecimiento a la regi\u00f3n latinoamericana\u201d.<\/p>\n<p>El avi\u00f3n TP01 arrib\u00f3 a la ciudad de M\u00e9xico y en punto de las 03: 20 horas el Ejecutivo federal y su esposa, Ang\u00e9lica Rivera, descendieron de la aeronave acompa\u00f1ados por el titular de la Secretar\u00eda de Relaciones Exteriores, Jos\u00e9 Antonio Meade.<\/p>\n<p>&nbsp;<\/p>\n","protected":false},"excerpt":{"rendered":"<p>El presidente Enrique Pe\u00f1a Nieto le reafirm\u00f3 al comandante Fidel Castro los lazos de fraternidad y amistad entre M\u00e9xico y Cuba, as\u00ed como el inter\u00e9s por lograr \u201ccohesi\u00f3n\u201d entre Latinoam\u00e9rica y el Caribe. A su llegada a la capital del pa\u00eds, procedente de La Habana, Cuba, el Presidente coment\u00f3 sobre su reuni\u00f3n con el l\u00edder cubano, la cual fue estrictamente privada.<\/p>\n","protected":false},"author":3,"featured_media":161500,"comment_status":"open","ping_status":"open","sticky":false,"template":"","format":"standard","meta":{"_monsterinsights_skip_tracking":false,"_monsterinsights_sitenote_active":false,"_monsterinsights_sitenote_note":"","_monsterinsights_sitenote_category":0,"footnotes":""},"categories":[17,3],"tags":[21168,438,14608,2916,1546,43673],"class_list":["post-161458","post","type-post","status-publish","format-standard","has-post-thumbnail","hentry","category-especiales","category-nacional","tag-comunidad-de-estados-latinoamericanos-y-caribenos","tag-cuba","tag-fidel-castro","tag-la-habana","tag-los-pinos","tag-nacional"],"_links":{"self":[{"href":"https:\/\/www.diarioimagen.net\/index.php?rest_route=\/wp\/v2\/posts\/161458","targetHints":{"allow":["GET"]}}],"collection":[{"href":"https:\/\/www.diarioimagen.net\/index.php?rest_route=\/wp\/v2\/posts"}],"about":[{"href":"https:\/\/www.diarioimagen.net\/index.php?rest_route=\/wp\/v2\/types\/post"}],"author":[{"embeddable":true,"href":"https:\/\/www.diarioimagen.net\/index.php?rest_route=\/wp\/v2\/users\/3"}],"replies":[{"embeddable":true,"href":"https:\/\/www.diarioimagen.net\/index.php?rest_route=%2Fwp%2Fv2%2Fcomments&post=161458"}],"version-history":[{"count":0,"href":"https:\/\/www.diarioimagen.net\/index.php?rest_route=\/wp\/v2\/posts\/161458\/revisions"}],"wp:featuredmedia":[{"embeddable":true,"href":"https:\/\/www.diarioimagen.net\/index.php?rest_route=\/wp\/v2\/media\/161500"}],"wp:attachment":[{"href":"https:\/\/www.diarioimagen.net\/index.php?rest_route=%2Fwp%2Fv2%2Fmedia&parent=161458"}],"wp:term":[{"taxonomy":"category","embeddable":true,"href":"https:\/\/www.diarioimagen.net\/index.php?rest_route=%2Fwp%2Fv2%2Fcategories&post=161458"},{"taxonomy":"post_tag","embeddable":true,"href":"https:\/\/www.diarioimagen.net\/index.php?rest_route=%2Fwp%2Fv2%2Ftags&post=161458"}],"curies":[{"name":"wp","href":"https:\/\/api.w.org\/{rel}","templated":true}]}}