{"id":161552,"date":"2014-02-01T00:14:58","date_gmt":"2014-02-01T06:14:58","guid":{"rendered":"http:\/\/www.diarioimagen.net\/?p=161552"},"modified":"2014-02-03T03:17:13","modified_gmt":"2014-02-03T09:17:13","slug":"con-marchas-no-se-resolveran-los-problemas-de-mexico-afirma-eruviel-avila","status":"publish","type":"post","link":"https:\/\/www.diarioimagen.net\/?p=161552","title":{"rendered":"Con marchas no se resolver\u00e1n los problemas de M\u00e9xico, afirma Eruviel \u00c1vila"},"content":{"rendered":"<ul>\n<li><strong><i>Reiter\u00f3 su llamado a quienes est\u00e1n en contra de la reforma energ\u00e9tica, a cerrar filas por el bien de M\u00e9xico.<\/i><\/strong><\/li>\n<li><strong><i>El gobernador asegur\u00f3 que en la entidad ya se trabaja en las leyes locales para adecuarse a las modificaciones de la reforma pol\u00edtico-electoral, con el prop\u00f3sito de respetar y ejecutar las nuevas disposiciones.<\/i><\/strong><\/li>\n<\/ul>\n<div id=\"attachment_161553\" style=\"width: 250px\" class=\"wp-caption alignleft\"><a href=\"http:\/\/www.diarioimagen.net\/wp-content\/uploads\/2014\/02\/eruviel-dinner.jpg\"><img loading=\"lazy\" decoding=\"async\" aria-describedby=\"caption-attachment-161553\" class=\"size-medium wp-image-161553\" alt=\"El gobernador Eruviel \u00c1vila Villegas hizo un llamado a quienes se oponen a la reforma energ\u00e9tica para cerrar filas por el bien de M\u00e9xico y respetar las normas, al inaugurar la Experiencia Dinner in the Sky, un nuevo atractivo tur\u00edstico en la regi\u00f3n, que consiste en ofrecer servicios gastron\u00f3micos sobre una plataforma suspendida a 45 metros de altura, con lo cual se promueve al Estado de M\u00e9xico, en especial la zona arqueol\u00f3gica de este municipio.\" src=\"http:\/\/www.diarioimagen.net\/wp-content\/uploads\/2014\/02\/eruviel-dinner-240x135.jpg\" width=\"240\" height=\"135\" srcset=\"https:\/\/www.diarioimagen.net\/wp-content\/uploads\/2014\/02\/eruviel-dinner-240x135.jpg 240w, https:\/\/www.diarioimagen.net\/wp-content\/uploads\/2014\/02\/eruviel-dinner-420x236.jpg 420w, https:\/\/www.diarioimagen.net\/wp-content\/uploads\/2014\/02\/eruviel-dinner-235x132.jpg 235w, https:\/\/www.diarioimagen.net\/wp-content\/uploads\/2014\/02\/eruviel-dinner-202x114.jpg 202w, https:\/\/www.diarioimagen.net\/wp-content\/uploads\/2014\/02\/eruviel-dinner-350x196.jpg 350w, https:\/\/www.diarioimagen.net\/wp-content\/uploads\/2014\/02\/eruviel-dinner-220x123.jpg 220w, https:\/\/www.diarioimagen.net\/wp-content\/uploads\/2014\/02\/eruviel-dinner-237x132.jpg 237w, https:\/\/www.diarioimagen.net\/wp-content\/uploads\/2014\/02\/eruviel-dinner.jpg 480w\" sizes=\"auto, (max-width: 240px) 100vw, 240px\" \/><\/a><p id=\"caption-attachment-161553\" class=\"wp-caption-text\">El gobernador Eruviel \u00c1vila Villegas hizo un llamado a quienes se oponen a la reforma energ\u00e9tica para cerrar filas por el bien de M\u00e9xico y respetar las normas, al inaugurar la Experiencia Dinner in the Sky, un nuevo atractivo tur\u00edstico en la regi\u00f3n, que consiste en ofrecer servicios gastron\u00f3micos sobre una plataforma suspendida a 45 metros de altura, con lo cual se promueve al Estado de M\u00e9xico, en especial la zona arqueol\u00f3gica de este municipio.<\/p><\/div>\n<p><b>Teotihuacan, Estado de M\u00e9xico.<\/b>&#8211; El gobernador Eruviel \u00c1vila Villegas afirm\u00f3 que no es con marchas ni manifestaciones como se resolver\u00e1n los problemas del pa\u00eds, por lo que hizo un llamado a quienes se oponen a la reforma energ\u00e9tica para cerrar filas por el bien de M\u00e9xico y respetar las normas, al tiempo de expresar su reconocimiento al presidente Enrique Pe\u00f1a Nieto, por la promulgaci\u00f3n de la reforma pol\u00edtico-electoral, y asegur\u00f3 que en la entidad ya se trabaja en las leyes locales para adecuarse a estas modificaciones, con el prop\u00f3sito de acatar y ejecutar las nuevas disposiciones.<\/p>\n<p>\u201cEn el Estado de M\u00e9xico estamos trabajando en la actualizaci\u00f3n de las leyes locales para presentar una iniciativa concreta, en pr\u00f3ximas semanas, en pr\u00f3ximos meses, a efecto de que, en su caso, sea aprobada, modificada, mejorada por el Congreso del Estado de M\u00e9xico. No es con marchas, no es con manifestaciones como vamos a solucionar los problemas de M\u00e9xico, hoy tenemos el basamento, tenemos ya los pilares firmes, tenemos los cimientos s\u00f3lidos de lo que ser\u00e1 y es esta gran reforma nacional, las reformas estructurales, como lo es la reforma energ\u00e9tica, que es de gran importancia para el pa\u00eds\u201d, expres\u00f3.<\/p>\n<p>Eruviel \u00c1vila resalt\u00f3 que aunque hay temas de la reforma pol\u00edtica con los que no comulga, como la reelecci\u00f3n y la elecci\u00f3n de consejeros electorales para los estados desde el centro, respeta la decisi\u00f3n del Congreso de la Uni\u00f3n y del Constituyente Permanente, donde ya fue aprobada, y por lo que corresponde al Gobierno del Estado de M\u00e9xico se ejecutar\u00e1n, respetar\u00e1n y cumplir\u00e1n.<\/p>\n<p>Ante las movilizaciones en contra de la reforma energ\u00e9tica, enfatiz\u00f3 que aunque algunos sectores est\u00e9n en desacuerdo con las nuevas disposiciones, \u00e9stas se deben cumplir, y las manifestaciones de rechazo no contribuyen al desarrollo del pa\u00eds.<\/p>\n<p>Destac\u00f3 que una vez que el Congreso de la Uni\u00f3n, las Legislaturas locales y los actores pol\u00edticos se han puesto de acuerdo para establecer una norma, se debe respetar; por lo que convoc\u00f3 a empresarios, pol\u00edticos, sociedad civil y todos los sectores para unir esfuerzos y concretar las reformas impulsadas por el Gobierno de la Rep\u00fablica, pues la ciudadan\u00eda\u00a0 espera un trabajo coordinado y resultados.<\/p>\n","protected":false},"excerpt":{"rendered":"<p>El gobernador Eruviel \u00c1vila Villegas afirm\u00f3 que no es con marchas ni manifestaciones como se resolver\u00e1n los problemas del pa\u00eds, por lo que hizo un llamado a quienes se oponen a la reforma energ\u00e9tica para cerrar filas por el bien de M\u00e9xico y respetar las normas, al tiempo de expresar su reconocimiento al presidente Enrique Pe\u00f1a Nieto, por la promulgaci\u00f3n de la reforma pol\u00edtico-electoral, y asegur\u00f3 que en la entidad ya se trabaja en las leyes locales para adecuarse a estas modificaciones, con el prop\u00f3sito de acatar y ejecutar las nuevas disposiciones<\/p>\n","protected":false},"author":1,"featured_media":161553,"comment_status":"open","ping_status":"open","sticky":false,"template":"","format":"standard","meta":{"_monsterinsights_skip_tracking":false,"_monsterinsights_sitenote_active":false,"_monsterinsights_sitenote_note":"","_monsterinsights_sitenote_category":0,"footnotes":""},"categories":[17],"tags":[18,5828,26447],"class_list":["post-161552","post","type-post","status-publish","format-standard","has-post-thumbnail","hentry","category-especiales","tag-enrique-pena-nieto","tag-eruviel-avila-villegas","tag-reforma-energetica"],"_links":{"self":[{"href":"https:\/\/www.diarioimagen.net\/index.php?rest_route=\/wp\/v2\/posts\/161552","targetHints":{"allow":["GET"]}}],"collection":[{"href":"https:\/\/www.diarioimagen.net\/index.php?rest_route=\/wp\/v2\/posts"}],"about":[{"href":"https:\/\/www.diarioimagen.net\/index.php?rest_route=\/wp\/v2\/types\/post"}],"author":[{"embeddable":true,"href":"https:\/\/www.diarioimagen.net\/index.php?rest_route=\/wp\/v2\/users\/1"}],"replies":[{"embeddable":true,"href":"https:\/\/www.diarioimagen.net\/index.php?rest_route=%2Fwp%2Fv2%2Fcomments&post=161552"}],"version-history":[{"count":0,"href":"https:\/\/www.diarioimagen.net\/index.php?rest_route=\/wp\/v2\/posts\/161552\/revisions"}],"wp:featuredmedia":[{"embeddable":true,"href":"https:\/\/www.diarioimagen.net\/index.php?rest_route=\/wp\/v2\/media\/161553"}],"wp:attachment":[{"href":"https:\/\/www.diarioimagen.net\/index.php?rest_route=%2Fwp%2Fv2%2Fmedia&parent=161552"}],"wp:term":[{"taxonomy":"category","embeddable":true,"href":"https:\/\/www.diarioimagen.net\/index.php?rest_route=%2Fwp%2Fv2%2Fcategories&post=161552"},{"taxonomy":"post_tag","embeddable":true,"href":"https:\/\/www.diarioimagen.net\/index.php?rest_route=%2Fwp%2Fv2%2Ftags&post=161552"}],"curies":[{"name":"wp","href":"https:\/\/api.w.org\/{rel}","templated":true}]}}