{"id":161554,"date":"2014-02-01T00:10:31","date_gmt":"2014-02-01T06:10:31","guid":{"rendered":"http:\/\/www.diarioimagen.net\/?p=161554"},"modified":"2014-02-02T00:18:35","modified_gmt":"2014-02-02T06:18:35","slug":"transmitira-segob-juegos-olimpicos-de-invierno-2014","status":"publish","type":"post","link":"https:\/\/www.diarioimagen.net\/?p=161554","title":{"rendered":"Transmitir\u00e1 Segob Juegos Ol\u00edmpicos de Invierno 2014"},"content":{"rendered":"<ul>\n<li><em><strong>El Canal del Organismo Promotor de Medios Audiovisuales (OPMA) de la Secretar\u00eda de Gobernaci\u00f3n (Segob), denominado \u201cUna voz con todos\u201d, transmitir\u00e1 en alta definici\u00f3n (HD) los XXII Juegos Ol\u00edmpicos de Invierno, en Sochi, Rusia.<\/strong><\/em><\/li>\n<\/ul>\n<p><a href=\"http:\/\/www.diarioimagen.net\/wp-content\/uploads\/2014\/02\/sochi-2014.jpg\"><img loading=\"lazy\" decoding=\"async\" class=\"alignleft size-medium wp-image-161556\" style=\"margin-right: 9px; margin-bottom: 9px;\" alt=\"sochi-2014\" src=\"http:\/\/www.diarioimagen.net\/wp-content\/uploads\/2014\/02\/sochi-2014-240x135.jpg\" width=\"240\" height=\"135\" srcset=\"https:\/\/www.diarioimagen.net\/wp-content\/uploads\/2014\/02\/sochi-2014-240x135.jpg 240w, https:\/\/www.diarioimagen.net\/wp-content\/uploads\/2014\/02\/sochi-2014-420x236.jpg 420w, https:\/\/www.diarioimagen.net\/wp-content\/uploads\/2014\/02\/sochi-2014-235x132.jpg 235w, https:\/\/www.diarioimagen.net\/wp-content\/uploads\/2014\/02\/sochi-2014-202x114.jpg 202w, https:\/\/www.diarioimagen.net\/wp-content\/uploads\/2014\/02\/sochi-2014-350x196.jpg 350w, https:\/\/www.diarioimagen.net\/wp-content\/uploads\/2014\/02\/sochi-2014-220x123.jpg 220w, https:\/\/www.diarioimagen.net\/wp-content\/uploads\/2014\/02\/sochi-2014-237x132.jpg 237w, https:\/\/www.diarioimagen.net\/wp-content\/uploads\/2014\/02\/sochi-2014.jpg 480w\" sizes=\"auto, (max-width: 240px) 100vw, 240px\" \/><\/a>La justa ol\u00edmpica se transmitir\u00e1 a partir del 7 de febrero con un horario de las 00:00 a las 12:00 horas, as\u00ed como res\u00famenes informativos a las 9:00, 15:00 y 21:00 horas, debido a la diferencia de horarios.<\/p>\n<p>La transmisi\u00f3n del evento iniciar\u00e1 el viernes 7 de febrero a las 8:00 horas, como un pre\u00e1mbulo a la ceremonia de inauguraci\u00f3n programada a las 10:00 horas de ese mismo d\u00eda.<\/p>\n<p>El canal \u201cUna voz con todos\u201d incorporar\u00e1 una retransmisi\u00f3n de las competencias de mayor relevancia, que abarcar\u00e1 de las 16:00 a las 20:00 horas.<\/p>\n<p>La Segob inform\u00f3 en un comunicado que la transmisi\u00f3n es producto de un acuerdo suscrito con Am\u00e9rica M\u00f3vil, y subray\u00f3 que de esta manera el OPMA cumple con unos de sus objetivos primordiales de beneficiar a la poblaci\u00f3n mexicana.<\/p>\n<p>Para la transmisi\u00f3n se utilizar\u00e1 tecnolog\u00eda de vanguardia a 17 ciudades de la Rep\u00fablica, que representa 56 por ciento de la poblaci\u00f3n nacional, a trav\u00e9s de la operaci\u00f3n y administraci\u00f3n de la Red de Antenas Retransmisoras que cuentan con tecnolog\u00eda digital terrestre.<\/p>\n<p>La Segob consider\u00f3 que la OPMA se consolidar\u00e1 en este a\u00f1o como una cadena nacional de televisi\u00f3n p\u00fablica, que brindar\u00e1 a la poblaci\u00f3n producciones de calidad, como lo son los Juegos Ol\u00edmpicos de Invierno 2014.<\/p>\n<p>Detall\u00f3 que de acuerdo con el lugar de la Rep\u00fablica en donde se desee captar la se\u00f1al, se puede realizar a trav\u00e9s del enlace www.unavozcontodos.mx<\/p>\n","protected":false},"excerpt":{"rendered":"<p>El Canal del Organismo Promotor de Medios Audiovisuales (OPMA) de la Secretar\u00eda de Gobernaci\u00f3n (Segob), denominado \u201cUna voz con todos\u201d, transmitir\u00e1 en alta definici\u00f3n (HD) los XXII Juegos Ol\u00edmpicos de Invierno, en Sochi, Rusia. La justa ol\u00edmpica se transmitir\u00e1 a partir del 7 de febrero con un horario de las 00:00 a las 12:00 horas, as\u00ed como res\u00famenes informativos a las 9:00, 15:00 y 21:00 horas, debido a la diferencia de horarios.<\/p>\n","protected":false},"author":1,"featured_media":161556,"comment_status":"open","ping_status":"open","sticky":false,"template":"","format":"standard","meta":{"_monsterinsights_skip_tracking":false,"_monsterinsights_sitenote_active":false,"_monsterinsights_sitenote_note":"","_monsterinsights_sitenote_category":0,"footnotes":""},"categories":[3],"tags":[10519,702,30153],"class_list":["post-161554","post","type-post","status-publish","format-standard","has-post-thumbnail","hentry","category-nacional","tag-destacadas-2","tag-segob","tag-sochi-2014"],"_links":{"self":[{"href":"https:\/\/www.diarioimagen.net\/index.php?rest_route=\/wp\/v2\/posts\/161554","targetHints":{"allow":["GET"]}}],"collection":[{"href":"https:\/\/www.diarioimagen.net\/index.php?rest_route=\/wp\/v2\/posts"}],"about":[{"href":"https:\/\/www.diarioimagen.net\/index.php?rest_route=\/wp\/v2\/types\/post"}],"author":[{"embeddable":true,"href":"https:\/\/www.diarioimagen.net\/index.php?rest_route=\/wp\/v2\/users\/1"}],"replies":[{"embeddable":true,"href":"https:\/\/www.diarioimagen.net\/index.php?rest_route=%2Fwp%2Fv2%2Fcomments&post=161554"}],"version-history":[{"count":0,"href":"https:\/\/www.diarioimagen.net\/index.php?rest_route=\/wp\/v2\/posts\/161554\/revisions"}],"wp:featuredmedia":[{"embeddable":true,"href":"https:\/\/www.diarioimagen.net\/index.php?rest_route=\/wp\/v2\/media\/161556"}],"wp:attachment":[{"href":"https:\/\/www.diarioimagen.net\/index.php?rest_route=%2Fwp%2Fv2%2Fmedia&parent=161554"}],"wp:term":[{"taxonomy":"category","embeddable":true,"href":"https:\/\/www.diarioimagen.net\/index.php?rest_route=%2Fwp%2Fv2%2Fcategories&post=161554"},{"taxonomy":"post_tag","embeddable":true,"href":"https:\/\/www.diarioimagen.net\/index.php?rest_route=%2Fwp%2Fv2%2Ftags&post=161554"}],"curies":[{"name":"wp","href":"https:\/\/api.w.org\/{rel}","templated":true}]}}