{"id":161591,"date":"2014-02-03T00:03:50","date_gmt":"2014-02-03T06:03:50","guid":{"rendered":"http:\/\/www.diarioimagen.net\/?p=161591"},"modified":"2014-02-04T04:03:43","modified_gmt":"2014-02-04T10:03:43","slug":"iglesia-catolica-rechaza-la-legalizacion-de-la-mariguana","status":"publish","type":"post","link":"https:\/\/www.diarioimagen.net\/?p=161591","title":{"rendered":"Iglesia cat\u00f3lica rechaza la legalizaci\u00f3n de la mariguana"},"content":{"rendered":"<ul>\n<li><em><strong>Acentuar\u00eda la farmacodependencia; \u201cla droga no se vence con la droga\u201d, advierte<\/strong><\/em><\/li>\n<\/ul>\n<div id=\"attachment_161592\" style=\"width: 250px\" class=\"wp-caption alignleft\"><img loading=\"lazy\" decoding=\"async\" aria-describedby=\"caption-attachment-161592\" class=\"size-medium wp-image-161592 \" alt=\"Por su parte, el cardenal Norberto Rivera Carrera llam\u00f3 a poner fin al ego\u00edsmo, la violencia, el odio y las adicciones, durante la misa dominical en la Catedral Metropolitana de la Ciudad de M\u00e9xico.\" src=\"http:\/\/www.diarioimagen.net\/wp-content\/uploads\/2014\/02\/mariguana-portal-240x135.jpg\" width=\"240\" height=\"135\" srcset=\"https:\/\/www.diarioimagen.net\/wp-content\/uploads\/2014\/02\/mariguana-portal-240x135.jpg 240w, https:\/\/www.diarioimagen.net\/wp-content\/uploads\/2014\/02\/mariguana-portal-420x236.jpg 420w, https:\/\/www.diarioimagen.net\/wp-content\/uploads\/2014\/02\/mariguana-portal-235x132.jpg 235w, https:\/\/www.diarioimagen.net\/wp-content\/uploads\/2014\/02\/mariguana-portal-202x114.jpg 202w, https:\/\/www.diarioimagen.net\/wp-content\/uploads\/2014\/02\/mariguana-portal-350x196.jpg 350w, https:\/\/www.diarioimagen.net\/wp-content\/uploads\/2014\/02\/mariguana-portal-220x123.jpg 220w, https:\/\/www.diarioimagen.net\/wp-content\/uploads\/2014\/02\/mariguana-portal-237x132.jpg 237w, https:\/\/www.diarioimagen.net\/wp-content\/uploads\/2014\/02\/mariguana-portal.jpg 480w\" sizes=\"auto, (max-width: 240px) 100vw, 240px\" \/><p id=\"caption-attachment-161592\" class=\"wp-caption-text\">El cardenal Norberto Rivera Carrera llam\u00f3 a poner fin a la violencia, el ego\u00edsmo y el odio, durante su misa dominical en la Catedral Metropolitana.<\/p><\/div>\n<p>La Arquidi\u00f3cesis Primada de M\u00e9xico rechaz\u00f3 la legalizaci\u00f3n del consumo de mariguana en M\u00e9xico, al argumentar que con ello se acentuar\u00eda la farmacodependencia, lo que afectar\u00eda principalmente a los j\u00f3venes y crear\u00eda un espejismo de evasi\u00f3n de la realidad.<\/p>\n<p>En su editorial titulado \u201cCiudad pacheca\u201d, publicado en el semanario cat\u00f3lico <i>Desde la Fe<\/i>, precis\u00f3 que tal medida que se quiere aprobar en la Asamblea Legislativa del Distrito Federal (ALDF), es parte de una cadena de degradaci\u00f3n social.<\/p>\n<p>Se\u00f1ala: \u201cPrimero atentaron contra la vida de los no nacidos, despu\u00e9s arremetieron contra valores e instituciones fundamentales del derecho civil, ahora toleran y promueven una sociedad adicta y enferma, la ciudad pacheca\u201d.<\/p>\n<p>De legalizarse el consumo de la mariguana, advierte el texto, los principales beneficiados ser\u00e1n los narcotraficantes y no la poblaci\u00f3n, pues no est\u00e1 comprobado fehacientemente que con ello se disminuir\u00eda la adquisici\u00f3n de las drogas sint\u00e9ticas.<\/p>\n<p>El semanario confesional sostiene que s\u00f3lo los valores, la educaci\u00f3n, la solidaridad y la justicia combaten el uso de drogas. La legalizaci\u00f3n de la mariguana est\u00e1 cerca de la l\u00f3gica del poder de los mercaderes de la muerte. La \u201cdroga no se vence con la droga\u201d.<\/p>\n<p>Por su parte, el cardenal Norberto Rivera Carrera llam\u00f3 a poner fin al ego\u00edsmo, la violencia, el rencor, el odio y las adicciones, durante la misa dominical en la Catedral Metropolitana de la ciudad de M\u00e9xico.<\/p>\n<p>\u201cEl fuego del amor, el esp\u00edritu del amor, ese fuego debe descongelar nuestro mundo aprisionado por el ego\u00edsmo, por la violencia, por el odio. Para lograr este fin, Jes\u00fas dijo a sus disc\u00edpulos: ustedes son la luz del mundo\u201d, se\u00f1al\u00f3 el jerarca religioso.<\/p>\n<p>La Arquidi\u00f3cesis de M\u00e9xico anunci\u00f3 tambi\u00e9n que celebrar\u00e1 la canonizaci\u00f3n de los beatos Juan Pablo II y Juan XXIII el pr\u00f3ximo 27 de abril, con una serie de actividades como la transmisi\u00f3n de la misa en vivo desde el Vaticano a la explanada de la Bas\u00edlica de Guadalupe.<\/p>\n<p>En esa fecha, el nombre de los dos jerarcas religiosos ser\u00e1 inscrito en el Libro de los Santos de la Iglesia cat\u00f3lica, durante la solemne celebraci\u00f3n que presidir\u00e1 el Papa Francisco.<\/p>\n","protected":false},"excerpt":{"rendered":"<p>La Arquidi\u00f3cesis Primada de M\u00e9xico rechaz\u00f3 la legalizaci\u00f3n del consumo de mariguana en M\u00e9xico, al argumentar que con ello se acentuar\u00eda la farmacodependencia, lo que afectar\u00eda principalmente a los j\u00f3venes y crear\u00eda un espejismo de evasi\u00f3n de la realidad.<\/p>\n","protected":false},"author":5,"featured_media":161592,"comment_status":"open","ping_status":"open","sticky":false,"template":"","format":"standard","meta":{"_monsterinsights_skip_tracking":false,"_monsterinsights_sitenote_active":false,"_monsterinsights_sitenote_note":"","_monsterinsights_sitenote_category":0,"footnotes":""},"categories":[17,6],"tags":[204,13774,4912,10981,1129,43677],"class_list":["post-161591","post","type-post","status-publish","format-standard","has-post-thumbnail","hentry","category-especiales","category-cd-de-mexico","tag-ciudad-de-mexico","tag-desde-la-fe","tag-iglesia-catolica","tag-legalizacion","tag-mariguana","tag-seguridad"],"_links":{"self":[{"href":"https:\/\/www.diarioimagen.net\/index.php?rest_route=\/wp\/v2\/posts\/161591","targetHints":{"allow":["GET"]}}],"collection":[{"href":"https:\/\/www.diarioimagen.net\/index.php?rest_route=\/wp\/v2\/posts"}],"about":[{"href":"https:\/\/www.diarioimagen.net\/index.php?rest_route=\/wp\/v2\/types\/post"}],"author":[{"embeddable":true,"href":"https:\/\/www.diarioimagen.net\/index.php?rest_route=\/wp\/v2\/users\/5"}],"replies":[{"embeddable":true,"href":"https:\/\/www.diarioimagen.net\/index.php?rest_route=%2Fwp%2Fv2%2Fcomments&post=161591"}],"version-history":[{"count":0,"href":"https:\/\/www.diarioimagen.net\/index.php?rest_route=\/wp\/v2\/posts\/161591\/revisions"}],"wp:featuredmedia":[{"embeddable":true,"href":"https:\/\/www.diarioimagen.net\/index.php?rest_route=\/wp\/v2\/media\/161592"}],"wp:attachment":[{"href":"https:\/\/www.diarioimagen.net\/index.php?rest_route=%2Fwp%2Fv2%2Fmedia&parent=161591"}],"wp:term":[{"taxonomy":"category","embeddable":true,"href":"https:\/\/www.diarioimagen.net\/index.php?rest_route=%2Fwp%2Fv2%2Fcategories&post=161591"},{"taxonomy":"post_tag","embeddable":true,"href":"https:\/\/www.diarioimagen.net\/index.php?rest_route=%2Fwp%2Fv2%2Ftags&post=161591"}],"curies":[{"name":"wp","href":"https:\/\/api.w.org\/{rel}","templated":true}]}}