{"id":161594,"date":"2014-02-03T00:09:11","date_gmt":"2014-02-03T06:09:11","guid":{"rendered":"http:\/\/www.diarioimagen.net\/?p=161594"},"modified":"2014-02-03T01:36:41","modified_gmt":"2014-02-03T07:36:41","slug":"gdf-repartio-40-mil-tamales-en-el-zocalo","status":"publish","type":"post","link":"https:\/\/www.diarioimagen.net\/?p=161594","title":{"rendered":"GDF reparti\u00f3 40 mil tamales en el Z\u00f3calo"},"content":{"rendered":"<ul>\n<li><em><strong>Tambi\u00e9n, 30 mil vasos con atole<\/strong><\/em><\/li>\n<li><em><strong>El alimento fue aportado por la Sedesol capitalina y nueve delegaciones pol\u00edticas del Distrito Federal<\/strong><\/em><\/li>\n<\/ul>\n<div id=\"attachment_161595\" style=\"width: 250px\" class=\"wp-caption alignleft\"><img loading=\"lazy\" decoding=\"async\" aria-describedby=\"caption-attachment-161595\" class=\"size-medium wp-image-161595 \" alt=\"El gobierno de la ciudad festej\u00f3 el D\u00eda de la Candelaria con una tamaliza en la plancha del Z\u00f3calo.\" src=\"http:\/\/www.diarioimagen.net\/wp-content\/uploads\/2014\/02\/TAMALIZA-portal-240x135.jpg\" width=\"240\" height=\"135\" srcset=\"https:\/\/www.diarioimagen.net\/wp-content\/uploads\/2014\/02\/TAMALIZA-portal-240x135.jpg 240w, https:\/\/www.diarioimagen.net\/wp-content\/uploads\/2014\/02\/TAMALIZA-portal-420x236.jpg 420w, https:\/\/www.diarioimagen.net\/wp-content\/uploads\/2014\/02\/TAMALIZA-portal-235x132.jpg 235w, https:\/\/www.diarioimagen.net\/wp-content\/uploads\/2014\/02\/TAMALIZA-portal-202x114.jpg 202w, https:\/\/www.diarioimagen.net\/wp-content\/uploads\/2014\/02\/TAMALIZA-portal-350x196.jpg 350w, https:\/\/www.diarioimagen.net\/wp-content\/uploads\/2014\/02\/TAMALIZA-portal-220x123.jpg 220w, https:\/\/www.diarioimagen.net\/wp-content\/uploads\/2014\/02\/TAMALIZA-portal-237x132.jpg 237w, https:\/\/www.diarioimagen.net\/wp-content\/uploads\/2014\/02\/TAMALIZA-portal.jpg 480w\" sizes=\"auto, (max-width: 240px) 100vw, 240px\" \/><p id=\"caption-attachment-161595\" class=\"wp-caption-text\">El gobierno de la ciudad festej\u00f3 el D\u00eda de la Candelaria con una tamaliza en la Plaza de la Constituci\u00f3n.<\/p><\/div>\n<p>El gobierno del Distrito Federal (GDF) festej\u00f3 el D\u00eda de la Candelaria con el reparto gratuito de 40 mil tamales y 30 mil vasos con atole en 20 carpas instaladas alrededor de la plancha de la Plaza de la Constituci\u00f3n.<\/p>\n<p>Personal de la Secretar\u00eda de Desarrollo Social del Distrito Federal reparti\u00f3 los alimentos al p\u00fablico asistente a la denominada \u201cTamaliza en el Z\u00f3calo\u201d.<\/p>\n<p>H\u00e9ctor Serrano, secretario de Gobierno del Distrito Federal, encabez\u00f3 la celebraci\u00f3n a la que tambi\u00e9n asistieron la secretaria de Desarrollo Social capitalina, Rosa Icela Rodr\u00edguez, y los delegados en Cuauht\u00e9moc, Alejandro Fern\u00e1ndez; Tl\u00e1huac, Angelina M\u00e9ndez; Azcapotzalco, Sergio Palacios, y Tlalpan, Maricela Contreras.<\/p>\n<p>Serrano Cort\u00e9s agradeci\u00f3 a los jefes delegacionales su aportaci\u00f3n y destac\u00f3 la variedad de tamales que se ofreci\u00f3 a la ciudadan\u00eda, lo cual habla del trabajo culinario realizado esta fecha.<\/p>\n<p>Por su parte, Rosa Icela Rodr\u00edguez coment\u00f3 que la dependencia a su cargo aport\u00f3 20 mil tamales y el resto lo llevaron las delegaciones Azcapotzalco, Benito Ju\u00e1rez, Cuajimalpa, Cuauht\u00e9moc, Coyoac\u00e1n, Gustavo A. Madero, Iztacalco, Iztalapapa, Miguel Hidalgo.<\/p>\n<p>Para preservar la tradici\u00f3n, tambi\u00e9n aportaron las demarcaciones Magdalena Contreras, Tlalpan, Tl\u00e1huac, Milpa Alta, Xochimilco y Venustiano Carranza.<\/p>\n<p>Destac\u00f3 que por instrucci\u00f3n del jefe de gobierno, Miguel \u00c1ngel Mancera, con la \u201ctamaliza\u201d se busca exhortar a la ciudadan\u00eda a mantener viva la tradici\u00f3n que contribuye a fortalecer lazos familiares y comunitarios e impactar en la recuperaci\u00f3n del tejido social en la ciudad.<\/p>\n<p>En las distintas carpas se distribuyeron tamales con hojas de pl\u00e1tano y de ma\u00edz, por lo que hubo tipo oaxaque\u00f1o, de dulce, mole, verde, rajas, espinaca con queso, pi\u00f1a, pasas, nopal con queso, frijol con mole, fresa, pi\u00f1a con coco y zarzamora, as\u00ed como atole de chocolate, nuez y vainilla.<\/p>\n","protected":false},"excerpt":{"rendered":"<p>El gobierno del Distrito Federal (GDF) festej\u00f3 el D\u00eda de la Candelaria con el reparto gratuito de 40 mil tamales y 30 mil vasos con atole en 20 carpas instaladas alrededor de la plancha de la Plaza de la Constituci\u00f3n.<\/p>\n","protected":false},"author":5,"featured_media":161595,"comment_status":"open","ping_status":"open","sticky":false,"template":"","format":"standard","meta":{"_monsterinsights_skip_tracking":false,"_monsterinsights_sitenote_active":false,"_monsterinsights_sitenote_note":"","_monsterinsights_sitenote_category":0,"footnotes":""},"categories":[6],"tags":[204,21519,43691,9563,7056],"class_list":["post-161594","post","type-post","status-publish","format-standard","has-post-thumbnail","hentry","category-cd-de-mexico","tag-ciudad-de-mexico","tag-dia-de-la-candelaria","tag-gdf","tag-plaza-de-la-constitucion","tag-zocalo"],"_links":{"self":[{"href":"https:\/\/www.diarioimagen.net\/index.php?rest_route=\/wp\/v2\/posts\/161594","targetHints":{"allow":["GET"]}}],"collection":[{"href":"https:\/\/www.diarioimagen.net\/index.php?rest_route=\/wp\/v2\/posts"}],"about":[{"href":"https:\/\/www.diarioimagen.net\/index.php?rest_route=\/wp\/v2\/types\/post"}],"author":[{"embeddable":true,"href":"https:\/\/www.diarioimagen.net\/index.php?rest_route=\/wp\/v2\/users\/5"}],"replies":[{"embeddable":true,"href":"https:\/\/www.diarioimagen.net\/index.php?rest_route=%2Fwp%2Fv2%2Fcomments&post=161594"}],"version-history":[{"count":0,"href":"https:\/\/www.diarioimagen.net\/index.php?rest_route=\/wp\/v2\/posts\/161594\/revisions"}],"wp:featuredmedia":[{"embeddable":true,"href":"https:\/\/www.diarioimagen.net\/index.php?rest_route=\/wp\/v2\/media\/161595"}],"wp:attachment":[{"href":"https:\/\/www.diarioimagen.net\/index.php?rest_route=%2Fwp%2Fv2%2Fmedia&parent=161594"}],"wp:term":[{"taxonomy":"category","embeddable":true,"href":"https:\/\/www.diarioimagen.net\/index.php?rest_route=%2Fwp%2Fv2%2Fcategories&post=161594"},{"taxonomy":"post_tag","embeddable":true,"href":"https:\/\/www.diarioimagen.net\/index.php?rest_route=%2Fwp%2Fv2%2Ftags&post=161594"}],"curies":[{"name":"wp","href":"https:\/\/api.w.org\/{rel}","templated":true}]}}