{"id":161597,"date":"2014-02-02T23:50:05","date_gmt":"2014-02-03T05:50:05","guid":{"rendered":"http:\/\/www.diarioimagen.net\/?p=161597"},"modified":"2014-02-03T03:18:55","modified_gmt":"2014-02-03T09:18:55","slug":"ceesp-las-reformas-daran-frutos-hasta-2015","status":"publish","type":"post","link":"https:\/\/www.diarioimagen.net\/?p=161597","title":{"rendered":"CEESP: las reformas dar\u00e1n frutos hasta 2015"},"content":{"rendered":"<ul>\n<li><em><strong>M\u00e9xico sigue un comportamiento inercial, dependiendo de lo que suceda en el exterior<\/strong><\/em><\/li>\n<\/ul>\n<div id=\"attachment_161598\" style=\"width: 250px\" class=\"wp-caption alignleft\"><img loading=\"lazy\" decoding=\"async\" aria-describedby=\"caption-attachment-161598\" class=\"size-medium wp-image-161598 \" alt=\"Refiri\u00f3 que la econom\u00eda mexicana creci\u00f3 1.5 por ciento en el \u00faltimo trimestre del a\u00f1o, de acuerdo con el reciente \u201cInforme sobre la situaci\u00f3n econ\u00f3mica, las finanzas p\u00fablicas y la deuda p\u00fablica\u201d de la Secretar\u00eda de Hacienda y Cr\u00e9dito P\u00fablico (SHCP). \" src=\"http:\/\/www.diarioimagen.net\/wp-content\/uploads\/2014\/02\/Ambulantes-portal-240x135.jpg\" width=\"240\" height=\"135\" srcset=\"https:\/\/www.diarioimagen.net\/wp-content\/uploads\/2014\/02\/Ambulantes-portal-240x135.jpg 240w, https:\/\/www.diarioimagen.net\/wp-content\/uploads\/2014\/02\/Ambulantes-portal-420x236.jpg 420w, https:\/\/www.diarioimagen.net\/wp-content\/uploads\/2014\/02\/Ambulantes-portal-235x132.jpg 235w, https:\/\/www.diarioimagen.net\/wp-content\/uploads\/2014\/02\/Ambulantes-portal-202x114.jpg 202w, https:\/\/www.diarioimagen.net\/wp-content\/uploads\/2014\/02\/Ambulantes-portal-350x196.jpg 350w, https:\/\/www.diarioimagen.net\/wp-content\/uploads\/2014\/02\/Ambulantes-portal-220x123.jpg 220w, https:\/\/www.diarioimagen.net\/wp-content\/uploads\/2014\/02\/Ambulantes-portal-237x132.jpg 237w, https:\/\/www.diarioimagen.net\/wp-content\/uploads\/2014\/02\/Ambulantes-portal.jpg 480w\" sizes=\"auto, (max-width: 240px) 100vw, 240px\" \/><p id=\"caption-attachment-161598\" class=\"wp-caption-text\">Los primeros frutos de las reformas estructurales realizadas por el Congreso se ver\u00e1n hasta el a\u00f1o entrante, afirma el organismo.<\/p><\/div>\n<p>Ser\u00e1 hasta el 2015 cuando las reformas estructurales rindan frutos, afirm\u00f3 el Centro de Estudios Econ\u00f3micos del Sector Privado. Est\u00e1 en manos del Congreso, dijo, lograr que el ritmo de crecimiento se eleve significativamente y permita que los mexicanos tengan acceso a empleos mejor remunerados.<\/p>\n<p>De acuerdo con el CEESP, \u201ces indispensable que las leyes secundarias que se aprueben generen una normatividad a prueba de desequilibrios; s\u00f3lo de esa manera se tendr\u00e1n resultados favorables en materia de crecimiento, empleo y bienestar\u201d.<\/p>\n<p>En su reporte semanal \u201cAn\u00e1lisis econ\u00f3mico ejecutivo\u201d opin\u00f3 que es urgente, adem\u00e1s, \u201creformar la reforma hacendaria\u201d para consolidar el est\u00edmulo a la inversi\u00f3n, el empleo y el crecimiento de la econom\u00eda. La econom\u00eda mundial, observ\u00f3, contin\u00faa evolucionando y recuperando terreno, en tanto que M\u00e9xico sigue mostrando un comportamiento inercial dependiendo, principalmente, de lo que sucede en el exterior.<\/p>\n<p>Refiri\u00f3 que la econom\u00eda mexicana creci\u00f3 1.5 por ciento en el \u00faltimo trimestre del a\u00f1o, de acuerdo con el reciente \u201cInforme sobre la situaci\u00f3n econ\u00f3mica, las finanzas p\u00fablicas y la deuda p\u00fablica\u201d de la Secretar\u00eda de Hacienda y Cr\u00e9dito P\u00fablico (SHCP). Este comportamiento, expuso, se relaciona principalmente con el efecto proveniente del dinamismo de la econom\u00eda estadounidense en igual lapso, cuando seg\u00fan la primera estimaci\u00f3n del Departamento de Comercio registr\u00f3 un crecimiento anualizado de 3.2 por ciento.<\/p>\n<p>Ello, asegur\u00f3, confirma la dependencia que hasta el momento tiene M\u00e9xico de lo pase en el exterior, y consider\u00f3 que la expectativa para 2014 se centra b\u00e1sicamente en lo que suceda alrededor del mundo, en especial en la econom\u00eda estadounidense.<b><\/b><\/p>\n","protected":false},"excerpt":{"rendered":"<p>Ser\u00e1 hasta el 2015 cuando las reformas estructurales rindan frutos, afirm\u00f3 el Centro de Estudios Econ\u00f3micos del Sector Privado. Est\u00e1 en manos del Congreso, dijo, lograr que el ritmo de crecimiento se eleve significativamente y permita que los mexicanos tengan acceso a empleos mejor remunerados.<\/p>\n","protected":false},"author":5,"featured_media":161598,"comment_status":"open","ping_status":"open","sticky":false,"template":"","format":"standard","meta":{"_monsterinsights_skip_tracking":false,"_monsterinsights_sitenote_active":false,"_monsterinsights_sitenote_note":"","_monsterinsights_sitenote_category":0,"footnotes":""},"categories":[17,3],"tags":[1274,1273,43673,18768],"class_list":["post-161597","post","type-post","status-publish","format-standard","has-post-thumbnail","hentry","category-especiales","category-nacional","tag-ceesp","tag-centro-de-estudios-economicos-del-sector-privado","tag-nacional","tag-reformas"],"_links":{"self":[{"href":"https:\/\/www.diarioimagen.net\/index.php?rest_route=\/wp\/v2\/posts\/161597","targetHints":{"allow":["GET"]}}],"collection":[{"href":"https:\/\/www.diarioimagen.net\/index.php?rest_route=\/wp\/v2\/posts"}],"about":[{"href":"https:\/\/www.diarioimagen.net\/index.php?rest_route=\/wp\/v2\/types\/post"}],"author":[{"embeddable":true,"href":"https:\/\/www.diarioimagen.net\/index.php?rest_route=\/wp\/v2\/users\/5"}],"replies":[{"embeddable":true,"href":"https:\/\/www.diarioimagen.net\/index.php?rest_route=%2Fwp%2Fv2%2Fcomments&post=161597"}],"version-history":[{"count":0,"href":"https:\/\/www.diarioimagen.net\/index.php?rest_route=\/wp\/v2\/posts\/161597\/revisions"}],"wp:featuredmedia":[{"embeddable":true,"href":"https:\/\/www.diarioimagen.net\/index.php?rest_route=\/wp\/v2\/media\/161598"}],"wp:attachment":[{"href":"https:\/\/www.diarioimagen.net\/index.php?rest_route=%2Fwp%2Fv2%2Fmedia&parent=161597"}],"wp:term":[{"taxonomy":"category","embeddable":true,"href":"https:\/\/www.diarioimagen.net\/index.php?rest_route=%2Fwp%2Fv2%2Fcategories&post=161597"},{"taxonomy":"post_tag","embeddable":true,"href":"https:\/\/www.diarioimagen.net\/index.php?rest_route=%2Fwp%2Fv2%2Ftags&post=161597"}],"curies":[{"name":"wp","href":"https:\/\/api.w.org\/{rel}","templated":true}]}}