{"id":161641,"date":"2014-02-03T00:07:19","date_gmt":"2014-02-03T06:07:19","guid":{"rendered":"http:\/\/www.diarioimagen.net\/?p=161641"},"modified":"2014-02-03T23:03:35","modified_gmt":"2014-02-04T05:03:35","slug":"frente-al-caos-de-pan-y-prd-pena-consolida-su-presidencia","status":"publish","type":"post","link":"https:\/\/www.diarioimagen.net\/?p=161641","title":{"rendered":"Frente al caos de PAN y PRD, Pe\u00f1a consolida su Presidencia"},"content":{"rendered":"<h2>Tras la puerta del poder<\/h2>\n<h5>Roberto Vizca\u00edno<\/h5>\n<p>&nbsp;<\/p>\n<ul>\n<li><strong><i>Gustavo Madero sabe que su batalla contra Calder\u00f3n y Cordero pende en mucho del Presidente<\/i><\/strong><\/li>\n<li><strong><i>Jes\u00fas Zambrano sac\u00f3 de la mesa del di\u00e1logo el acuerdo con Pe\u00f1a y a la izquierda mexicana<\/i><\/strong><\/li>\n<li><strong><i>El primer mandatario ya se les adelant\u00f3 y no s\u00f3lo se legitima, sino se fortalece<\/i><\/strong><\/li>\n<\/ul>\n<div id=\"attachment_161726\" style=\"width: 250px\" class=\"wp-caption alignleft\"><a href=\"http:\/\/www.diarioimagen.net\/wp-content\/uploads\/2014\/02\/control-LUIS-XAVIER-2284.jpg\"><img loading=\"lazy\" decoding=\"async\" aria-describedby=\"caption-attachment-161726\" class=\"size-medium wp-image-161726\" alt=\"Control\u2026 | Trizas\" src=\"http:\/\/www.diarioimagen.net\/wp-content\/uploads\/2014\/02\/control-LUIS-XAVIER-2284-240x183.jpg\" width=\"240\" height=\"183\" srcset=\"https:\/\/www.diarioimagen.net\/wp-content\/uploads\/2014\/02\/control-LUIS-XAVIER-2284-240x183.jpg 240w, https:\/\/www.diarioimagen.net\/wp-content\/uploads\/2014\/02\/control-LUIS-XAVIER-2284-420x320.jpg 420w, https:\/\/www.diarioimagen.net\/wp-content\/uploads\/2014\/02\/control-LUIS-XAVIER-2284.jpg 700w\" sizes=\"auto, (max-width: 240px) 100vw, 240px\" \/><\/a><p id=\"caption-attachment-161726\" class=\"wp-caption-text\">Control\u2026 | Trizas<\/p><\/div>\n<p>Al indicar que la foto de Pe\u00f1a Nieto con Fidel Castro le hab\u00eda costado a M\u00e9xico 5 mil millones de pesos, el panista Gustavo Madero intent\u00f3 trivializar y ensuciar el restablecimiento y normalizaci\u00f3n de las relaciones M\u00e9xico-Cuba logradas por el\u00a0 mandatario mexicano.<\/p>\n<p>Dos d\u00edas despu\u00e9s, el viernes pasado, Madero abrazaba y aplaud\u00eda a Pe\u00f1a Nieto durante la promulgaci\u00f3n de la reforma pol\u00edtica en un acto en el Castillo de Chapultepec en el mismo lugar donde hace un a\u00f1o y un mes se echaba a andar el Pacto por M\u00e9xico.<\/p>\n<p>Pe\u00f1a Nieto siempre estuvo amable, atento y complaciente con Madero. Cero resentimientos.<\/p>\n<p>La verdad es que el Presidente no tiene nada qu\u00e9 reclamarle ni a Madero ni a Jes\u00fas Zambrano, quien engrillado por su oposici\u00f3n interna, no asisti\u00f3 al acto de promulgaci\u00f3n de la reforma pol\u00edtica.<\/p>\n<p>Y Pe\u00f1a Nieto no tiene nada qu\u00e9 reclamar porque es el gran ganador de todos los juegos de poder de los \u00faltimos 14 meses, los que lleva al frente del pa\u00eds.<\/p>\n<p>En lo externo, con su viaje a Cuba y su encuentro con Fidel Castro, Pe\u00f1a Nieto restablece una relaci\u00f3n vital para M\u00e9xico en la regi\u00f3n. Una relaci\u00f3n que el panista Vicente Fox y su trasnochado canciller Jorge Casta\u00f1eda dinamitaron en una estrategia en la que tambi\u00e9n arrastraron al abismo a Hugo Ch\u00e1vez en Venezuela y alejaron a M\u00e9xico del bloque centroamericano y del sudamericano.<\/p>\n<p>En su primer a\u00f1o de gobierno, Pe\u00f1a Nieto ha realizado 19 viajes a la regi\u00f3n en la que ha recuperado la posici\u00f3n de M\u00e9xico en esta zona, ha ampliado acuerdos de libre comercio y ha embarcado a su pa\u00eds hacia un\u00a0 liderazgo continental que podr\u00eda consolidarse en 2015.<\/p>\n<p>Con su visita a Cuba, Pe\u00f1a Nieto se significa como un mandatario que tiene interlocuci\u00f3n lo mismo con mandatarios de derecha como el colombiano y con los de las izquierdas como son la brasile\u00f1a, el uruguayo, la argentina, el peruano y con la chilena.<\/p>\n<p>De igual forma se ha significado por su reposicionamiento en Centroam\u00e9rica y el Caribe.<\/p>\n<p>Ni qu\u00e9 decir que a fines de enero, en su viaje a Davos, Suiza, donde tuvo encuentros y disertaciones ante los jefes Estado y gobierno, y los empresarios m\u00e1s sobresalientes en el orbe, se consolid\u00f3 como uno de los gobernantes con mayor prospectiva en el mundo desarrollado.<\/p>\n<p>Todo esto lo sabe bien Madero. Como sabe que lidera un partido absolutamente fracturado y confrontado, donde su liderazgo est\u00e1 en riesgo todos los d\u00edas.<\/p>\n<p>Porque Madero sabe que su permanencia otros tres a\u00f1os al frente del PAN depende en buena medida de la voluntad de Pe\u00f1a Nieto, de un Presidente de la Rep\u00fablica que al impulsar propuestas del chihuahuense lo fortalece frente a los calderonistas-corderistas que quieren defenestrarlo cada 24 horas.<\/p>\n<p>Madero sabe que en estos siguientes 3 o 4 meses sus enemigos internos lo van a acorralar, atacar y asediar porque de eso depende no dejarlo quedarse con un partido que recibe unos 800 millones de pesos anuales y que significar\u00e1 al menos un centenar de nuevos diputados federales en 2015 y quiz\u00e1 algunas gubernaturas y muchas diputaciones locales y alcald\u00edas.<\/p>\n<p>Y un apoyo vital ser\u00e1 el que le pueda dar o negar Pe\u00f1a Nieto.<\/p>\n<p align=\"center\"><b>EL PRD<\/b><\/p>\n<p>En no mejor posici\u00f3n est\u00e1 Jes\u00fas Zambrano, l\u00edder formal del PRD, quien hoy vive en medio del conflicto y confrontaci\u00f3n de tribus y corrientes los previos para la transmisi\u00f3n de poderes internos a Carlos Navarrete, el candidato oficial de \u201cLos Chuchos\u201d, o Nueva Izquierda.<\/p>\n<p>Al haberse salido del Pacto por M\u00e9xico y al no asistir al acto de la promulgaci\u00f3n de la reforma pol\u00edtico-electoral, Zambrano declar\u00f3 oficialmente fuera del di\u00e1logo y el acuerdo con la Presidencia de la Republica a la parte institucional de la Izquierda mexicana.<\/p>\n<p>Con esta ausencia no pierden ni Pe\u00f1a Nieto ni su gobierno, menos a\u00fan Madero y el PAN -que quedan como los socios m\u00e1s confiables del mandatario en el poder-, y s\u00ed gana la parte dura, antidemocr\u00e1tica de esa izquierda, los enemigos de Zambrano y de \u201cLos Chuchos\u201d.<\/p>\n<p>Regresar a una mesa de di\u00e1logo de ese nivel ser\u00e1 muy dif\u00edcil para este grupo de perredistas en lo que resta del a\u00f1o y pr\u00e1cticamente imposible en 2015, a\u00f1o en que se realizar\u00e1n 17 elecciones, entre ellas 9 de gubernaturas y la que renovar\u00e1 las 500 diputaciones federales as\u00ed como a los titulares de las 16 delegaciones en el DF.<\/p>\n<p align=\"center\">\u00a0<b>PE\u00d1A SE LES ADELANTA<\/b><\/p>\n<p>En este escenario es en el que Pe\u00f1a Nieto anunci\u00f3 el viernes 3 decisiones pol\u00edticas:<\/p>\n<p>Su decidido respaldo a la iniciativa de reforma pol\u00edtica del Distrito Federal.<\/p>\n<p>El env\u00edo de una iniciativa para que la nulidad se pueda aplicar en cualquier elecci\u00f3n, no s\u00f3lo ante la compra, sino por cualquier tipo de adquisici\u00f3n de cobertura informativa o tiempos de radio y televisi\u00f3n fuera de los supuestos previstos en la ley.<\/p>\n<p>Varias iniciativas de reformas y leyes secundarias en materia de telecomunicaciones, competencia econ\u00f3mica y energ\u00e9tica, y;<\/p>\n<p>Evitar hacer uso de su facultad de presentarlas la iniciativa preferente.<\/p>\n<p>Con su apoyo a la reforma pol\u00edtica del DF se mete de lleno, y si no le quita a Miguel \u00c1ngel Mancera y al PRD la iniciativa, al menos los obliga a compartirla.<\/p>\n<p>Sabe Pe\u00f1a que por su peso como Presidente de la Rep\u00fablica, esta reforma que reclama de entrada la soberan\u00eda y autonom\u00eda del DF, quedar\u00e1 para la historia como un\u00a0 logro suyo.<\/p>\n<p>Pe\u00f1a sabe que era imposible parar esta reforma, y decide hacerla suya. Y la hace suya porque tiene de su lado a los grupos m\u00e1s numerosos en la C\u00e1mara de Diputados y el Senado para sacar la reforma que \u00e9l quiera.<\/p>\n<p>Y adem\u00e1s con eso se le adelanta en la capital del pa\u00eds a Andr\u00e9s Manuel L\u00f3pez Obrador y Morena.<\/p>\n<p>Al ampliar los elementos para la nulidad de elecciones, Pe\u00f1a Nieto le da la vuelta a la cr\u00edtica de que el PRI y \u00e9l se hab\u00edan opuesto a todo lo que hab\u00edan planteado los opositores.<\/p>\n<p>Al ampliar los elementos de anulaci\u00f3n de elecciones, \u00e9l no pierde nada ni tiene riesgo alguno. \u00c9l ya es Presidente y ya super\u00f3 todos los juicios interpuestos en su contra ante IFE y Trife. Lo que haga ahora lo legitima y cuenta en contra de sus cr\u00edticos, pero sobre todo lo fortalece ante los ciudadanos.<\/p>\n<p>De ah\u00ed su buen talante mostrado el viernes y su comentario que sintetiza su visi\u00f3n de la reforma pol\u00edtica:<\/p>\n<p>\u201cCon la reforma pol\u00edtico-electoral, ganan los ciudadanos\u201d.<\/p>\n<p>Y su explicaci\u00f3n de la misma:<\/p>\n<p>\u201cLa certidumbre en las elecciones regir\u00e1 en todos los \u00f3rdenes de gobierno. Habr\u00e1 mejor rendici\u00f3n de cuentas y equilibrio entre poderes y, sobre todo, habr\u00e1 m\u00e1s gobiernos que den resultado a los mexicanos, al contar con instrumentos constitucionales que faciliten el di\u00e1logo y los acuerdos.<\/p>\n<p>\u201c(Porque) La reforma pol\u00edtico-electoral es un paso importante y trascendental hacia la consolidaci\u00f3n de la democracia en M\u00e9xico\u201d.<\/p>\n<p>Y sin duda del pri\u00edsmo y del poder que representa Pe\u00f1a Nieto.<\/p>\n<p align=\"center\">\u00a0<b>DESDE EL PRIMER D\u00cdA<\/b><\/p>\n<p>En este contexto la cohesi\u00f3n de las bancadas del PRI en el Senado y la C\u00e1mara de Diputados es esencial para que el Presidente de la Rep\u00fablica, emanado del mismo partido se fortalezca.<\/p>\n<p>Es por eso que el m\u00e1s experimentado de sus miembros, el sonorense Manlio Fabio Beltrones afirma que su grupo dar\u00e1 resultados desde el primer d\u00eda del per\u00edodo ordinario que comienza en los hechos ma\u00f1ana martes.<\/p>\n<p>\u201cComenzaremos con la discusi\u00f3n en el pleno del dictamen de la ley nacional de procedimientos penales\u2026 luego de la ley reglamentaria del servicio ferroviario\u2026y seguir con 50 dict\u00e1menes que tenemos pendientes\u201d.<\/p>\n<p>Y es que en apenas 85 d\u00edas deber\u00e1n sacar m\u00e1s de 50 leyes de al menos 4 reformas constitucionales junto con otros dict\u00e1menes, al tiempo que designan 11 nuevos consejeros del naciente Instituto Nacional Electoral y otros tantos del Coneval.<\/p>\n<p>Es f\u00e1cil entender lo que est\u00e1 en juego en este per\u00edodo: nunca antes ning\u00fan otro Congreso hab\u00eda tenido tantas leyes que elaborar, debatir y aprobar como las que tiene este congreso en proceso ahora mismo. Ese es el reto que deben superar. Nada menos ni nada m\u00e1s.<\/p>\n<p><em><a href=\"mailto:rvizcainoa@gmail.com\">rvizcainoa@gmail.com<\/a><\/em><\/p>\n","protected":false},"excerpt":{"rendered":"<p><span style=\"color: #005497;\"><strong>Roberto Vizca\u00edno<\/strong><\/span><br \/>\n<br \/>\nAl indicar que la foto de Pe\u00f1a Nieto con Fidel Castro le hab\u00eda costado a M\u00e9xico 5 mil millones de pesos, el panista Gustavo Madero intent\u00f3 trivializar y ensuciar el restablecimiento y normalizaci\u00f3n de las relaciones M\u00e9xico-Cuba logradas por el  mandatario mexicano.<\/p>\n","protected":false},"author":3,"featured_media":161726,"comment_status":"open","ping_status":"open","sticky":false,"template":"","format":"standard","meta":{"_monsterinsights_skip_tracking":false,"_monsterinsights_sitenote_active":false,"_monsterinsights_sitenote_note":"","_monsterinsights_sitenote_category":0,"footnotes":""},"categories":[136],"tags":[3192,9963,18,14608,44,43674,93,94],"class_list":["post-161641","post","type-post","status-publish","format-standard","has-post-thumbnail","hentry","category-roberto-vizcaino-opinion","tag-caribe","tag-centroamerica","tag-enrique-pena-nieto","tag-fidel-castro","tag-mexico","tag-opinion","tag-roberto-vizcaino","tag-tras-la-puerta-del-poder"],"_links":{"self":[{"href":"https:\/\/www.diarioimagen.net\/index.php?rest_route=\/wp\/v2\/posts\/161641","targetHints":{"allow":["GET"]}}],"collection":[{"href":"https:\/\/www.diarioimagen.net\/index.php?rest_route=\/wp\/v2\/posts"}],"about":[{"href":"https:\/\/www.diarioimagen.net\/index.php?rest_route=\/wp\/v2\/types\/post"}],"author":[{"embeddable":true,"href":"https:\/\/www.diarioimagen.net\/index.php?rest_route=\/wp\/v2\/users\/3"}],"replies":[{"embeddable":true,"href":"https:\/\/www.diarioimagen.net\/index.php?rest_route=%2Fwp%2Fv2%2Fcomments&post=161641"}],"version-history":[{"count":0,"href":"https:\/\/www.diarioimagen.net\/index.php?rest_route=\/wp\/v2\/posts\/161641\/revisions"}],"wp:featuredmedia":[{"embeddable":true,"href":"https:\/\/www.diarioimagen.net\/index.php?rest_route=\/wp\/v2\/media\/161726"}],"wp:attachment":[{"href":"https:\/\/www.diarioimagen.net\/index.php?rest_route=%2Fwp%2Fv2%2Fmedia&parent=161641"}],"wp:term":[{"taxonomy":"category","embeddable":true,"href":"https:\/\/www.diarioimagen.net\/index.php?rest_route=%2Fwp%2Fv2%2Fcategories&post=161641"},{"taxonomy":"post_tag","embeddable":true,"href":"https:\/\/www.diarioimagen.net\/index.php?rest_route=%2Fwp%2Fv2%2Ftags&post=161641"}],"curies":[{"name":"wp","href":"https:\/\/api.w.org\/{rel}","templated":true}]}}