{"id":161649,"date":"2014-02-03T00:07:10","date_gmt":"2014-02-03T06:07:10","guid":{"rendered":"http:\/\/www.diarioimagen.net\/?p=161649"},"modified":"2014-02-03T02:32:35","modified_gmt":"2014-02-03T08:32:35","slug":"metro-libre-de-vagoneros-en-6-meses-serrano","status":"publish","type":"post","link":"https:\/\/www.diarioimagen.net\/?p=161649","title":{"rendered":"Metro, libre de vagoneros, en 6 meses: Serrano"},"content":{"rendered":"<ul>\n<li><strong><em>Les dar\u00e1n apoyo econ\u00f3mico<\/em><\/strong><\/li>\n<\/ul>\n<div id=\"attachment_161744\" style=\"width: 250px\" class=\"wp-caption alignleft\"><a href=\"http:\/\/www.diarioimagen.net\/wp-content\/uploads\/2014\/02\/METRO-2284.jpg\"><img loading=\"lazy\" decoding=\"async\" aria-describedby=\"caption-attachment-161744\" class=\"size-medium wp-image-161744\" alt=\"H\u00e9ctor Serrano, secretario de Gobierno del DF, asegura que en seis meses este tipo de vendedores desaparecer\u00e1n del Metro.\" src=\"http:\/\/www.diarioimagen.net\/wp-content\/uploads\/2014\/02\/METRO-2284-240x135.jpg\" width=\"240\" height=\"135\" srcset=\"https:\/\/www.diarioimagen.net\/wp-content\/uploads\/2014\/02\/METRO-2284-240x135.jpg 240w, https:\/\/www.diarioimagen.net\/wp-content\/uploads\/2014\/02\/METRO-2284-420x236.jpg 420w, https:\/\/www.diarioimagen.net\/wp-content\/uploads\/2014\/02\/METRO-2284-235x132.jpg 235w, https:\/\/www.diarioimagen.net\/wp-content\/uploads\/2014\/02\/METRO-2284-202x114.jpg 202w, https:\/\/www.diarioimagen.net\/wp-content\/uploads\/2014\/02\/METRO-2284-350x196.jpg 350w, https:\/\/www.diarioimagen.net\/wp-content\/uploads\/2014\/02\/METRO-2284-220x123.jpg 220w, https:\/\/www.diarioimagen.net\/wp-content\/uploads\/2014\/02\/METRO-2284-237x132.jpg 237w, https:\/\/www.diarioimagen.net\/wp-content\/uploads\/2014\/02\/METRO-2284.jpg 480w\" sizes=\"auto, (max-width: 240px) 100vw, 240px\" \/><\/a><p id=\"caption-attachment-161744\" class=\"wp-caption-text\">H\u00e9ctor Serrano, secretario de Gobierno del DF, asegura que en seis meses este tipo de vendedores desaparecer\u00e1n del Metro.<\/p><\/div>\n<p>H\u00e9ctor Serrano Cort\u00e9s, secretario de Gobierno del Distrito Federal, previ\u00f3 que en un plazo m\u00e1ximo de seis meses, el Sistema de Transporte Colectivo (STC) Metro estar\u00e1 libre de vagoneros, ya que contar\u00e1n con un apoyo econ\u00f3mico mensual.<\/p>\n<p>Al respecto, detall\u00f3 que recibir\u00e1n un apoyo de parte de la administraci\u00f3n capitalina para que desistan de la actividad al interior de dicho transporte y a cambio se trasladen a la actividad formal a trav\u00e9s de cooperativas u otro medio.<\/p>\n<p>En entrevista al t\u00e9rmino de la \u201cTamaliza en el Z\u00f3calo\u201d, Serrano Cort\u00e9s indic\u00f3 que el apoyo a los comerciantes de distintas organizaciones, que ocupan a entre dos mil 500 y tres mil personas, se calcular\u00e1 con base en el salario m\u00ednimo.<\/p>\n<p>\u201cEl secretario de Desarrollo Econ\u00f3mico es el responsable de elaborar el programa, el cual estar\u00e1 dise\u00f1ado entre jueves y viernes de la pr\u00f3xima semana, como resultado del acuerdo de 18 de 21 organizaciones que agrupan \u2018vagoneros\u2019. Lo que pretendemos es que se inhiba la presencia de comerciantes al interior del Metro\u201d.<\/p>\n<p>Tras degustar alguna especialidad de tamal en una de las 18 carpas que instal\u00f3 la Secretar\u00eda de Desarrollo Social capitalina alrededor de la plancha del Z\u00f3calo, dijo que aunado a esa estrategia tendr\u00e1 que continuar el operativo de seguridad de las autoridades del Metro para inhibir totalmente a los comerciantes informales.<\/p>\n<p>\u201cHabr\u00e1 algunos que no deseen ingresar al programa, pero tambi\u00e9n tenemos previsto este n\u00famero para que tengan cabida, estamos esperando que el lunes o martes se complete el total de las organizaciones\u201d, mencion\u00f3 Serrano Cort\u00e9s.<\/p>\n<p>Adem\u00e1s descart\u00f3 que dicha estrategia sea una especie de seguro de desempleo, ya que \u201ces un programa especial que se desarrollar\u00e1 para atender el problema al interior del Metro, la idea es que en tres meses se logren los modelos que implementar\u00e1n las organizaciones de \u2018vagoneros\u2019 que no necesariamente tienen que ser plazas comerciales\u201d.<\/p>\n<p>Detall\u00f3 que se suscribir\u00e1 un acuerdo con cada organizaci\u00f3n pues \u201cla idea es que los usuarios del Metro no tengan la presencia de los \u2018vagoneros\u2019, y estamos previniendo que si el apoyo en algunos no se consolida en tres meses podr\u00eda llegar hasta seis, pero ya teniendo en claro exactamente cu\u00e1l es el modelo que ya han elegido\u201d.<\/p>\n<p>Detall\u00f3 que una vez que se d\u00e9 el acuerdo con cada una de las agrupaciones, comenzar\u00e1 el retiro de sus agremiados de las estaciones del Metro, ya que a partir de ello recibir\u00e1n dinero para la capacitaci\u00f3n que se les dar\u00e1.<\/p>\n<p>El funcionario del gobierno capitalino reiter\u00f3 que lo que se pretende con la inversi\u00f3n que har\u00e1 la administraci\u00f3n local para tal fin es inhibir la ausencia de comerciantes ambulantes en el Metro y permitir la reinserci\u00f3n a la formalidad de m\u00e1s de tres mil capitalinos.<\/p>\n<p>&nbsp;<\/p>\n","protected":false},"excerpt":{"rendered":"<p>H\u00e9ctor Serrano Cort\u00e9s, secretario de Gobierno del Distrito Federal, previ\u00f3 que en un plazo m\u00e1ximo de seis meses, el Sistema de Transporte Colectivo (STC) Metro estar\u00e1 libre de vagoneros, ya que contar\u00e1n con un apoyo econ\u00f3mico mensual.<\/p>\n","protected":false},"author":3,"featured_media":161744,"comment_status":"open","ping_status":"open","sticky":false,"template":"","format":"standard","meta":{"_monsterinsights_skip_tracking":false,"_monsterinsights_sitenote_active":false,"_monsterinsights_sitenote_note":"","_monsterinsights_sitenote_category":0,"footnotes":""},"categories":[6],"tags":[39,26550,163,664,7056],"class_list":["post-161649","post","type-post","status-publish","format-standard","has-post-thumbnail","hentry","category-cd-de-mexico","tag-distrito-federal","tag-hector-serrano-cortes","tag-metro","tag-vagoneros","tag-zocalo"],"_links":{"self":[{"href":"https:\/\/www.diarioimagen.net\/index.php?rest_route=\/wp\/v2\/posts\/161649","targetHints":{"allow":["GET"]}}],"collection":[{"href":"https:\/\/www.diarioimagen.net\/index.php?rest_route=\/wp\/v2\/posts"}],"about":[{"href":"https:\/\/www.diarioimagen.net\/index.php?rest_route=\/wp\/v2\/types\/post"}],"author":[{"embeddable":true,"href":"https:\/\/www.diarioimagen.net\/index.php?rest_route=\/wp\/v2\/users\/3"}],"replies":[{"embeddable":true,"href":"https:\/\/www.diarioimagen.net\/index.php?rest_route=%2Fwp%2Fv2%2Fcomments&post=161649"}],"version-history":[{"count":0,"href":"https:\/\/www.diarioimagen.net\/index.php?rest_route=\/wp\/v2\/posts\/161649\/revisions"}],"wp:featuredmedia":[{"embeddable":true,"href":"https:\/\/www.diarioimagen.net\/index.php?rest_route=\/wp\/v2\/media\/161744"}],"wp:attachment":[{"href":"https:\/\/www.diarioimagen.net\/index.php?rest_route=%2Fwp%2Fv2%2Fmedia&parent=161649"}],"wp:term":[{"taxonomy":"category","embeddable":true,"href":"https:\/\/www.diarioimagen.net\/index.php?rest_route=%2Fwp%2Fv2%2Fcategories&post=161649"},{"taxonomy":"post_tag","embeddable":true,"href":"https:\/\/www.diarioimagen.net\/index.php?rest_route=%2Fwp%2Fv2%2Ftags&post=161649"}],"curies":[{"name":"wp","href":"https:\/\/api.w.org\/{rel}","templated":true}]}}