{"id":161652,"date":"2014-02-03T00:05:13","date_gmt":"2014-02-03T06:05:13","guid":{"rendered":"http:\/\/www.diarioimagen.net\/?p=161652"},"modified":"2014-02-03T23:13:26","modified_gmt":"2014-02-04T05:13:26","slug":"deber-cumplido","status":"publish","type":"post","link":"https:\/\/www.diarioimagen.net\/?p=161652","title":{"rendered":"Deber cumplido"},"content":{"rendered":"<h2>De frente y de perfil<\/h2>\n<h5>Ram\u00f3n Zurita Sahag\u00fan<\/h5>\n<p><span><br \/>\nHac\u00eda mucho tiempo que los legisladores no dejaban pasar un puente tradicional para optar por el trabajo en el Congreso de la Uni\u00f3n.<\/span><\/p>\n<p>En esta ocasi\u00f3n lo hicieron, obligados tal vez, por las circunstancias, pero cumplieron con su deber. Por ley, diputados y senadores deben iniciar sus per\u00edodos legislativos ordinarios, el primero de septiembre y el primero de febrero, sin importar puentes u otro tipo de situaciones.<\/p>\n<p>Eso sucedi\u00f3 en esta ocasi\u00f3n, en que el puente provocado por la celebraci\u00f3n de la Constituci\u00f3n los cogi\u00f3 en pleno inicio de labores y, para colmo de males, en s\u00e1bado.<\/p>\n<p>Sin embargo, eso puede significar un buen augurio para diputados y senadores que se encuentran atiborrados de trabajo y cuentan con 90 d\u00edas para aprobar las reformas pendientes, especialmente las concernientes a leyes secundarias de la legislaci\u00f3n aprobada el a\u00f1o pasado.<\/p>\n<p>La tarea parece sencilla, pero no lo es tanto, ya que se requiere de voluntad pol\u00edtica y acuerdos por parte de las distintas corrientes representadas en el Congreso de la Uni\u00f3n.<\/p>\n<p>El camino ya est\u00e1 trazado, aunque faltan los puntos sensibles de las distintas reformas aprobadas en los terrenos de telecomunicaciones, educaci\u00f3n, hacendaria y, principalmente las tocante a las reformas pol\u00edtica y energ\u00e9tica, que parecen ser las que m\u00e1s discusi\u00f3n provocar\u00e1n.<\/p>\n<p>Por lo pronto, los legisladores saben que las tareas pendientes deber\u00e1n resolverlas en tiempo y forma, ya que de otra manera, se retrasar\u00edan los proyectos considerados en cada uno de los temas.<\/p>\n<p>El tema de la reforma pol\u00edtica contiene situaciones que ya se vienen trabajando, como son el reemplazo del Instituto Federal Electoral por un Instituto Nacional de Elecciones.<\/p>\n<p>Las leyes secundarias en esta materia deben aprobarse, para que la reelecci\u00f3n de diputados y senadores sea un hecho, aunque operar\u00eda hasta los comicios del 2018.<\/p>\n<p>Tambi\u00e9n la equidad de g\u00e9nero, con el reparto de las candidaturas al Congreso de la Uni\u00f3n de un 50 por ciento para hombres y otro tanto para mujeres deber\u00e1 operar para el siguiente proceso electoral.<\/p>\n<p>Son diversas las medidas que considera la reforma pol\u00edtica, para ello, sin embargo, las leyes complementarias deben ser aprobadas antes de que concluya el actual per\u00edodo ordinario de sesiones, con fecha l\u00edmite del 30 de abril.<\/p>\n<p>Para quienes consideran que diputados y senadores tienen largos per\u00edodos sin actividad alguna, la Comisi\u00f3n Permanente del Congreso de la Uni\u00f3n, emiti\u00f3 un documento en que precisa cada una de las actividades desarrolladas por este \u00f3rgano que act\u00faan durante los recesos legislativos.<\/p>\n<p>De acuerdo con el documento, durante ese lapso (13 de diciembre al primero de febrero) se realizaron siete sesiones, una por semana, incluida la de apertura y la de clausura.<\/p>\n<p>En ese tiempo, se establece, se realizaron tres declaratorias de reformas constitucionales, las que fueron enviadas al Ejecutivo federal para sus defectos constitucionales.<\/p>\n<p>Una que reforma y adiciona diversas disposiciones de la Constituci\u00f3n Pol\u00edtica de los Estados Unidos Mexicanos, en materia de energ\u00eda.<\/p>\n<p>Otra que reforma, adiciona y deroga diversas disposiciones de la Constituci\u00f3n Pol\u00edtica de los Estados Unidos Mexicanos, en materia pol\u00edtico-electoral.<\/p>\n<p>La tercera que reforma y adiciona diversas disposiciones de la Constituci\u00f3n Pol\u00edtica de los Estados Unidos Mexicanos, en materia de transparencia.<\/p>\n<p>Se aprobaron, tambi\u00e9n, siete acuerdos parlamentarios, entre los que se contaba con un exhorto al gobierno de Texas, para postergar la ejecuci\u00f3n de la sentencia del mexicano \u00c9dgar Tamayo, lo que finalmente no sucedi\u00f3.<\/p>\n<p>Los diputados y senadores pertenecientes a la Comisi\u00f3n Permanente del Congreso de la Uni\u00f3n acordaron un exhorto a las secretar\u00edas de Salud y Educaci\u00f3n P\u00fablica, as\u00ed como al Centro Nacional de Programas Preventivos y Control de Enfermedades y al Sistema Nacional de Vigilancia Epidemiol\u00f3gica, para aplicar medidas de prevenci\u00f3n, contenci\u00f3n y tratamiento, para abatir la posibilidad de una pandemia de influenza en el pa\u00eds.<\/p>\n<p>Dicho exhorto, realizado en tiempo y forma no ha podido frenar la ola expansiva de la enfermedad, la que sin llegar al extremo de pandemia, est\u00e1 causando estragos serios entre la poblaci\u00f3n que ha sido afectada.<\/p>\n<p>La Comisi\u00f3n Permanente del Congreso de la Uni\u00f3n, recibi\u00f3 31 oficios que fueron enviados por las rutas conducentes, entre los que destacan dos informes a la secretar\u00eda de Relaciones Exteriores anunciando las visitas realizadas por el Presidente de la Rep\u00fablica a otras naciones.<\/p>\n<p align=\"center\"><b>FORTALECIMIENTO<\/b><\/p>\n<p>Hay que fortalecer la capacidad de gesti\u00f3n y coordinaci\u00f3n con las autoridades e institutos de salud\u00a0 manifest\u00f3 la presidente municipal de La Paz, Baja California Sur y presidenta de la Red Mexicana de Municipios por la Salud, Esthela Ponce, en la reuni\u00f3n extraordinaria \u00a0que se celebr\u00f3 en el Distrito Federal y que fue presidida por autoridades de la Secretar\u00eda de Salud, entre las que se encontraban el doctor Eduardo Jaramillo, Secretario T\u00e9cnico de esta Red, as\u00ed como la doctora\u00a0Adriana Stanford Camargo, directora\u00a0 de Entornos y Comunidades Saludable. Tambi\u00e9n qued\u00f3 de manifiesto que el pr\u00f3ximo 25 de febrero se reunir\u00e1n con la Secretaria de Salud, Mercedes Juan L\u00f3pez, donde habr\u00e1n de presentar el programa de acci\u00f3n y desarrollo para\u00a0 las alcald\u00edas del pa\u00eds en el cual se considera prevenci\u00f3n a la drogadicci\u00f3n y violencia, entre otros.<\/p>\n<p align=\"center\"><b>MOREIRA<\/b><\/p>\n<p>El gobernador de Coahuila, Rub\u00e9n Moreira Valdez, encabez\u00f3 una delegaci\u00f3n de funcionarios que viaj\u00f3 a Chile, para reunirse con empresario chilenos y lograr con los inversionistas intercambios de proyectos y talentos con el objetivo de que Coahuila obtenga un mejor desarrollo.<\/p>\n<p>Durante la reuni\u00f3n, los funcionarios coahuilenses se entrevistaron con Marcos Kulka, gerente general de Fundaci\u00f3n Chile, quien dio a conocer la estructura y actividades de la Fundaci\u00f3n Chile en Materia de Innovaci\u00f3n.<\/p>\n<p>En respuesta, Luis E. Silva, Presidente de la empresa, le explic\u00f3 al Gobernador que ellos llegaron a instalar su planta en Torre\u00f3n, Coahuila en el 2008, y ahora ven un Coahuila cada vez m\u00e1s atractivo para la inversi\u00f3n.<\/p>\n<p><em><a href=\"mailto:ramonzurita44@hotmail.com\" target=\"_blank\">ramonzurita44@hotmail.com<br \/>\n<\/a><a href=\"mailto:zurita_sahagun@hotmail.com\" target=\"_blank\">zurita_sahagun@hotmail.com<\/a><\/em><\/p>\n","protected":false},"excerpt":{"rendered":"<p><span style=\"color: #005497;\"><strong>Ram\u00f3n Zurita Sahag\u00fan<\/strong><\/span><\/p>\n","protected":false},"author":3,"featured_media":0,"comment_status":"open","ping_status":"open","sticky":false,"template":"","format":"standard","meta":{"_monsterinsights_skip_tracking":false,"_monsterinsights_sitenote_active":false,"_monsterinsights_sitenote_note":"","_monsterinsights_sitenote_category":0,"footnotes":""},"categories":[234],"tags":[38,30216,304,43674,43687,4223],"class_list":["post-161652","post","type-post","status-publish","format-standard","hentry","category-ramon-zurita-sahagun","tag-coahuila","tag-constitucion-politica-de-los-estados-unidos-mexicanos","tag-de-frente-y-de-perfil","tag-opinion","tag-ramon-zurita-sahagun","tag-torreon"],"_links":{"self":[{"href":"https:\/\/www.diarioimagen.net\/index.php?rest_route=\/wp\/v2\/posts\/161652","targetHints":{"allow":["GET"]}}],"collection":[{"href":"https:\/\/www.diarioimagen.net\/index.php?rest_route=\/wp\/v2\/posts"}],"about":[{"href":"https:\/\/www.diarioimagen.net\/index.php?rest_route=\/wp\/v2\/types\/post"}],"author":[{"embeddable":true,"href":"https:\/\/www.diarioimagen.net\/index.php?rest_route=\/wp\/v2\/users\/3"}],"replies":[{"embeddable":true,"href":"https:\/\/www.diarioimagen.net\/index.php?rest_route=%2Fwp%2Fv2%2Fcomments&post=161652"}],"version-history":[{"count":0,"href":"https:\/\/www.diarioimagen.net\/index.php?rest_route=\/wp\/v2\/posts\/161652\/revisions"}],"wp:attachment":[{"href":"https:\/\/www.diarioimagen.net\/index.php?rest_route=%2Fwp%2Fv2%2Fmedia&parent=161652"}],"wp:term":[{"taxonomy":"category","embeddable":true,"href":"https:\/\/www.diarioimagen.net\/index.php?rest_route=%2Fwp%2Fv2%2Fcategories&post=161652"},{"taxonomy":"post_tag","embeddable":true,"href":"https:\/\/www.diarioimagen.net\/index.php?rest_route=%2Fwp%2Fv2%2Ftags&post=161652"}],"curies":[{"name":"wp","href":"https:\/\/api.w.org\/{rel}","templated":true}]}}