{"id":161656,"date":"2014-02-03T00:04:44","date_gmt":"2014-02-03T06:04:44","guid":{"rendered":"http:\/\/www.diarioimagen.net\/?p=161656"},"modified":"2014-02-04T00:24:04","modified_gmt":"2014-02-04T06:24:04","slug":"el-juez","status":"publish","type":"post","link":"https:\/\/www.diarioimagen.net\/?p=161656","title":{"rendered":"El juez"},"content":{"rendered":"<h2>Punto por punto<\/h2>\n<h5>Augusto Corro<\/h5>\n<p><span><br \/>\nEl secuestro es un delito que creci\u00f3, incontrolable, en el \u00faltimo a\u00f1o, seg\u00fan las estad\u00edsticas oficiales.<\/span><\/p>\n<p>Esto oblig\u00f3 a las autoridades a implementar acciones determinantes para combatirlo.<\/p>\n<p>Es decir, en el presente ya se libra una lucha que busca erradicar el plagio, como una de las agresiones m\u00e1s importantes a la sociedad.<\/p>\n<p>\u00bfEste deseo de acabar por el secuestro tambi\u00e9n ser\u00e1 compartido por los impartidores y procuradores de justicia?<\/p>\n<p>Entendemos que s\u00ed. Que toda autoridad tendr\u00e1 que revisar su c\u00f3digo de \u00e9tica, con el prop\u00f3sito de evitar acciones corruptas.<\/p>\n<p>Recientemente, se detuvo a un plagiario cuando viajaba en la camioneta de su v\u00edctima.<\/p>\n<p>Fue llevado ante la justicia, pero el juez, Eduardo Mata Carrillo, consider\u00f3 que no hab\u00eda elementos para procesarlo y\u00a0 lo dej\u00f3 libre.<\/p>\n<p>El secuestrador, Ricardo Casta\u00f1eda, se hizo el \u201colvidadizo\u201d y ante la autoridad declar\u00f3 que trabajaba en un taller mec\u00e1nico y que su jefe, \u201cEl Chino\u201d,\u00a0 \u201ccuyo nombre desconozco\u201d, lo mand\u00f3 a traer herramientas\u00a0 en la camioneta.\u00a0 Tambi\u00e9n manifest\u00f3 que no recordaba el nombre de sus compa\u00f1eros de trabajo, ni la direcci\u00f3n del taller.\u00a0 A pesar de que el plagiario fue identificado plenamente por su v\u00edctima, el juez Mata Carrillo se neg\u00f3 a procesarlo.<\/p>\n<p>Seguramente, los encargados de vigilar que funcione la nueva campa\u00f1a contra el secuestro tendr\u00e1n una mayor atenci\u00f3n en los procuradores e impartidores de justicia.<\/p>\n<p>No ser\u00e1 tarea f\u00e1cil, pero s\u00ed indispensable para combatir a los funcionarios corruptos, en cualquier sitio donde se encuentren.<\/p>\n<p>Entre otros vicios, debe desaparecer aquel de los expedientes mal confeccionados por los investigadores que les permiten a los jueces actuar de acuerdo a sus intereses.<\/p>\n<p>En fin, la corrupci\u00f3n, hermana de la impunidad, debe desaparecer de los sitios donde se imparte justicia.<\/p>\n<p align=\"center\"><b>\u201cMANUEL\u201d Y LA CORRUPCI\u00d3N<\/b><\/p>\n<p>\u00bfSe acuerdan de los estragos que caus\u00f3 la tormenta \u201cManuel\u201d, en Guerrero? Las inundaciones por las lluvias provocaron un caos en la vida de los guerrerenses.\u00a0 Acapulco result\u00f3 ser uno de los lugares m\u00e1s da\u00f1ados por el fen\u00f3meno meteorol\u00f3gico.<\/p>\n<p>Unidades habitacionales en el puerto quedaron inhabitables, porque el agua invadi\u00f3 todo. Esas viviendas fueron construidas en sitios con alto riesgo. Eran cauces secos de r\u00edos, que temporalmente dejaban correr el agua de las lluvias.<\/p>\n<p>A las autoridades\u00a0 de Guerrero no les importaron los riesgos y autorizaron la construcci\u00f3n de unidades habitacionales.\u00a0 En su momento, se habl\u00f3 de la necesidad de investigar y llevar ante la justicia a los funcionarios corruptos que autorizaron la construcci\u00f3n de las viviendas. Pas\u00f3 el tiempo y no investig\u00f3, ni se castig\u00f3 a nadie.<\/p>\n<p>Pero el subsecretario de Protecci\u00f3n Civil en Guerrero, Constantino Gonz\u00e1lez Vargas, no logr\u00f3 evitar la acci\u00f3n de la justicia.<\/p>\n<p>Fue separado de su cargo, pues sobre \u00e9l pesan acusaciones\u00a0 de acumular toneladas de despensas, v\u00edveres y enseres destinados a los damnificados por la tormenta \u201cManuel\u201d.<\/p>\n<p>Los propios trabajadores de la dependencia denunciaron lo anterior\u00a0 el viernes pasado y exhibieron\u00a0 \u201ccajas con alimentos, colchones, l\u00e1mina galvanizada, agua embotellada y bolsas con pa\u00f1ales que permanecen bajo el sol desde hace meses en patios de las oficinas de la Subsecretar\u00eda\u201d.<\/p>\n<p>\u00bfQu\u00e9 ocurrir\u00e1 con Constantino? Como act\u00faa la justicia en aqu\u00e9l estado, es posible que el ex funcionario sea perdonado y en un tiempo no muy lejano sea reincorporado a las actividades p\u00fablicas, en otras oficinas.<\/p>\n<p>A pesar de su acci\u00f3n, su amigo, el gobernador \u00c1ngel Aguirre, le tender\u00e1 su manto protector.<\/p>\n<p>Ser\u00eda iluso que un funcionario de ese nivel sea alcanzado por el brazo de la justicia, a pesar de cometer un delito imperdonable.\u00a0 Basta recordar a los guerrerenses en las monta\u00f1as, o en tanto sitios, donde esperaban, desesperados, comida y agua. Y Constantino acumulaba los v\u00edveres en los patios de su oficina.<\/p>\n<p><em><a href=\"mailto:aco2742@hotmail.com\" target=\"_blank\">aco2742@hotmail.com<\/a><\/em><\/p>\n","protected":false},"excerpt":{"rendered":"<p><span style=\"color: #005497;\"><strong>Augusto Corro<\/strong><\/span><\/p>\n","protected":false},"author":3,"featured_media":0,"comment_status":"open","ping_status":"open","sticky":false,"template":"","format":"standard","meta":{"_monsterinsights_skip_tracking":false,"_monsterinsights_sitenote_active":false,"_monsterinsights_sitenote_note":"","_monsterinsights_sitenote_category":0,"footnotes":""},"categories":[157],"tags":[43686,3244,8815,43674,11515],"class_list":["post-161656","post","type-post","status-publish","format-standard","hentry","category-augusto-corro","tag-augusto-corro","tag-guerrero","tag-huracan","tag-opinion","tag-punto-por-punto"],"_links":{"self":[{"href":"https:\/\/www.diarioimagen.net\/index.php?rest_route=\/wp\/v2\/posts\/161656","targetHints":{"allow":["GET"]}}],"collection":[{"href":"https:\/\/www.diarioimagen.net\/index.php?rest_route=\/wp\/v2\/posts"}],"about":[{"href":"https:\/\/www.diarioimagen.net\/index.php?rest_route=\/wp\/v2\/types\/post"}],"author":[{"embeddable":true,"href":"https:\/\/www.diarioimagen.net\/index.php?rest_route=\/wp\/v2\/users\/3"}],"replies":[{"embeddable":true,"href":"https:\/\/www.diarioimagen.net\/index.php?rest_route=%2Fwp%2Fv2%2Fcomments&post=161656"}],"version-history":[{"count":0,"href":"https:\/\/www.diarioimagen.net\/index.php?rest_route=\/wp\/v2\/posts\/161656\/revisions"}],"wp:attachment":[{"href":"https:\/\/www.diarioimagen.net\/index.php?rest_route=%2Fwp%2Fv2%2Fmedia&parent=161656"}],"wp:term":[{"taxonomy":"category","embeddable":true,"href":"https:\/\/www.diarioimagen.net\/index.php?rest_route=%2Fwp%2Fv2%2Fcategories&post=161656"},{"taxonomy":"post_tag","embeddable":true,"href":"https:\/\/www.diarioimagen.net\/index.php?rest_route=%2Fwp%2Fv2%2Ftags&post=161656"}],"curies":[{"name":"wp","href":"https:\/\/api.w.org\/{rel}","templated":true}]}}