{"id":161675,"date":"2014-02-03T00:03:11","date_gmt":"2014-02-03T06:03:11","guid":{"rendered":"http:\/\/www.diarioimagen.net\/?p=161675"},"modified":"2014-02-04T01:13:32","modified_gmt":"2014-02-04T07:13:32","slug":"empleado-culpable-empleador-inocente-en-los-estados-unidos","status":"publish","type":"post","link":"https:\/\/www.diarioimagen.net\/?p=161675","title":{"rendered":"Empleado culpable, empleador inocente en los Estados Unidos"},"content":{"rendered":"<h2>Detr\u00e1s del Poder<\/h2>\n<h5>Jos\u00e9 Antonio L\u00f3pez Sosa<\/h5>\n<p><span><br \/>\nLas leyes migratorias en los Estados Unidos son precisamente, responsabilidad de aquel gobierno, ellos saben si criminalizan o no a quienes ingresan y\/o permanecen de forma ilegal dentro de sus fronteras; sin embargo, existe una extra\u00f1a condici\u00f3n dentro de su legislaci\u00f3n que responsabiliza \u00fanicamente al inmigrante indocumentado y no a la empresa o persona que los contrata.<\/span><\/p>\n<p>Existe responsabilidad del contratante y el contratado cuando este \u00faltimo carece de permiso para trabajar en los Estados Unidos, pero ello es s\u00f3lo en el papel porque las sanciones llegan al empleado y no al empleador.<\/p>\n<p>Cuando hay una redada migratoria y se descubren trabajadores indocumentados, \u00e9stos son sujetos a deportaci\u00f3n, pero los patrones quedan exentos de toda responsabilidad, con el simple hecho de asegurar, que desconoc\u00edan el estatus migratorio del trabajador y con el argumento que no son instancias acreditadas para investigar a cada empleado en ese rubro.<\/p>\n<p>Es obvio que hay empresas que abiertamente contratan con toda intenci\u00f3n mano de obra indocumentada, en primer lugar les resulta m\u00e1s econ\u00f3mico porque pagan menos salarios, en segundo la gente en muchos casos \u2014sobre todo aquellos que implican severos trabajos f\u00edsicos\u2014se compromete a\u00fan m\u00e1s con el empleador por su condici\u00f3n migratoria y la dificultad para encontrar otro empleo, y en tercero, porque existe una relaci\u00f3n de dependencia por el consentimiento t\u00e1cito de estar aceptando (como si fuese un favor) a un empleado ilegal. Lo m\u00e1s triste de esta situaci\u00f3n es que en muchos casos, son mexicanos documentados \u2014o descendientes de mexicanos\u2014 quienes participan de esta injusticia y cuando llega la sanci\u00f3n, omiten aceptar que estaban enterados de la ilegalidad de sus trabajadores.<\/p>\n<p>En este sentido, se dio un caso excepcional en Iowa, un ex gerente de un matadero kosher fue condenado a 41 meses en prisi\u00f3n por albergar y explotar trabajadores ilegales en los Estados Unidos. Lo preocupante es que estos abusos incluyeron el sexual, por lo que parece que la justicia estadounidense requiere que se llegue a ese extremo para sancionar a un empleador.<\/p>\n<p>Durante el juicio se demostr\u00f3 que el sentenciado, Hosam Amara y la empresa Agriprocessors, Inc. contrataron a los trabajadores, sabiendo que estos carec\u00edan de documentos migratorios. Amara les vend\u00eda autom\u00f3viles, cual tienda de raya y ped\u00eda favores sexuales a las empleadas para mejorarles puesto y salario, tambi\u00e9n les ped\u00eda cuotas de 500 d\u00f3lares a cambio de pasar por alto su estatus migratorio. Amara huy\u00f3 a Israel al ser acusado, pero la justicia lo trajo de vuelta a los Estados Unidos.<\/p>\n<p>Sirva este ejemplo para que los trabajadores mexicanos sin documentos, al ser detenidos por las autoridades migratorias de los Estados Unidos, declaren si sus patrones estuvieron enterados de su falta de documentos. No es justo que la ley caiga s\u00f3lo de un lado cuando existe una corresponsabilidad, los mexicanos en efecto merecen la deportaci\u00f3n por trabajar sin documentos \u2014hasta que prospere una reforma migratoria \u2014pero los empleadores merecen la sanci\u00f3n econ\u00f3mica, y en su caso, la pena corporal cuando as\u00ed se disponga, como en el caso de Hosam Amara. No hay por qu\u00e9 tener miedo de decir la verdad.<\/p>\n<p><em><a href=\"mailto:lopez.sosa@mexico.com\" target=\"_blank\">lopez.sosa@mexico.com<\/a><\/em><br \/>\n<em><a href=\"http:\/\/twitter.com\/#%21\/joseantonio1977\" target=\"_blank\">@joseantonio1977<br \/>\n<\/a><a href=\"http:\/\/www.formulaconfidencial.com.mx\/\" target=\"_blank\">www.formulaconfidencial.com.mx<\/a><\/em><\/p>\n","protected":false},"excerpt":{"rendered":"<p><span style=\"color: #005497;\"><strong>Jos\u00e9 Antonio L\u00f3pez Sosa<\/strong><\/span><\/p>\n","protected":false},"author":3,"featured_media":0,"comment_status":"open","ping_status":"open","sticky":false,"template":"","format":"standard","meta":{"_monsterinsights_skip_tracking":false,"_monsterinsights_sitenote_active":false,"_monsterinsights_sitenote_note":"","_monsterinsights_sitenote_category":0,"footnotes":""},"categories":[637],"tags":[638,177,43690,43674],"class_list":["post-161675","post","type-post","status-publish","format-standard","hentry","category-jose-antonio-lopez-sosa","tag-detras-del-poder","tag-estados-unidos","tag-jose-antonio-lopez-sosa","tag-opinion"],"_links":{"self":[{"href":"https:\/\/www.diarioimagen.net\/index.php?rest_route=\/wp\/v2\/posts\/161675","targetHints":{"allow":["GET"]}}],"collection":[{"href":"https:\/\/www.diarioimagen.net\/index.php?rest_route=\/wp\/v2\/posts"}],"about":[{"href":"https:\/\/www.diarioimagen.net\/index.php?rest_route=\/wp\/v2\/types\/post"}],"author":[{"embeddable":true,"href":"https:\/\/www.diarioimagen.net\/index.php?rest_route=\/wp\/v2\/users\/3"}],"replies":[{"embeddable":true,"href":"https:\/\/www.diarioimagen.net\/index.php?rest_route=%2Fwp%2Fv2%2Fcomments&post=161675"}],"version-history":[{"count":0,"href":"https:\/\/www.diarioimagen.net\/index.php?rest_route=\/wp\/v2\/posts\/161675\/revisions"}],"wp:attachment":[{"href":"https:\/\/www.diarioimagen.net\/index.php?rest_route=%2Fwp%2Fv2%2Fmedia&parent=161675"}],"wp:term":[{"taxonomy":"category","embeddable":true,"href":"https:\/\/www.diarioimagen.net\/index.php?rest_route=%2Fwp%2Fv2%2Fcategories&post=161675"},{"taxonomy":"post_tag","embeddable":true,"href":"https:\/\/www.diarioimagen.net\/index.php?rest_route=%2Fwp%2Fv2%2Ftags&post=161675"}],"curies":[{"name":"wp","href":"https:\/\/api.w.org\/{rel}","templated":true}]}}