{"id":161710,"date":"2014-02-03T00:08:29","date_gmt":"2014-02-03T06:08:29","guid":{"rendered":"http:\/\/www.diarioimagen.net\/?p=161710"},"modified":"2014-02-03T02:21:40","modified_gmt":"2014-02-03T08:21:40","slug":"acapulco-tiene-una-ocupacion-hotelera-de-94","status":"publish","type":"post","link":"https:\/\/www.diarioimagen.net\/?p=161710","title":{"rendered":"Acapulco tiene una ocupaci\u00f3n hotelera de 94%"},"content":{"rendered":"<ul>\n<li><strong><em>Turismo municipal<\/em><\/strong><\/li>\n<\/ul>\n<div id=\"attachment_161731\" style=\"width: 250px\" class=\"wp-caption alignleft\"><a href=\"http:\/\/www.diarioimagen.net\/wp-content\/uploads\/2014\/02\/ACAPULCO-2284.jpg\"><img loading=\"lazy\" decoding=\"async\" aria-describedby=\"caption-attachment-161731\" class=\"size-medium wp-image-161731\" alt=\"Las playas de Acapulco se encuentran llenas de visitantes que aprovechan el primer fin de semana largo del a\u00f1o.\" src=\"http:\/\/www.diarioimagen.net\/wp-content\/uploads\/2014\/02\/ACAPULCO-2284-240x135.jpg\" width=\"240\" height=\"135\" srcset=\"https:\/\/www.diarioimagen.net\/wp-content\/uploads\/2014\/02\/ACAPULCO-2284-240x135.jpg 240w, https:\/\/www.diarioimagen.net\/wp-content\/uploads\/2014\/02\/ACAPULCO-2284-420x236.jpg 420w, https:\/\/www.diarioimagen.net\/wp-content\/uploads\/2014\/02\/ACAPULCO-2284-235x132.jpg 235w, https:\/\/www.diarioimagen.net\/wp-content\/uploads\/2014\/02\/ACAPULCO-2284-202x114.jpg 202w, https:\/\/www.diarioimagen.net\/wp-content\/uploads\/2014\/02\/ACAPULCO-2284-350x196.jpg 350w, https:\/\/www.diarioimagen.net\/wp-content\/uploads\/2014\/02\/ACAPULCO-2284-220x123.jpg 220w, https:\/\/www.diarioimagen.net\/wp-content\/uploads\/2014\/02\/ACAPULCO-2284-237x132.jpg 237w, https:\/\/www.diarioimagen.net\/wp-content\/uploads\/2014\/02\/ACAPULCO-2284.jpg 480w\" sizes=\"auto, (max-width: 240px) 100vw, 240px\" \/><\/a><p id=\"caption-attachment-161731\" class=\"wp-caption-text\">Las playas de Acapulco se encuentran llenas de visitantes que aprovechan el primer fin de semana largo del a\u00f1o.<\/p><\/div>\n<p><strong>Acapulco, Guerrero<\/strong>.- En el primer fin de semana largo del a\u00f1o, este puerto registra una ocupaci\u00f3n hotelera de 94 por ciento, afirma el titular de la Secretar\u00eda de Turismo municipal, Netzah Peralta.<\/p>\n<p>Asegura que los tres segmentos tur\u00edsticos de este destino de playa mantiene una tendencia favorable, pues alcanzaron un promedio general de 94 puntos porcentuales en que se divide Acapulco, siendo la Zona Diamante la que mayor afluencia de visitantes logr\u00f3 con 98.6 por ciento.<\/p>\n<p>\u201cMientras que otro de los segmentos de la Zona Dorada alcanz\u00f3 un 94.8 por ciento y la Tradicional que lleg\u00f3 al \u00edndice de ocupaci\u00f3n hotelera del 81.5 por ciento de habitaciones ocupadas\u201d, dijo.<\/p>\n<p>\u201cEs la tendencia que desde el pasado fin de a\u00f1o del 2013, alcanz\u00f3 el puerto de Acapulco, pues tenemos un promedio de 60 al 65 por ciento de ocupaci\u00f3n hotelera los fines de semana y haber alcanzado un 94 por ciento, pues para nosotros fue un s\u00faper nivel de ocupaci\u00f3n\u201d, mencion\u00f3.<\/p>\n<p>Y es que ante la llegada de cientos de turistas al puerto de Acapulco para disfrutar de los sitios tur\u00edsticos, la STM instal\u00f3 m\u00f3dulos de atenci\u00f3n, informaci\u00f3n y orientaci\u00f3n para los visitantes en Caleta, El Malec\u00f3n, Astabandera, La Diana y Base Naval, a partir de las 09:00 hasta las 20 horas.<\/p>\n<p>&nbsp;<\/p>\n","protected":false},"excerpt":{"rendered":"<p>En el primer fin de semana largo del a\u00f1o, este puerto registra una ocupaci\u00f3n hotelera de 94 por ciento, afirma el titular de la Secretar\u00eda de Turismo municipal, Netzah Peralta.<\/p>\n","protected":false},"author":3,"featured_media":161731,"comment_status":"open","ping_status":"open","sticky":false,"template":"","format":"standard","meta":{"_monsterinsights_skip_tracking":false,"_monsterinsights_sitenote_active":false,"_monsterinsights_sitenote_note":"","_monsterinsights_sitenote_category":0,"footnotes":""},"categories":[3],"tags":[3244,43673,440],"class_list":["post-161710","post","type-post","status-publish","format-standard","has-post-thumbnail","hentry","category-nacional","tag-guerrero","tag-nacional","tag-secretaria-de-turismo"],"_links":{"self":[{"href":"https:\/\/www.diarioimagen.net\/index.php?rest_route=\/wp\/v2\/posts\/161710","targetHints":{"allow":["GET"]}}],"collection":[{"href":"https:\/\/www.diarioimagen.net\/index.php?rest_route=\/wp\/v2\/posts"}],"about":[{"href":"https:\/\/www.diarioimagen.net\/index.php?rest_route=\/wp\/v2\/types\/post"}],"author":[{"embeddable":true,"href":"https:\/\/www.diarioimagen.net\/index.php?rest_route=\/wp\/v2\/users\/3"}],"replies":[{"embeddable":true,"href":"https:\/\/www.diarioimagen.net\/index.php?rest_route=%2Fwp%2Fv2%2Fcomments&post=161710"}],"version-history":[{"count":0,"href":"https:\/\/www.diarioimagen.net\/index.php?rest_route=\/wp\/v2\/posts\/161710\/revisions"}],"wp:featuredmedia":[{"embeddable":true,"href":"https:\/\/www.diarioimagen.net\/index.php?rest_route=\/wp\/v2\/media\/161731"}],"wp:attachment":[{"href":"https:\/\/www.diarioimagen.net\/index.php?rest_route=%2Fwp%2Fv2%2Fmedia&parent=161710"}],"wp:term":[{"taxonomy":"category","embeddable":true,"href":"https:\/\/www.diarioimagen.net\/index.php?rest_route=%2Fwp%2Fv2%2Fcategories&post=161710"},{"taxonomy":"post_tag","embeddable":true,"href":"https:\/\/www.diarioimagen.net\/index.php?rest_route=%2Fwp%2Fv2%2Ftags&post=161710"}],"curies":[{"name":"wp","href":"https:\/\/api.w.org\/{rel}","templated":true}]}}