{"id":161794,"date":"2014-02-04T00:07:38","date_gmt":"2014-02-04T06:07:38","guid":{"rendered":"http:\/\/www.diarioimagen.net\/?p=161794"},"modified":"2014-02-04T03:30:45","modified_gmt":"2014-02-04T09:30:45","slug":"regresan-vacacionistas-congestionan-carreteras","status":"publish","type":"post","link":"https:\/\/www.diarioimagen.net\/?p=161794","title":{"rendered":"Regresan vacacionistas; congestionan carreteras"},"content":{"rendered":"<ul>\n<li><em><strong>Caminos y Puentes Federales detalla que la M\u00e9xico-Cuernavaca por la obra de un puente complic\u00f3 la circulaci\u00f3n<\/strong><\/em><\/li>\n<\/ul>\n<div id=\"attachment_161795\" style=\"width: 250px\" class=\"wp-caption alignleft\"><img loading=\"lazy\" decoding=\"async\" aria-describedby=\"caption-attachment-161795\" class=\"size-medium wp-image-161795 \" alt=\"Cientos de automovilistas congestionaron ayer los principales accesos a la ciudad de M\u00e9xico, al terminar el primer fin de semana largo del 2014.\" src=\"http:\/\/www.diarioimagen.net\/wp-content\/uploads\/2014\/02\/vacacionistas-portal-240x135.jpg\" width=\"240\" height=\"135\" srcset=\"https:\/\/www.diarioimagen.net\/wp-content\/uploads\/2014\/02\/vacacionistas-portal-240x135.jpg 240w, https:\/\/www.diarioimagen.net\/wp-content\/uploads\/2014\/02\/vacacionistas-portal-420x236.jpg 420w, https:\/\/www.diarioimagen.net\/wp-content\/uploads\/2014\/02\/vacacionistas-portal-235x132.jpg 235w, https:\/\/www.diarioimagen.net\/wp-content\/uploads\/2014\/02\/vacacionistas-portal-202x114.jpg 202w, https:\/\/www.diarioimagen.net\/wp-content\/uploads\/2014\/02\/vacacionistas-portal-350x196.jpg 350w, https:\/\/www.diarioimagen.net\/wp-content\/uploads\/2014\/02\/vacacionistas-portal-220x123.jpg 220w, https:\/\/www.diarioimagen.net\/wp-content\/uploads\/2014\/02\/vacacionistas-portal-237x132.jpg 237w, https:\/\/www.diarioimagen.net\/wp-content\/uploads\/2014\/02\/vacacionistas-portal.jpg 480w\" sizes=\"auto, (max-width: 240px) 100vw, 240px\" \/><p id=\"caption-attachment-161795\" class=\"wp-caption-text\">Caminos y Puentes Federales (Capufe) inform\u00f3 que debido al regreso de los vacacionistas, luego del fin de semana largo, las entradas al Distrito Federal se congestionaron.<\/p><\/div>\n<p><span style=\"line-height: 1.5em;\">Caminos y Puentes Federales (Capufe) inform\u00f3 que debido al regreso de los vacacionistas, luego del fin de semana largo, las entradas al Distrito Federal se congestionaron.<\/span><\/p>\n<p>De acuerdo con su cuenta de Twitter, en la autopista Cuernavaca-M\u00e9xico se registr\u00f3 severa carga vehicular pasando la caseta de Tlalpan, por la obra del puente del kil\u00f3metro 19, para entrar a la capital del pa\u00eds.<\/p>\n<p>Asimismo, mencion\u00f3 que el incidente registrado en el kil\u00f3metro 96 de la Autopista Acapulco-Cuernavaca fue atendido con prontitud.<\/p>\n<p>Ante ello, conmin\u00f3 a los conductores a aplicar la cortes\u00eda al conducir y ceder el paso a los veh\u00edculos de emergencia orill\u00e1ndose a la derecha.<\/p>\n<p>Puntualiza que despu\u00e9s del mediod\u00eda\u00a0 la autopista tuvo bastante carga vehicular antes de llegar a Cuernavaca y para llegar al Distrito Federal, debido a los vacacionistas qu\u00e9 regresaron a la capital o se dirig\u00edan otros destinos.<\/p>\n<p>En el caso de la autopista M\u00e9xico-Puebla, destac\u00f3 que tambi\u00e9n se registr\u00f3 severa carga veh\u00edcular.<\/p>\n","protected":false},"excerpt":{"rendered":"<p>Caminos y Puentes Federales (Capufe) inform\u00f3 que debido al regreso de los vacacionistas, luego del fin de semana largo, las entradas al Distrito Federal se congestionaron.<\/p>\n","protected":false},"author":5,"featured_media":161795,"comment_status":"open","ping_status":"open","sticky":false,"template":"","format":"standard","meta":{"_monsterinsights_skip_tracking":false,"_monsterinsights_sitenote_active":false,"_monsterinsights_sitenote_note":"","_monsterinsights_sitenote_category":0,"footnotes":""},"categories":[6],"tags":[7157,26559],"class_list":["post-161794","post","type-post","status-publish","format-standard","has-post-thumbnail","hentry","category-cd-de-mexico","tag-caminos-y-puentes-federales","tag-vacacionistas"],"_links":{"self":[{"href":"https:\/\/www.diarioimagen.net\/index.php?rest_route=\/wp\/v2\/posts\/161794","targetHints":{"allow":["GET"]}}],"collection":[{"href":"https:\/\/www.diarioimagen.net\/index.php?rest_route=\/wp\/v2\/posts"}],"about":[{"href":"https:\/\/www.diarioimagen.net\/index.php?rest_route=\/wp\/v2\/types\/post"}],"author":[{"embeddable":true,"href":"https:\/\/www.diarioimagen.net\/index.php?rest_route=\/wp\/v2\/users\/5"}],"replies":[{"embeddable":true,"href":"https:\/\/www.diarioimagen.net\/index.php?rest_route=%2Fwp%2Fv2%2Fcomments&post=161794"}],"version-history":[{"count":0,"href":"https:\/\/www.diarioimagen.net\/index.php?rest_route=\/wp\/v2\/posts\/161794\/revisions"}],"wp:featuredmedia":[{"embeddable":true,"href":"https:\/\/www.diarioimagen.net\/index.php?rest_route=\/wp\/v2\/media\/161795"}],"wp:attachment":[{"href":"https:\/\/www.diarioimagen.net\/index.php?rest_route=%2Fwp%2Fv2%2Fmedia&parent=161794"}],"wp:term":[{"taxonomy":"category","embeddable":true,"href":"https:\/\/www.diarioimagen.net\/index.php?rest_route=%2Fwp%2Fv2%2Fcategories&post=161794"},{"taxonomy":"post_tag","embeddable":true,"href":"https:\/\/www.diarioimagen.net\/index.php?rest_route=%2Fwp%2Fv2%2Ftags&post=161794"}],"curies":[{"name":"wp","href":"https:\/\/api.w.org\/{rel}","templated":true}]}}