{"id":161803,"date":"2014-02-03T19:44:16","date_gmt":"2014-02-04T01:44:16","guid":{"rendered":"http:\/\/www.diarioimagen.net\/?p=161803"},"modified":"2014-02-04T04:04:28","modified_gmt":"2014-02-04T10:04:28","slug":"el-tribunal-electoral-restringe-contratacion-de-personal-en-2014","status":"publish","type":"post","link":"https:\/\/www.diarioimagen.net\/?p=161803","title":{"rendered":"El Tribunal Electoral restringe contrataci\u00f3n de personal en 2014"},"content":{"rendered":"<ul>\n<li><em><strong>En el periodo de 2012 a 2013 la plantilla laboral creci\u00f3 s\u00f3lo en dos plazas, dice<\/strong><\/em><\/li>\n<\/ul>\n<div id=\"attachment_161804\" style=\"width: 250px\" class=\"wp-caption alignleft\"><img loading=\"lazy\" decoding=\"async\" aria-describedby=\"caption-attachment-161804\" class=\"size-medium wp-image-161804 \" alt=\"El restante 31 por ciento est\u00e1 enfocado a programas de planeaci\u00f3n, direcci\u00f3n, control y evaluaci\u00f3n, as\u00ed como al de apoyo administrativo y financiero, a\u00f1adi\u00f3 el Tribunal Electoral del Poder Judicial de la Federaci\u00f3n.\" src=\"http:\/\/www.diarioimagen.net\/wp-content\/uploads\/2014\/02\/tribunal-portal-240x135.jpg\" width=\"240\" height=\"135\" srcset=\"https:\/\/www.diarioimagen.net\/wp-content\/uploads\/2014\/02\/tribunal-portal-240x135.jpg 240w, https:\/\/www.diarioimagen.net\/wp-content\/uploads\/2014\/02\/tribunal-portal-420x236.jpg 420w, https:\/\/www.diarioimagen.net\/wp-content\/uploads\/2014\/02\/tribunal-portal-235x132.jpg 235w, https:\/\/www.diarioimagen.net\/wp-content\/uploads\/2014\/02\/tribunal-portal-202x114.jpg 202w, https:\/\/www.diarioimagen.net\/wp-content\/uploads\/2014\/02\/tribunal-portal-350x196.jpg 350w, https:\/\/www.diarioimagen.net\/wp-content\/uploads\/2014\/02\/tribunal-portal-220x123.jpg 220w, https:\/\/www.diarioimagen.net\/wp-content\/uploads\/2014\/02\/tribunal-portal-237x132.jpg 237w, https:\/\/www.diarioimagen.net\/wp-content\/uploads\/2014\/02\/tribunal-portal.jpg 480w\" sizes=\"auto, (max-width: 240px) 100vw, 240px\" \/><p id=\"caption-attachment-161804\" class=\"wp-caption-text\">Los miembros del Tribunal Electoral del Poder Judicial de la Federaci\u00f3n anunciaron un paquete de medidas austeras.<\/p><\/div>\n<p>El Tribunal Electoral del Poder Judicial de la Federaci\u00f3n inform\u00f3 que la estructura de su personal mantendr\u00e1 un crecimiento restringido en 2014, al igual que en el periodo de 2012 a 2013, cuando la plantilla creci\u00f3 s\u00f3lo en dos plazas.<\/p>\n<p>Esta decisi\u00f3n forma parte de las medidas de racionalidad y disciplina presupuestal que aplicar\u00e1 en este a\u00f1o, con lo que ratific\u00f3 su compromiso de mantenerse como un organismo eficiente, sin ser oneroso para las arcas p\u00fablicas.<\/p>\n<p>En un comunicado, el organismo jurisdiccional record\u00f3 que tiene como premisa que el principal insumo de la instituci\u00f3n es el recurso humano.<\/p>\n<p>\u201cA pesar del aumento que se registra anualmente en el n\u00famero de medios de impugnaci\u00f3n que se reciben, se mantiene una plantilla de personal similar, sin variaciones significativas, procurando con ello el manejo responsable de recursos en ese rubro\u201d, expuso.<\/p>\n<p>El Tribunal Federal Electoral refiri\u00f3 que de las mil 141 plazas, 69 por ciento corresponden a personal encargado de participar en programas de impartici\u00f3n de justicia electoral y t\u00e9cnico jurisdiccional.<\/p>\n<p>Se trata, explic\u00f3, de abogados calificados que intervienen en actividades como la revisi\u00f3n de expedientes, env\u00edo notificaciones y elaboraci\u00f3n de proyectos de sentencia, entre otras.<\/p>\n<p>El restante 31 por ciento est\u00e1 enfocado a programas de planeaci\u00f3n, direcci\u00f3n, control y evaluaci\u00f3n, as\u00ed como al de apoyo administrativo y financiero, a\u00f1adi\u00f3 el Tribunal Electoral del Poder Judicial de la Federaci\u00f3n.<\/p>\n<p>El organismo jurisdiccional record\u00f3 que en el periodo 2008-2012 se alcanz\u00f3 un \u00edndice inflacionario acumulado a nivel nacional de 21.57 por ciento.<\/p>\n<p>En dicho lapso \u00fanicamente se ajust\u00f3 el salario de los trabajadores del TEPJF que pertenecen a los niveles de personal operativo de mandos medios, mientras que los superiores no tuvieron ning\u00fan incremento en su salario.<\/p>\n<p>&nbsp;<\/p>\n","protected":false},"excerpt":{"rendered":"<p>El Tribunal Electoral del Poder Judicial de la Federaci\u00f3n inform\u00f3 que la estructura de su personal mantendr\u00e1 un crecimiento restringido en 2014, al igual que en el periodo de 2012 a 2013, cuando la plantilla creci\u00f3 s\u00f3lo en dos plazas.<\/p>\n","protected":false},"author":5,"featured_media":161804,"comment_status":"open","ping_status":"open","sticky":false,"template":"","format":"standard","meta":{"_monsterinsights_skip_tracking":false,"_monsterinsights_sitenote_active":false,"_monsterinsights_sitenote_note":"","_monsterinsights_sitenote_category":0,"footnotes":""},"categories":[17,3],"tags":[43673,14499,4644,1666,10328],"class_list":["post-161803","post","type-post","status-publish","format-standard","has-post-thumbnail","hentry","category-especiales","category-nacional","tag-nacional","tag-personal","tag-tepjf","tag-tribunal-electoral","tag-tribunal-electoral-del-poder-judicial-de-la-federacion"],"_links":{"self":[{"href":"https:\/\/www.diarioimagen.net\/index.php?rest_route=\/wp\/v2\/posts\/161803","targetHints":{"allow":["GET"]}}],"collection":[{"href":"https:\/\/www.diarioimagen.net\/index.php?rest_route=\/wp\/v2\/posts"}],"about":[{"href":"https:\/\/www.diarioimagen.net\/index.php?rest_route=\/wp\/v2\/types\/post"}],"author":[{"embeddable":true,"href":"https:\/\/www.diarioimagen.net\/index.php?rest_route=\/wp\/v2\/users\/5"}],"replies":[{"embeddable":true,"href":"https:\/\/www.diarioimagen.net\/index.php?rest_route=%2Fwp%2Fv2%2Fcomments&post=161803"}],"version-history":[{"count":0,"href":"https:\/\/www.diarioimagen.net\/index.php?rest_route=\/wp\/v2\/posts\/161803\/revisions"}],"wp:featuredmedia":[{"embeddable":true,"href":"https:\/\/www.diarioimagen.net\/index.php?rest_route=\/wp\/v2\/media\/161804"}],"wp:attachment":[{"href":"https:\/\/www.diarioimagen.net\/index.php?rest_route=%2Fwp%2Fv2%2Fmedia&parent=161803"}],"wp:term":[{"taxonomy":"category","embeddable":true,"href":"https:\/\/www.diarioimagen.net\/index.php?rest_route=%2Fwp%2Fv2%2Fcategories&post=161803"},{"taxonomy":"post_tag","embeddable":true,"href":"https:\/\/www.diarioimagen.net\/index.php?rest_route=%2Fwp%2Fv2%2Ftags&post=161803"}],"curies":[{"name":"wp","href":"https:\/\/api.w.org\/{rel}","templated":true}]}}