{"id":161811,"date":"2014-02-04T00:06:51","date_gmt":"2014-02-04T06:06:51","guid":{"rendered":"http:\/\/www.diarioimagen.net\/?p=161811"},"modified":"2014-02-05T03:59:35","modified_gmt":"2014-02-05T09:59:35","slug":"eruviel-avila-inaugura-centro-de-educacion-ambiental","status":"publish","type":"post","link":"https:\/\/www.diarioimagen.net\/?p=161811","title":{"rendered":"Eruviel \u00c1vila inaugura centro de educaci\u00f3n ambiental"},"content":{"rendered":"<ul>\n<li><strong><em>El inmueble cuenta con una sala interactiva, otra en 3D y un jard\u00edn bot\u00e1nico; en sus instalaciones se impartir\u00e1n pl\u00e1ticas y talleres<\/em><\/strong><\/li>\n<\/ul>\n<div id=\"attachment_161883\" style=\"width: 250px\" class=\"wp-caption alignleft\"><a href=\"http:\/\/www.diarioimagen.net\/wp-content\/uploads\/2014\/02\/eruviel-1-2285.jpg\"><img loading=\"lazy\" decoding=\"async\" aria-describedby=\"caption-attachment-161883\" class=\"size-medium wp-image-161883\" alt=\"Al poner en marcha el Centro Estatal de Educaci\u00f3n Ambiental, el gobernador Eruviel \u00c1vila Villegas destac\u00f3 que de acuerdo al m\u00e1s reciente estudio del Indicador Trimestral de la Actividad Econ\u00f3mica Estatal del INEGI, la econom\u00eda del Estado de M\u00e9xico creci\u00f3 3.3 por ciento, lo que impulsa a su administraci\u00f3n a trabajar m\u00e1s fuerte en rubros como inversi\u00f3n en infraestructura, educaci\u00f3n, salud y en seguridad p\u00fablica.\" src=\"http:\/\/www.diarioimagen.net\/wp-content\/uploads\/2014\/02\/eruviel-1-2285-240x135.jpg\" width=\"240\" height=\"135\" srcset=\"https:\/\/www.diarioimagen.net\/wp-content\/uploads\/2014\/02\/eruviel-1-2285-240x135.jpg 240w, https:\/\/www.diarioimagen.net\/wp-content\/uploads\/2014\/02\/eruviel-1-2285-420x236.jpg 420w, https:\/\/www.diarioimagen.net\/wp-content\/uploads\/2014\/02\/eruviel-1-2285-235x132.jpg 235w, https:\/\/www.diarioimagen.net\/wp-content\/uploads\/2014\/02\/eruviel-1-2285-202x114.jpg 202w, https:\/\/www.diarioimagen.net\/wp-content\/uploads\/2014\/02\/eruviel-1-2285-350x196.jpg 350w, https:\/\/www.diarioimagen.net\/wp-content\/uploads\/2014\/02\/eruviel-1-2285-220x123.jpg 220w, https:\/\/www.diarioimagen.net\/wp-content\/uploads\/2014\/02\/eruviel-1-2285-237x132.jpg 237w, https:\/\/www.diarioimagen.net\/wp-content\/uploads\/2014\/02\/eruviel-1-2285.jpg 480w\" sizes=\"auto, (max-width: 240px) 100vw, 240px\" \/><\/a><p id=\"caption-attachment-161883\" class=\"wp-caption-text\">Al poner en marcha el Centro Estatal de Educaci\u00f3n Ambiental, el gobernador Eruviel \u00c1vila Villegas destac\u00f3 que de acuerdo al m\u00e1s reciente estudio del Indicador Trimestral de la Actividad Econ\u00f3mica Estatal del INEGI, la econom\u00eda del Estado de M\u00e9xico creci\u00f3 3.3 por ciento, lo que impulsa a su administraci\u00f3n a trabajar m\u00e1s fuerte en rubros como inversi\u00f3n en infraestructura, educaci\u00f3n, salud y en seguridad p\u00fablica.<\/p><\/div>\n<p><strong>Tlalnepantla, Estado de M\u00e9xico<\/strong>.- El gobernador Eruviel \u00c1vila Villegas puso en marcha el Centro Estatal de Educaci\u00f3n Ambiental, un espacio ubicado en el Parque Sierra de Guadalupe, donde se fomentar\u00e1 el cuidado integral y la preservaci\u00f3n de la naturaleza, a trav\u00e9s de talleres y exposiciones, y que generar\u00e1 oportunidades de empleo para ejidatarios de la regi\u00f3n, adem\u00e1s de ser propicio para realizar actividades de esparcimiento familiar e inculcar valores para brindar un mejor futuro a los mexiquenses.<\/p>\n<p>\u201cHoy ponemos a disposici\u00f3n de los mexiquenses este espacio integral para fomentar la educaci\u00f3n ambiental y realizar actividades de recreaci\u00f3n, de esparcimiento familiar, en este Parque Sierra de Guadalupe. Con este espacio, adem\u00e1s de fomentar el amor y cuidado a nuestra sierra, contribuimos a la preservaci\u00f3n del medio ambiente. Generamos oportunidades de empleo a nuestros amigos ejidatarios, de San Bartolo Tenayuca, dentro del \u00e1rea natural protegida\u201d, mencion\u00f3.<\/p>\n<p>Ante miembros del comit\u00e9 de participaci\u00f3n ciudadana, guardaparques, representantes de asociaciones civiles, protectores del medio ambiente y habitantes de este municipio, Eruviel \u00c1vila precis\u00f3 que en este centro se impartir\u00e1n pl\u00e1ticas, talleres y exposiciones relacionadas con la conservaci\u00f3n de flora y fauna, ya que cuenta con dos salas: una de exhibiciones interactivas y otra 3D, as\u00ed como un jard\u00edn bot\u00e1nico, y cuya construcci\u00f3n cont\u00f3 con una inversi\u00f3n superior a los 16 millones de pesos.<\/p>\n<p>Inform\u00f3 que la entrada a este parque, as\u00ed como al Centro de Educaci\u00f3n es gratuita, y asever\u00f3 que el gobierno del Estado de M\u00e9xico est\u00e1 comprometido con la preservaci\u00f3n y cuidado ambiental, por ello, durante su administraci\u00f3n se han realizado acciones con este objetivo, como la plantaci\u00f3n de 16 millones de \u00e1rboles, pr\u00e1cticamente uno por cada habitante de la entidad; el reciclaje de 60 mil veh\u00edculos que fueron retirados de corralones y de la v\u00eda p\u00fablica, la construcci\u00f3n de un cerco perimetral de 24 kil\u00f3metros de extensi\u00f3n en la Sierra de Guadalupe, que evitar\u00e1 el crecimiento urbano y proteger\u00e1 este entorno natural de cinco mil 293 hect\u00e1reas, que abarca regiones de los municipios de Ecatepec, Coacalco y Tlalnepantla, entre otras acciones.<\/p>\n<p>Agreg\u00f3 que la preservaci\u00f3n de la naturaleza es una tarea que involucra a toda la sociedad, y exhort\u00f3 a los ayuntamientos a trabajar en favor de pol\u00edticas que impulsen su cuidado, por lo que recomend\u00f3 a los 125 municipios de la entidad, adherirse al Consenso Cient\u00edfico, documento elaborado por el gobierno del estado de California, en el que participan 60 pa\u00edses, y que contiene un estudio de los da\u00f1os hechos al planeta, as\u00ed como medidas para solucionarlos.<b><\/b><\/p>\n<p>&nbsp;<\/p>\n","protected":false},"excerpt":{"rendered":"<p>El gobernador Eruviel \u00c1vila Villegas puso en marcha el Centro Estatal de Educaci\u00f3n Ambiental, un espacio ubicado en el Parque Sierra de Guadalupe, donde se fomentar\u00e1 el cuidado integral y la preservaci\u00f3n de la naturaleza, a trav\u00e9s de talleres y exposiciones, y que generar\u00e1 oportunidades de empleo para ejidatarios de la regi\u00f3n, adem\u00e1s de ser propicio para realizar actividades de esparcimiento familiar e inculcar valores para brindar un mejor futuro a los mexiquenses.<\/p>\n","protected":false},"author":3,"featured_media":161883,"comment_status":"open","ping_status":"open","sticky":false,"template":"","format":"standard","meta":{"_monsterinsights_skip_tracking":false,"_monsterinsights_sitenote_active":false,"_monsterinsights_sitenote_note":"","_monsterinsights_sitenote_category":0,"footnotes":""},"categories":[17,5],"tags":[5828,43675,18573,169],"class_list":["post-161811","post","type-post","status-publish","format-standard","has-post-thumbnail","hentry","category-especiales","category-estado-de-mexico","tag-eruviel-avila-villegas","tag-estado-de-mexico","tag-inaugura","tag-tlalnepantla"],"_links":{"self":[{"href":"https:\/\/www.diarioimagen.net\/index.php?rest_route=\/wp\/v2\/posts\/161811","targetHints":{"allow":["GET"]}}],"collection":[{"href":"https:\/\/www.diarioimagen.net\/index.php?rest_route=\/wp\/v2\/posts"}],"about":[{"href":"https:\/\/www.diarioimagen.net\/index.php?rest_route=\/wp\/v2\/types\/post"}],"author":[{"embeddable":true,"href":"https:\/\/www.diarioimagen.net\/index.php?rest_route=\/wp\/v2\/users\/3"}],"replies":[{"embeddable":true,"href":"https:\/\/www.diarioimagen.net\/index.php?rest_route=%2Fwp%2Fv2%2Fcomments&post=161811"}],"version-history":[{"count":0,"href":"https:\/\/www.diarioimagen.net\/index.php?rest_route=\/wp\/v2\/posts\/161811\/revisions"}],"wp:featuredmedia":[{"embeddable":true,"href":"https:\/\/www.diarioimagen.net\/index.php?rest_route=\/wp\/v2\/media\/161883"}],"wp:attachment":[{"href":"https:\/\/www.diarioimagen.net\/index.php?rest_route=%2Fwp%2Fv2%2Fmedia&parent=161811"}],"wp:term":[{"taxonomy":"category","embeddable":true,"href":"https:\/\/www.diarioimagen.net\/index.php?rest_route=%2Fwp%2Fv2%2Fcategories&post=161811"},{"taxonomy":"post_tag","embeddable":true,"href":"https:\/\/www.diarioimagen.net\/index.php?rest_route=%2Fwp%2Fv2%2Ftags&post=161811"}],"curies":[{"name":"wp","href":"https:\/\/api.w.org\/{rel}","templated":true}]}}