{"id":161823,"date":"2014-02-04T00:05:18","date_gmt":"2014-02-04T06:05:18","guid":{"rendered":"http:\/\/www.diarioimagen.net\/?p=161823"},"modified":"2014-02-05T01:45:01","modified_gmt":"2014-02-05T07:45:01","slug":"alianzas-2","status":"publish","type":"post","link":"https:\/\/www.diarioimagen.net\/?p=161823","title":{"rendered":"Alianzas"},"content":{"rendered":"<h2>De frente y de perfil<\/h2>\n<h5>Ram\u00f3n Zurita Sahag\u00fan<\/h5>\n<p><span><br \/>\nSi algo dej\u00f3 en claro la competencia electoral desarrollada el domingo en dos pa\u00edses centroamericanos (Costa Rica y El Salvador) es que los electores no pudieron definir en una sola vuelta a su pr\u00f3ximo Presidente de la Rep\u00fablica.<\/span><\/p>\n<p>Los pron\u00f3sticos se cumplieron y los ciudadanos de esas dos naciones acudir\u00e1n de nueva cuenta a las urnas pr\u00f3ximamente, para definir ya entre dos candidatos en cada pa\u00eds, el nombre del nuevo gobernante.<\/p>\n<p>Sorpresa se produjo en Costa Rica, cuando el candidato oficialista no pudo ser el m\u00e1s votado y se ubic\u00f3 en segundo lugar, cerca de un opositor, al que las encuestas ubicaban en cuarto lugar.<\/p>\n<p>Ahora, estos dos personajes, Johnny Araya, del gobernante Partido de Liberaci\u00f3n Nacional y el sorprendente candidato del Partido de Acci\u00f3n Ciudadana (centroizquierda), Luis Guillermo Sol\u00eds, ir\u00e1n nuevamente a las urnas el 6 de abril, en una segunda oportunidad para ambos, donde el resto de los aspirantes quedan eliminados.<\/p>\n<p>En El Salvador se presenta una situaci\u00f3n similar con el oficialista Salvador S\u00e1nchez Cer\u00e9n, del Frente Farabundo Mart\u00ed para la Liberaci\u00f3n Nacional (FMLN) y Norman Quijano de la Alianza Republicana Nacionalista (ARENA), disputando el honor de suceder a Mauricio Funes. La segunda vuelta est\u00e1 prevista para el 9 de marzo.<\/p>\n<p>Para los salvadore\u00f1os ser\u00e1 la primera ocasi\u00f3n en que van a una segunda vuelta electoral en los \u00faltimos 20 a\u00f1os, aunque aquellas fueron las primeras elecciones tras los Acuerdos de Paz de 1992 y en aquel entonces el candidato de Arena, Armando Calder\u00f3n Sol, se impuso a Rub\u00e9n Zamora, que se present\u00f3 al frente de una coalici\u00f3n de izquierda que inclu\u00eda al FMLN.<\/p>\n<p>Eso s\u00ed, los ciudadanos salvadore\u00f1os est\u00e1n habituados a que ARENA y el FMLN se disputen la oportunidad del triunfo electoral.<\/p>\n<p>Y aunque los comicios en las dos naciones fueron jornadas desarrolladas dentro de los m\u00e1rgenes establecidos con tranquilidad y buen \u00e1nimo, las campa\u00f1as electorales no transcurrieron con el mismo \u00e1nimo, varios de los candidatos se enfrascaron en denuncias y acusaciones.<\/p>\n<p>Esa situaci\u00f3n resulta de primordial importancia, ya que en la segunda vuelta electoral se requiere del respaldo de los candidatos que quedaron rezagados para alcanzar el ansiado 50 por ciento m\u00e1s uno, que hace falta para triunfar.<\/p>\n<p>Un personaje fundamental en El Salvador es el ex presidente El\u00edas Antonio Saca, quien con un movimiento denominado Unidad, ubicado en el centro particip\u00f3 con poca suerte, ya que el 11 por ciento de los votos alcanzados no le permiti\u00f3 ir a la segunda vuelta.<\/p>\n<p>Sin embargo, ese caudal de votos pudiera inclinar la balanza en favor de uno de los dos aspirantes que ir\u00e1n a las urnas en una segunda oportunidad, por lo que resulta de vital importancia la negociaci\u00f3n o alianza que establezca.<\/p>\n<p>La decisi\u00f3n de contender con un movimiento nuevo, provoc\u00f3 que Saca recibiera constantes ataques de los dirigentes del partido ARENA en el que milit\u00f3 anteriormente.<\/p>\n<p>Por lo que respecta a Costa Rica, el candidato Luis Guillermo Sol\u00eds, del Partido Acci\u00f3n Ciudadana (PAC) dio la sorpresa al ubicarse en primer lugar de las elecciones con el 30,6% de los votos. Este resultado muestra un crecimiento de \u00faltima hora del PAC, ya que todas las encuestas realizadas en los d\u00edas previos a las elecciones mostraban a Sol\u00eds en el cuarto lugar de las preferencias.<\/p>\n<p>Y es que en Costa Rica se esperaba una contienda cerrada, pero en la que no estaba considerado Luis Guillermo Sol\u00eds y s\u00ed Jos\u00e9 Mar\u00eda Villalta, del izquierdista Frente Amplio, en disputa con Johnny Araya, quienes mantuvieron una disputa cerrada con acusaciones de todo tipo.<\/p>\n<p>Araya acus\u00f3 constantemente a Villalta de ser \u2018comunista\u2019, el candidato del Frente Amplio critic\u00f3 al oficialista asegurando que en el PLN, que ha gobernado en las \u00faltimas dos administraciones, reina un alto grado de corrupci\u00f3n.<\/p>\n<p>Sin embargo, es muy dif\u00edcil de predecir el resultado de la segunda vuelta y todo depender\u00e1 de la capacidad de los candidatos para establecer alianzas.<\/p>\n<p>La posibilidad de que el pa\u00eds centroamericano d\u00e9 un giro hacia la izquierda todav\u00eda sigue viva, pues el tercer lugar de Jos\u00e9 Mar\u00eda Villalta es el mejor resultado de la izquierda en Costa Rica en mucho tiempo y los simpatizantes del Frente Amplio podr\u00edan terminar siendo decisivos en la segunda vuelta.<\/p>\n<p>Pero en el caso de Costa Rica, quien resulte nuevo presidente, surgido de la segunda ronda electoral del 6 de abril, se encontrar\u00e1 con un Congreso fragmentado en una diversidad de fuerzas pol\u00edticas de distinta naturaleza.<\/p>\n<p>Y es que el domingo pasado se vot\u00f3 tambi\u00e9n para elegir a los miembros de la Asamblea Legislativa. De los 57 diputados que la conforman, y seg\u00fan datos preliminares del Tribunal Supremo de Elecciones, el PLN alcanzar\u00eda 18 esca\u00f1os y el PAC un total de 13, lejos de aspirar a una mayor\u00eda. En el tercer lugar se sit\u00faa el izquierdista Frente Amplio, que lograr\u00e1 llevar a la Asamblea nueve legisladores, la cifra m\u00e1s alta de su historia, mientras que el Partido Unidad Social Cristiana (PUSC) suma ocho diputados y el derechista Movimiento Libertario, cuatro.<\/p>\n<p>El resto de esca\u00f1os se dividen entre partidos minoritarios. La situaci\u00f3n es que en Costa Rica compiten numerosos partidos en las distintas contiendas, por lo que el voto queda pulverizado y la conformaci\u00f3n de una mayor\u00eda en la Asamblea Legislativa es sumamente dif\u00edcil.<\/p>\n<p>Por eso, resulta de fundamental importancia para definir al ganador en los comicios de segunda vuelta en Costa Rica y El Salvador la construcci\u00f3n de alianzas, donde los m\u00e1s requeridos ser\u00e1n la izquierda de Villalta en Costa Rica y los votantes de centro de Saca en El Salvador.<\/p>\n<p><em><a href=\"mailto:ramonzurita44@hotmail.com\" target=\"_blank\">ramonzurita44@hotmail.com<br \/>\n<\/a><a href=\"mailto:zurita_sahagun@hotmail.com\" target=\"_blank\">zurita_sahagun@hotmail.com<\/a><\/em><\/p>\n","protected":false},"excerpt":{"rendered":"<p><span style=\"color: #005497;\"><strong>Ram\u00f3n Zurita Sahag\u00fan<\/strong><\/span><\/p>\n","protected":false},"author":3,"featured_media":0,"comment_status":"open","ping_status":"open","sticky":false,"template":"","format":"standard","meta":{"_monsterinsights_skip_tracking":false,"_monsterinsights_sitenote_active":false,"_monsterinsights_sitenote_note":"","_monsterinsights_sitenote_category":0,"footnotes":""},"categories":[234],"tags":[304,43674,43687],"class_list":["post-161823","post","type-post","status-publish","format-standard","hentry","category-ramon-zurita-sahagun","tag-de-frente-y-de-perfil","tag-opinion","tag-ramon-zurita-sahagun"],"_links":{"self":[{"href":"https:\/\/www.diarioimagen.net\/index.php?rest_route=\/wp\/v2\/posts\/161823","targetHints":{"allow":["GET"]}}],"collection":[{"href":"https:\/\/www.diarioimagen.net\/index.php?rest_route=\/wp\/v2\/posts"}],"about":[{"href":"https:\/\/www.diarioimagen.net\/index.php?rest_route=\/wp\/v2\/types\/post"}],"author":[{"embeddable":true,"href":"https:\/\/www.diarioimagen.net\/index.php?rest_route=\/wp\/v2\/users\/3"}],"replies":[{"embeddable":true,"href":"https:\/\/www.diarioimagen.net\/index.php?rest_route=%2Fwp%2Fv2%2Fcomments&post=161823"}],"version-history":[{"count":0,"href":"https:\/\/www.diarioimagen.net\/index.php?rest_route=\/wp\/v2\/posts\/161823\/revisions"}],"wp:attachment":[{"href":"https:\/\/www.diarioimagen.net\/index.php?rest_route=%2Fwp%2Fv2%2Fmedia&parent=161823"}],"wp:term":[{"taxonomy":"category","embeddable":true,"href":"https:\/\/www.diarioimagen.net\/index.php?rest_route=%2Fwp%2Fv2%2Fcategories&post=161823"},{"taxonomy":"post_tag","embeddable":true,"href":"https:\/\/www.diarioimagen.net\/index.php?rest_route=%2Fwp%2Fv2%2Ftags&post=161823"}],"curies":[{"name":"wp","href":"https:\/\/api.w.org\/{rel}","templated":true}]}}