{"id":161831,"date":"2014-02-04T00:04:42","date_gmt":"2014-02-04T06:04:42","guid":{"rendered":"http:\/\/www.diarioimagen.net\/?p=161831"},"modified":"2014-02-05T01:55:12","modified_gmt":"2014-02-05T07:55:12","slug":"la-ordena-2","status":"publish","type":"post","link":"https:\/\/www.diarioimagen.net\/?p=161831","title":{"rendered":"La orde\u00f1a"},"content":{"rendered":"<h2>Punto por punto<\/h2>\n<h5>Augusto Corro<\/h5>\n<p><span><br \/>\n<b><i>Estimado Manuel:<\/i><\/b><\/span><\/p>\n<p>La orde\u00f1a en los ductos de Petr\u00f3leos Mexicanos (Pemex) parece no interesarle a nadie.\u00a0 En el 2013, el crimen organizado no se dio descanso para perforar las tuber\u00edas y extraer gasolina.\u00a0 La paraestatal registr\u00f3 siete tomas clandestinas al d\u00eda, en diferentes puntos de su red.<\/p>\n<p>La extracci\u00f3n ilegal de combustible se increment\u00f3 el a\u00f1o pasado, pero el problema viene de a\u00f1os anteriores.<\/p>\n<p>De esa manera, Pemex ve mermada su utilidad considerablemente. Sin embargo, no se ve a alguien interesado en frenar el saqueo de combustible.<\/p>\n<p>Y al no preocuparse las autoridades de perseguir y castigar a los saqueadores estos se sienten protegidos y agradecen el manto de impunidad que los protege.\u00a0 En 2013, Pemex \u201cdetect\u00f3 2 mil 614 tomas, lo que representa el mayor n\u00famero de dichos actos il\u00edcitos perpetrados en los \u00faltimos 13\u00a0 a\u00f1os\u201d.<\/p>\n<p>La \u201corde\u00f1a\u201d continuar\u00e1 sin l\u00edmite alguno, porque el crimen organizado tiene presente que no corre ning\u00fan peligro en esa rama delincuencial. Salvo cuando pierden el control durante la extracci\u00f3n del combustible.\u00a0 Es l\u00f3gico que para practicar la perforaci\u00f3n de los ductos es necesaria la ayuda de expertos. \u00bfQui\u00e9nes son aquellos que ayudan a los delincuentes en el saqueo? Al paso que vamos nunca lo sabremos.<\/p>\n<p align=\"center\"><b>EMPIEZAN LAS ESCARAMUZAS<\/b><\/p>\n<p>Como se esperaba, la Arquidi\u00f3cesis Primada de M\u00e9xico se pronunci\u00f3 en contra de la legalizaci\u00f3n del consumo de la mariguana en la ciudad de M\u00e9xico.\u00a0 As\u00ed, esa instituci\u00f3n religiosa inici\u00f3 sus primeros ataques para evitar la aprobaci\u00f3n de una ley que permita fumar \u201cjuanita\u201d. Si el consumo es legalizado en la ALDF se \u201cpromover\u00e1 una sociedad adicta y enferma, ser\u00e1 la ciudad pacheca\u201d.<\/p>\n<p>Como se inform\u00f3, algunos legisladores se dijeron dispuestos a analizar el consumo legal de la mariguana en el Distrito Federal.\u00a0 En su \u00f3rgano de informaci\u00f3n oficial, la Arquidi\u00f3cesis calific\u00f3 de \u201cmercaderes de la muerte\u201d a los asamble\u00edstas que pretenden la legalizaci\u00f3n del consumo de la hierba.\u00a0 Los pros y contras subir\u00e1n de tono y como la mayor\u00eda de la Asamblea es perredista, la nueva ley no tendr\u00e1 mayores obst\u00e1culos para ser aprobada.<\/p>\n<p>En Uruguay y en algunos estados de la Uni\u00f3n Americana ya se autoriz\u00f3 el consumo de la mariguana. Habr\u00e1 que esperar los resultados de esta nueva aventura.\u00a0 Por lo pronto, la instituci\u00f3n religiosa aqu\u00ed en M\u00e9xico cumple con su papel tradicional de oponerse a todo proyecto de la izquierda bueno o malo.<\/p>\n<p align=\"center\"><b>CUAUHT\u00c9MOC Y \u201cLOS CHUCHOS\u201d<\/b><\/p>\n<p>El viernes pasado se efectu\u00f3 una manifestaci\u00f3n contra la reforma petrolera. La reuni\u00f3n no cumpli\u00f3 con las perspectivas so\u00f1adas por los organizadores del Partido de la Revoluci\u00f3n Democr\u00e1tica (PRD). Para ser precisos, la plancha del Z\u00f3calo capitalino no se llen\u00f3 como en otras ocasiones. La gente que particip\u00f3 no iba con el entusiasmo, ni con el esp\u00edritu de lucha de otras ocasiones.<\/p>\n<p>Se notaba en los manifestantes una especie de abulia, de cumplir con un compromiso y nada m\u00e1s.<\/p>\n<p>En la c\u00fapula de la dirigencia perredista el \u00fanico que luci\u00f3 fue Cuauht\u00e9moc C\u00e1rdenas. El discurso principal estuvo a su cargo.\u00a0 Jes\u00fas Zambrano y Jes\u00fas Ortega, \u201cLos Chuchos\u201d se sent\u00edan inc\u00f3modos y temerosos de ser abucheados por los amarillos.<\/p>\n<p>Sin duda, Cuauht\u00e9moc result\u00f3 el m\u00e1s beneficiado. Apareci\u00f3 como el gran unificador y salvador de la crisis en la que se encuentra el partido del sol azteca.<\/p>\n<p>En el interior de esa organizaci\u00f3n pol\u00edtica se libra una lucha por la presidencia del PRD. Las elecciones podr\u00edan ser en mayo pr\u00f3ximo, pero los enfrentamientos ya empezaron.<\/p>\n<p>Al PRD no le conviene m\u00e1s divisionismo. La salida de Manuel L\u00f3pez Obrador de ese partido los dej\u00f3 con el puro cascar\u00f3n. Y la insistencia de Marcelo Ebrard Casaubon por sucederle en el cargo a Zambrano, tiene a \u201cLos Chuchos\u201d muy intranquilos.<\/p>\n<p>Por eso, se han empe\u00f1ado en apoyar a C\u00e1rdenas como el principal factor de unidad, que podr\u00eda ayudarles a seguir en el negocio de la pol\u00edtica.<\/p>\n<p>El michoacano se deja querer y, como se encuentra la situaci\u00f3n perredista, podr\u00eda convertirse en un aspirante con posibilidades de repetir como presidente nacional del PRD. Esto desean, fervientemente \u201cLos Chuchos\u201d.<\/p>\n<p><em><a href=\"mailto:aco2742@hotmail.com\" target=\"_blank\">aco2742@hotmail.com<\/a><\/em><\/p>\n","protected":false},"excerpt":{"rendered":"<p><span style=\"color: #005497;\"><strong>Augusto Corro<\/strong><\/span><\/p>\n","protected":false},"author":3,"featured_media":0,"comment_status":"open","ping_status":"open","sticky":false,"template":"","format":"standard","meta":{"_monsterinsights_skip_tracking":false,"_monsterinsights_sitenote_active":false,"_monsterinsights_sitenote_note":"","_monsterinsights_sitenote_category":0,"footnotes":""},"categories":[157],"tags":[1352,43686,43674,292,2411,11515],"class_list":["post-161831","post","type-post","status-publish","format-standard","hentry","category-augusto-corro","tag-andres-manuel-lopez-obrador","tag-augusto-corro","tag-opinion","tag-pemex","tag-petroleos-mexicanos","tag-punto-por-punto"],"_links":{"self":[{"href":"https:\/\/www.diarioimagen.net\/index.php?rest_route=\/wp\/v2\/posts\/161831","targetHints":{"allow":["GET"]}}],"collection":[{"href":"https:\/\/www.diarioimagen.net\/index.php?rest_route=\/wp\/v2\/posts"}],"about":[{"href":"https:\/\/www.diarioimagen.net\/index.php?rest_route=\/wp\/v2\/types\/post"}],"author":[{"embeddable":true,"href":"https:\/\/www.diarioimagen.net\/index.php?rest_route=\/wp\/v2\/users\/3"}],"replies":[{"embeddable":true,"href":"https:\/\/www.diarioimagen.net\/index.php?rest_route=%2Fwp%2Fv2%2Fcomments&post=161831"}],"version-history":[{"count":0,"href":"https:\/\/www.diarioimagen.net\/index.php?rest_route=\/wp\/v2\/posts\/161831\/revisions"}],"wp:attachment":[{"href":"https:\/\/www.diarioimagen.net\/index.php?rest_route=%2Fwp%2Fv2%2Fmedia&parent=161831"}],"wp:term":[{"taxonomy":"category","embeddable":true,"href":"https:\/\/www.diarioimagen.net\/index.php?rest_route=%2Fwp%2Fv2%2Fcategories&post=161831"},{"taxonomy":"post_tag","embeddable":true,"href":"https:\/\/www.diarioimagen.net\/index.php?rest_route=%2Fwp%2Fv2%2Ftags&post=161831"}],"curies":[{"name":"wp","href":"https:\/\/api.w.org\/{rel}","templated":true}]}}