{"id":161833,"date":"2014-02-04T00:03:47","date_gmt":"2014-02-04T06:03:47","guid":{"rendered":"http:\/\/www.diarioimagen.net\/?p=161833"},"modified":"2014-02-05T02:09:00","modified_gmt":"2014-02-05T08:09:00","slug":"ahora-hay-que-pagarles","status":"publish","type":"post","link":"https:\/\/www.diarioimagen.net\/?p=161833","title":{"rendered":"Ahora hay que pagarles"},"content":{"rendered":"<h2>Detr\u00e1s del Poder<\/h2>\n<h5>Jos\u00e9 Antonio L\u00f3pez Sosa<\/h5>\n<p><span><br \/>\nEs incre\u00edble que vivamos en una ciudad donde hay que pagarle o indemnizar a quien sistem\u00e1ticamente viola la ley.<\/span><\/p>\n<p>Hasta 2 mil 18 pesos mensuales podr\u00e1 recibir cada uno de los vagoneros que al d\u00eda de hoy, llevan a\u00f1os infringiendo la ley haciendo de trenes y andenes del Sistema de Transporte Colectivo (Metro), un verdadero mercado.<\/p>\n<p>Los usuarios del Metro tenemos que soportar de forma permanente de la venta de todo tipo de productos, en los \u00faltimos a\u00f1os incluso el molesto volumen de quienes venden discos pirata y abordan los trenes con amplificadores que cargan sobre sus espaldas.<\/p>\n<p>Las 21 organizaciones que representan a casi 3 mil personas tendr\u00e1n esta prerrogativa para que dejen de vender en los trenes y andenes, pr\u00e1cticamente el gobierno de la ciudad est\u00e1 indemnizando a la gente que viol\u00f3 la ley por a\u00f1os.<\/p>\n<p>Estamos de acuerdo que una democracia se nutre de acuerdos y la participaci\u00f3n ciudadana, pero en una democracia tambi\u00e9n debe haber estricto respeto por la ley y sanciones a quienes la infringen, al pasar de los a\u00f1os resultaron ganadores los \u201cvagoneros\u201d porque adem\u00e1s de gozar de cabal impunidad, ahora el gobierno les pagar\u00e1 por dejar de vender de forma il\u00edcita.<\/p>\n<p>Hay voces que se\u00f1alan la necesidad de esta gente por vender en el Metro dada la recurrente crisis econ\u00f3mica. Sin embargo, es claro que se trata de mafias perfectamente establecidas. Hace poco m\u00e1s de un a\u00f1o, enviamos a uno de nuestros reporteros radiof\u00f3nicos a hacerse pasar por \u201cvagonero\u201d vendiendo chicles, el resultado fue lo que esper\u00e1bamos, estuvo a punto de ser golpeado por los \u201cvigilantes\u201d de los \u201cvagoneros\u201d en la l\u00ednea 5, porque hasta sistemas de vigilancia tienen, as\u00ed de completa es la mafia en el Metro.<\/p>\n<p>Nos costar\u00e1n miles de pesos sacar de nuestros espacios a estas mafias, as\u00ed funciona la democracia en M\u00e9xico. \u00a1Lamentable!<\/p>\n<p align=\"center\"><b>SANTA ISABEL TOLA \u00a1SOS!<\/b><\/p>\n<p>El domingo pasado presentamos en F\u00f3rmula Noticias una entrega sobre Santa Isabel Tola, misma que compartimos m\u00e1s tarde en las redes sociales.<\/p>\n<p>El grupo en Facebook \u201cSanta Isabel Tola Sos\u201d nos envi\u00f3 el siguiente comentario:\u00a0 \u201cCabe mencionar que tanto el carnaval como el deportivo est\u00e1n siendo robados por la delegada en GAM si no eres de los reporteros que se venden nos agradar\u00eda poner un buen reportaje en tus manos checa la pagina hay mucha informaci\u00f3n y hay m\u00e1s en documentos. Saludos\u201d<\/p>\n<p>La respuesta: 1) Ignoro qui\u00e9n es la persona detr\u00e1s del citado grupo y quien env\u00eda el mensaje; 2) Los reportajes que hacemos son de color para presentar diversas zonas de la ciudad de M\u00e9xico, en todo caso el juicio \u201cde los reporteros que se venden\u201d y \u201cun buen reportaje\u201d obedecen a apreciaciones infundadas de quien se esconde tras un avatar y; 3) Todo medio informativo tiene un \u00e1rea denominada jefatura de informaci\u00f3n, de ah\u00ed salen las ordenes de trabajo de un reportero, no es tan sencillo como abrir un perfil de Facebook.<\/p>\n<p>Le recomiendo al remitente cuyo nombre ignoro, enviarnos un correo electr\u00f3nico a <a href=\"mailto: formulaconfidencial@radioformula.com.mx\" target=\"_blank\">formulaconfidencial@radioformula.com.mx<\/a> con su denuncia ciudadana, ese es el espacio para tal efecto.<\/p>\n<p><em><a href=\"mailto:lopez.sosa@mexico.com\" target=\"_blank\">lopez.sosa@mexico.com<\/a><\/em><br \/>\n<em><a href=\"http:\/\/twitter.com\/#%21\/joseantonio1977\" target=\"_blank\">@joseantonio1977<br \/>\n<\/a><a href=\"http:\/\/www.formulaconfidencial.com.mx\/\" target=\"_blank\">www.formulaconfidencial.com.mx<\/a><\/em><\/p>\n","protected":false},"excerpt":{"rendered":"<p><span style=\"color: #005497;\"><strong>Jos\u00e9 Antonio L\u00f3pez Sosa<\/strong><\/span><\/p>\n","protected":false},"author":3,"featured_media":0,"comment_status":"open","ping_status":"open","sticky":false,"template":"","format":"standard","meta":{"_monsterinsights_skip_tracking":false,"_monsterinsights_sitenote_active":false,"_monsterinsights_sitenote_note":"","_monsterinsights_sitenote_category":0,"footnotes":""},"categories":[637],"tags":[638,43690,163,43674,1889],"class_list":["post-161833","post","type-post","status-publish","format-standard","hentry","category-jose-antonio-lopez-sosa","tag-detras-del-poder","tag-jose-antonio-lopez-sosa","tag-metro","tag-opinion","tag-sistema-de-transporte-colectivo"],"_links":{"self":[{"href":"https:\/\/www.diarioimagen.net\/index.php?rest_route=\/wp\/v2\/posts\/161833","targetHints":{"allow":["GET"]}}],"collection":[{"href":"https:\/\/www.diarioimagen.net\/index.php?rest_route=\/wp\/v2\/posts"}],"about":[{"href":"https:\/\/www.diarioimagen.net\/index.php?rest_route=\/wp\/v2\/types\/post"}],"author":[{"embeddable":true,"href":"https:\/\/www.diarioimagen.net\/index.php?rest_route=\/wp\/v2\/users\/3"}],"replies":[{"embeddable":true,"href":"https:\/\/www.diarioimagen.net\/index.php?rest_route=%2Fwp%2Fv2%2Fcomments&post=161833"}],"version-history":[{"count":0,"href":"https:\/\/www.diarioimagen.net\/index.php?rest_route=\/wp\/v2\/posts\/161833\/revisions"}],"wp:attachment":[{"href":"https:\/\/www.diarioimagen.net\/index.php?rest_route=%2Fwp%2Fv2%2Fmedia&parent=161833"}],"wp:term":[{"taxonomy":"category","embeddable":true,"href":"https:\/\/www.diarioimagen.net\/index.php?rest_route=%2Fwp%2Fv2%2Fcategories&post=161833"},{"taxonomy":"post_tag","embeddable":true,"href":"https:\/\/www.diarioimagen.net\/index.php?rest_route=%2Fwp%2Fv2%2Ftags&post=161833"}],"curies":[{"name":"wp","href":"https:\/\/api.w.org\/{rel}","templated":true}]}}