{"id":161840,"date":"2014-02-04T00:01:41","date_gmt":"2014-02-04T06:01:41","guid":{"rendered":"http:\/\/www.diarioimagen.net\/?p=161840"},"modified":"2014-02-05T02:18:32","modified_gmt":"2014-02-05T08:18:32","slug":"la-autoridad-moral-de-fox","status":"publish","type":"post","link":"https:\/\/www.diarioimagen.net\/?p=161840","title":{"rendered":"La autoridad moral de Fox"},"content":{"rendered":"<h2>Pol\u00edtica Spot<\/h2>\n<h5>Juan Manuel Maga\u00f1a<\/h5>\n<p><span><br \/>\nAs\u00ed como alguna vez su canciller Jorge Casta\u00f1eda llam\u00f3 \u201cardidos\u201d a los cubanos, ahora parece ser que el verdaderamente ardido es Vicente Fox.<\/span><\/p>\n<p>El ex mandatario Fox reproch\u00f3 que el gobierno del presidente Enrique Pe\u00f1a Nieto haya condonado buena parte de la deuda de Cuba, pues consider\u00f3 que \u00e9ste es un pa\u00eds \u2018chupacabras\u2019 que s\u00f3lo est\u00e1 buscando dinero gratis y que lo que debe hacer, es ponerse a trabajar.<\/p>\n<p>Luego de la visita de Pe\u00f1a a la isla en la que se entrevist\u00f3 por espacio de una hora con un personaje hist\u00f3rico como lo es Fidel Castro, el Gobierno de M\u00e9xico firm\u00f3 un acuerdo para condonarle al gobierno de Cuba el 70 por ciento de la deuda de 487 millones de d\u00f3lares que tiene con nuestro pa\u00eds desde hace m\u00e1s de 15 a\u00f1os.<\/p>\n<p>Ese hecho motiv\u00f3 a que Vicente Fox respingara en contra de esta decisi\u00f3n como si le hubiesen puesto un clavo en la silla.<\/p>\n<p>Dijo: \u201c\u00c9se es el viejo PRI, es la vieja filosof\u00eda pri\u00edsta, el PAN y mi gobierno tuvieron una filosof\u00eda diferente. Mientras no sean democr\u00e1ticos no hay por qu\u00e9 construir una relaci\u00f3n con esos pa\u00edses porque al final no le van a aportar nada a M\u00e9xico, generalmente es al rev\u00e9s, son como \u201cchupacabras\u201d que lo \u00fanico que est\u00e1n buscando es qui\u00e9n les da dinero de gratis\u201d.<\/p>\n<p>Todo eso lo dijo Fox durante una entrevista a la que convoc\u00f3 esta ma\u00f1ana en la Hacienda San Crist\u00f3bal para hablar de sus proyectos y las pr\u00f3ximas actividades del Centro Fox, un lugar tan impresionante que vaya usted a saber con qu\u00e9 dinero lo construy\u00f3.<\/p>\n<p>Por lo visto Fox desde ah\u00ed se da ahora el lujo de ofrecer conferencias de prensa para decir lo que est\u00e1 bien y mal de la pol\u00edtica gubernamental, y por eso recalc\u00f3 que lo que Cuba debe hacer es \u2018ponerse a trabajar\u2019 y cambiar las viejas ideolog\u00edas que no le aportan progreso ni calidad de vida a sus habitantes.<\/p>\n<p>El que ahora quiere sembrar mariguana e invertir en el negocio petrolero, expuso que \u201cno se llama error (perdonarle la deuda a Cuba), pero yo no veo para qu\u00e9 hay que estar perdonando deudas, que se pongan a trabajar los cubanos y a generar su propio dinero.<\/p>\n<p>\u201cLo que M\u00e9xico tendr\u00eda que hacer es buscar que Cuba cambie, que deje a su gente en libertad de elegir en d\u00f3nde quieren vivir, a qui\u00e9n quieren de Presidente, lo que es la democracia, lo que necesitan en Cuba es liberar el esp\u00edritu emprendedor, aceptar inversi\u00f3n extranjera directa, abrir su econom\u00eda como lo ha hecho todo el mundo\u201d-<\/p>\n<p>Fox se siente sobrado de autoridad moral para hablar as\u00ed, porque cree que \u00e9l s\u00ed supo dejar que la gente eligiera a quien quer\u00eda de Presidente, que \u00e9l s\u00ed hizo mucho por la democracia y que \u00e9l, ni Martita, buscaron \u201cdinero gratis\u201d como \u201cchupacabras\u201d durante su lamentable sexenio.<\/p>\n<p><em><a href=\"mailto:%20maganapalace@yahoo.com.mx\" target=\"_blank\">maganapalace@yahoo.com.mx<\/a><\/em><\/p>\n","protected":false},"excerpt":{"rendered":"<p><span style=\"color: #005497;\"><strong>Juan Manuel Maga\u00f1a<\/strong><\/span><\/p>\n","protected":false},"author":3,"featured_media":0,"comment_status":"open","ping_status":"open","sticky":false,"template":"","format":"standard","meta":{"_monsterinsights_skip_tracking":false,"_monsterinsights_sitenote_active":false,"_monsterinsights_sitenote_note":"","_monsterinsights_sitenote_category":0,"footnotes":""},"categories":[22905],"tags":[18,43709,43674,22904],"class_list":["post-161840","post","type-post","status-publish","format-standard","hentry","category-juan-manuel-magana","tag-enrique-pena-nieto","tag-juan-manuel-magana","tag-opinion","tag-politica-spot"],"_links":{"self":[{"href":"https:\/\/www.diarioimagen.net\/index.php?rest_route=\/wp\/v2\/posts\/161840","targetHints":{"allow":["GET"]}}],"collection":[{"href":"https:\/\/www.diarioimagen.net\/index.php?rest_route=\/wp\/v2\/posts"}],"about":[{"href":"https:\/\/www.diarioimagen.net\/index.php?rest_route=\/wp\/v2\/types\/post"}],"author":[{"embeddable":true,"href":"https:\/\/www.diarioimagen.net\/index.php?rest_route=\/wp\/v2\/users\/3"}],"replies":[{"embeddable":true,"href":"https:\/\/www.diarioimagen.net\/index.php?rest_route=%2Fwp%2Fv2%2Fcomments&post=161840"}],"version-history":[{"count":0,"href":"https:\/\/www.diarioimagen.net\/index.php?rest_route=\/wp\/v2\/posts\/161840\/revisions"}],"wp:attachment":[{"href":"https:\/\/www.diarioimagen.net\/index.php?rest_route=%2Fwp%2Fv2%2Fmedia&parent=161840"}],"wp:term":[{"taxonomy":"category","embeddable":true,"href":"https:\/\/www.diarioimagen.net\/index.php?rest_route=%2Fwp%2Fv2%2Fcategories&post=161840"},{"taxonomy":"post_tag","embeddable":true,"href":"https:\/\/www.diarioimagen.net\/index.php?rest_route=%2Fwp%2Fv2%2Ftags&post=161840"}],"curies":[{"name":"wp","href":"https:\/\/api.w.org\/{rel}","templated":true}]}}