{"id":161949,"date":"2014-02-05T00:05:34","date_gmt":"2014-02-05T06:05:34","guid":{"rendered":"http:\/\/www.diarioimagen.net\/?p=161949"},"modified":"2014-02-06T04:10:41","modified_gmt":"2014-02-06T10:10:41","slug":"unos-dos-mil-indigenas-de-guerrero-realizan-peregrinacion-del-hambre","status":"publish","type":"post","link":"https:\/\/www.diarioimagen.net\/?p=161949","title":{"rendered":"Unos dos mil ind\u00edgenas de Guerrero realizan la \u2018Peregrinaci\u00f3n del hambre\u2019"},"content":{"rendered":"<ul>\n<li><em><strong>Al menos 30 comunidades viven en campamentos porque no se les ha querido reubicar<\/strong><\/em><\/li>\n<\/ul>\n<div id=\"attachment_161950\" style=\"width: 250px\" class=\"wp-caption alignleft\"><img loading=\"lazy\" decoding=\"async\" aria-describedby=\"caption-attachment-161950\" class=\"size-medium wp-image-161950 \" alt=\"Los pobladores impiden el acceso a la entrada a los municipios de Atoyac y San Jer\u00f3nimo. Los manifestantes adem\u00e1s demandan la reubicaci\u00f3n de 200 personas que viven en zonas de riesgo, de acuerdo con dict\u00e1menes de la Subsecretaria de Protecci\u00f3n Civil y del Cenapred.\" src=\"http:\/\/www.diarioimagen.net\/wp-content\/uploads\/2014\/02\/guerrero-portal-240x135.jpg\" width=\"240\" height=\"135\" srcset=\"https:\/\/www.diarioimagen.net\/wp-content\/uploads\/2014\/02\/guerrero-portal-240x135.jpg 240w, https:\/\/www.diarioimagen.net\/wp-content\/uploads\/2014\/02\/guerrero-portal-420x236.jpg 420w, https:\/\/www.diarioimagen.net\/wp-content\/uploads\/2014\/02\/guerrero-portal-235x132.jpg 235w, https:\/\/www.diarioimagen.net\/wp-content\/uploads\/2014\/02\/guerrero-portal-202x114.jpg 202w, https:\/\/www.diarioimagen.net\/wp-content\/uploads\/2014\/02\/guerrero-portal-350x196.jpg 350w, https:\/\/www.diarioimagen.net\/wp-content\/uploads\/2014\/02\/guerrero-portal-220x123.jpg 220w, https:\/\/www.diarioimagen.net\/wp-content\/uploads\/2014\/02\/guerrero-portal-237x132.jpg 237w, https:\/\/www.diarioimagen.net\/wp-content\/uploads\/2014\/02\/guerrero-portal.jpg 480w\" sizes=\"auto, (max-width: 240px) 100vw, 240px\" \/><p id=\"caption-attachment-161950\" class=\"wp-caption-text\">Ayer se hicieron presentes en distintas ciudades del estado de Guerrero los damnificados por las tomentas tropicales <i>Ingrid<\/i> y <i>Manuel<\/i>, que habitan en campamentos.<\/p><\/div>\n<p>M\u00e1s de 2 mil ind\u00edgenas de 13 municipios de La Monta\u00f1a realizaron la marcha denominada la \u201cPeregrinaci\u00f3n del hambre\u201d, para exigir al gobierno\u00a0 que libere los recursos para La Monta\u00f1a, debido a que hay miles de personas que se encuentran sin apoyo luego de la tormentas <i>Ingrid<\/i> y <i>Manuel<\/i>.<\/p>\n<p>La marcha fue encabezada por el Consejo de Comunidades Damnificadas de La Monta\u00f1a de Guerrero, en las que destacan el Centro de Derechos Humanos de La Monta\u00f1a Tlachinollan, coordinado por Abel Barrera Hern\u00e1ndez, quien manifest\u00f3 que los pueblos de La Monta\u00f1a ya no aguantan la situaci\u00f3n debido que desde hace 150 d\u00edas no han recibido ning\u00fan tipo de apoyo.<\/p>\n<p>Seg\u00fan el antrop\u00f3logo, al menos 30 comunidades se encuentran en campamentos debido a que no han sido reubicados luego de la tormenta <i>Manuel<\/i>, en septiembre del a\u00f1o pasado.<\/p>\n<p>Los damnificados por las tormentas <i>Ingrid<\/i> y <i>Manuel<\/i> mantuvieron un bloqueo en las carreteras Tlapa-Marquelia y Tlapa-Chilpancingo.<\/p>\n<p>En el punto conocido como la \u201cY\u201d \u2013i griega-, en la entrada al municipio de Atoyac de \u00c1lvarez, habitantes de El Para\u00edso bloquearon la carretera Acapulco-Zihuatanejo en demanda de que el gobierno del estado y federal les otorgue las tarjetas de enseres que no fueron entregadas a pesar de que fueron censados y cuentan con un folio.<\/p>\n<p>Los pobladores impiden el acceso a la entrada a los municipios de Atoyac y San Jer\u00f3nimo.<\/p>\n<p>Los manifestantes adem\u00e1s demandan la reubicaci\u00f3n de 200 personas que viven en zonas de riesgo, de acuerdo con dict\u00e1menes de la Subsecretaria de Protecci\u00f3n Civil y del Cenapred.<\/p>\n","protected":false},"excerpt":{"rendered":"<p>M\u00e1s de 2 mil ind\u00edgenas de 13 municipios de La Monta\u00f1a realizaron la marcha denominada la \u201cPeregrinaci\u00f3n del hambre\u201d, para exigir al gobierno  que libere los recursos para La Monta\u00f1a, debido a que hay miles de personas que se encuentran sin apoyo luego de la tormentas <i>Ingrid<\/i> y <i>Manuel<\/i>.<\/p>\n","protected":false},"author":5,"featured_media":161950,"comment_status":"open","ping_status":"open","sticky":false,"template":"","format":"standard","meta":{"_monsterinsights_skip_tracking":false,"_monsterinsights_sitenote_active":false,"_monsterinsights_sitenote_note":"","_monsterinsights_sitenote_category":0,"footnotes":""},"categories":[17,3],"tags":[3244,28350,28444,28349,43673],"class_list":["post-161949","post","type-post","status-publish","format-standard","has-post-thumbnail","hentry","category-especiales","category-nacional","tag-guerrero","tag-ingrid","tag-la-montana","tag-manuel","tag-nacional"],"_links":{"self":[{"href":"https:\/\/www.diarioimagen.net\/index.php?rest_route=\/wp\/v2\/posts\/161949","targetHints":{"allow":["GET"]}}],"collection":[{"href":"https:\/\/www.diarioimagen.net\/index.php?rest_route=\/wp\/v2\/posts"}],"about":[{"href":"https:\/\/www.diarioimagen.net\/index.php?rest_route=\/wp\/v2\/types\/post"}],"author":[{"embeddable":true,"href":"https:\/\/www.diarioimagen.net\/index.php?rest_route=\/wp\/v2\/users\/5"}],"replies":[{"embeddable":true,"href":"https:\/\/www.diarioimagen.net\/index.php?rest_route=%2Fwp%2Fv2%2Fcomments&post=161949"}],"version-history":[{"count":0,"href":"https:\/\/www.diarioimagen.net\/index.php?rest_route=\/wp\/v2\/posts\/161949\/revisions"}],"wp:featuredmedia":[{"embeddable":true,"href":"https:\/\/www.diarioimagen.net\/index.php?rest_route=\/wp\/v2\/media\/161950"}],"wp:attachment":[{"href":"https:\/\/www.diarioimagen.net\/index.php?rest_route=%2Fwp%2Fv2%2Fmedia&parent=161949"}],"wp:term":[{"taxonomy":"category","embeddable":true,"href":"https:\/\/www.diarioimagen.net\/index.php?rest_route=%2Fwp%2Fv2%2Fcategories&post=161949"},{"taxonomy":"post_tag","embeddable":true,"href":"https:\/\/www.diarioimagen.net\/index.php?rest_route=%2Fwp%2Fv2%2Ftags&post=161949"}],"curies":[{"name":"wp","href":"https:\/\/api.w.org\/{rel}","templated":true}]}}