{"id":161970,"date":"2014-02-05T00:01:32","date_gmt":"2014-02-05T06:01:32","guid":{"rendered":"http:\/\/www.diarioimagen.net\/?p=161970"},"modified":"2014-02-05T23:30:26","modified_gmt":"2014-02-06T05:30:26","slug":"federico-jager-es-el-nuevo-director-general-para-mexico-centroamerica-y-cuba-de-latam-airlines-group","status":"publish","type":"post","link":"https:\/\/www.diarioimagen.net\/?p=161970","title":{"rendered":"Federico Jager es el nuevo director general para M\u00e9xico, Centroam\u00e9rica y Cuba de <i>LATAM Airlines Group<\/i>"},"content":{"rendered":"<h2>De cinco estrellas<\/h2>\n<h5>Victoria Gonz\u00e1lez Prado<\/h5>\n<p>&nbsp;<\/p>\n<ul>\n<li><em><strong>El XII Foro Nacional de Turismo\/Mundo Maya se realizar\u00e1 del 23 al 25 de febrero en M\u00e9rida, Yucat\u00e1n<\/strong><\/em><\/li>\n<li><em><strong>Hyatt Regency Mexico City recibi\u00f3 el reconocimiento como uno de los 10 mejores hoteles del DF<\/strong><\/em><\/li>\n<li><em><strong>Rafael Moreno Valle coloc\u00f3 la primera piedra de lo que ser\u00e1 el nuevo hotel Fiesta Americana Grand Puebla<\/strong><\/em><\/li>\n<\/ul>\n<div id=\"attachment_162087\" style=\"width: 250px\" class=\"wp-caption alignleft\"><a href=\"http:\/\/www.diarioimagen.net\/wp-content\/uploads\/2014\/02\/turismo-2286.jpg\"><img loading=\"lazy\" decoding=\"async\" aria-describedby=\"caption-attachment-162087\" class=\"size-medium wp-image-162087\" alt=\"El nuevo director del grupo LATAM M\u00e9xico, Centroam\u00e9rica y Cuba, Federico Jager, y su equipo de trabajo.\" src=\"http:\/\/www.diarioimagen.net\/wp-content\/uploads\/2014\/02\/turismo-2286-240x111.jpg\" width=\"240\" height=\"111\" srcset=\"https:\/\/www.diarioimagen.net\/wp-content\/uploads\/2014\/02\/turismo-2286-240x111.jpg 240w, https:\/\/www.diarioimagen.net\/wp-content\/uploads\/2014\/02\/turismo-2286-420x195.jpg 420w, https:\/\/www.diarioimagen.net\/wp-content\/uploads\/2014\/02\/turismo-2286.jpg 500w\" sizes=\"auto, (max-width: 240px) 100vw, 240px\" \/><\/a><p id=\"caption-attachment-162087\" class=\"wp-caption-text\">El nuevo director del grupo LATAM M\u00e9xico, Centroam\u00e9rica y Cuba, Federico Jager, y su equipo de trabajo.<\/p><\/div>\n<p><b>Federico Jager<\/b> fue designado director general para M\u00e9xico, Centroam\u00e9rica y Cuba de <i>LATAM Airlines Group<\/i>, cargo que ocupa desde enero pasado. Durante la recepci\u00f3n en su honor, <b>Jager <\/b>estuvo acompa\u00f1ado por miembros de su equipo e invitados especiales, que lo felicitaron y celebraron el nombramiento. Al hacer uso de la palabra, <b>Federico<\/b> asegur\u00f3 que sus decisiones y acciones mantendr\u00e1n la misma l\u00ednea, para as\u00ed seguir siendo la empresa con la mejor propuesta de valor para los profesionales de la industria y sus clientes. \u201cHace dos a\u00f1os y medio llegu\u00e9 a M\u00e9xico para tomar la direcci\u00f3n comercial de la compa\u00f1\u00eda con el desaf\u00edo de generar una propuesta de valor diferente de cara a la fusi\u00f3n con TAM. Hoy, me toca asumir esta nueva posici\u00f3n que implica mucha responsabilidad y grandes desaf\u00edos\u201d. Dijo que desde su llegada a M\u00e9xico el equipo comercial ha cambiado, crecido y se ha hecho mucho. \u201cHemos incorporado nuevos valores y hoy somos m\u00e1s s\u00f3lidos comercialmente. En estos a\u00f1os hemos tenido aciertos y errores. Hemos aprendido mucho y trabajamos por mejorar cada d\u00eda\u201d. <b>Federico Jager<\/b>, en su nueva posici\u00f3n como director para M\u00e9xico, Centroam\u00e9rica y Cuba de <i>LATAM Airlines Group, <\/i>se\u00f1al\u00f3 que en su nuevo cargo las decisiones y acciones que decida seguir\u00e1n orientadas para continuar siendo la mejor opci\u00f3n del mercado. \u201cTrabajaremos de la mano con los profesionales del sector para que esta industria siga creciendo y desarroll\u00e1ndose. No todos los esfuerzos estar\u00e1n enfocados en el mercado emisivo. Como grupo<i> LATAM,<\/i> entendemos que somos parte responsable del crecimiento de las econom\u00edas de los pa\u00edses y los mercados en donde operamos. Por eso, seguiremos esforz\u00e1ndonos para traer a M\u00e9xico m\u00e1s turistas del Cono Sur\u201d. Por otra parte, dijo que en este a\u00f1o 2014 se incrementar\u00e1n operaciones, como el caso del vuelo diario entre Lima y Canc\u00fan, que tendr\u00e1 diez frecuencias semanales. Por \u00faltimo, <b>Federico Jager<\/b> agradeci\u00f3 el apoyo que le ha dado la empresa desde el 2008 cuando se sum\u00f3 a sus filas como gerente de ventas para el mercado de Argentina, y hasta su llegada a M\u00e9xico.<\/p>\n<p>\u2730\u2730\u2730\u2730\u2730\u00a0Representantes de los cinco pa\u00edses que conforman la regi\u00f3n del\u00a0Mundo Maya, as\u00ed como los secretarios de\u00a0Turismo\u00a0de todo el pa\u00eds, legisladores, analistas y periodistas se reunir\u00e1n en M\u00e9rida del 23 al 25 de febrero en el XII\u00a0Foro Nacional\u00a0de Turismo\/Mundo Maya 2014. El Foro, cuyo director general es Fernando Mart\u00ed, es un espacio de deliberaci\u00f3n sobre la industria\u00a0 tur\u00edstica que hoy, despu\u00e9s de\u00a0m\u00e1s una d\u00e9cada de\u00a0 trabajo constante es considerado un espacio de diagn\u00f3stico y credibilidad. Cabe destacar que el proyecto Mundo Maya, tema central del foro, fue instaurado por M\u00e9xico desde fines de la d\u00e9cada de los 80, con la participaci\u00f3n de los cinco estados de la Rep\u00fablica: Chiapas, Tabasco, Campeche, Quintana Roo y Yucat\u00e1n, donde se estableci\u00f3 esa deslumbrante civilizaci\u00f3n. Sa\u00fal Ancona Salazar, secretario de Fomento Tur\u00edstico de Yucat\u00e1n, dio a conocer el Programa Oficial del \u00a0XII Foro Nacional de Turismo\/Mundo Maya Forum 2014 y asegur\u00f3 que \u201cMundo Maya es una de las mejores opciones que tiene M\u00e9xico para crear producto tur\u00edstico y con posibilidades de crecimiento potencial\u201d, en lo que coincidieron los organizadores del foro. Los retos y oportunidades que enfrenta el programa Mundo Maya, ser\u00e1n analizados, explic\u00f3 el titular de Turismo en Yucat\u00e1n, quien detall\u00f3 que los ministros de Turismo de los cinco pa\u00edses que conforman Mundo Maya se dar\u00e1n cita para poner en la mesa la regionalizaci\u00f3n tur\u00edstica de esa zona. El director general de Innovaci\u00f3n de Productos Tur\u00edsticos, de la Secretar\u00eda de Turismo, Francisco de la Vega, asegur\u00f3 que en esta edici\u00f3n del foro se podr\u00e1n examinar temas como la transversalidad y los desaf\u00edos para innovar en el producto tur\u00edstico, as\u00ed como la diversificaci\u00f3n y generaci\u00f3n de mayor derrama econ\u00f3mica. \u00d3scar Espinosa Villarreal, consejero del Foro Nacional de Turismo, expres\u00f3 que la fisonom\u00eda del turismo, como se ha conocido, est\u00e1 por transformarse, como consecuencia de las reformas en la arquitectura institucional; adem\u00e1s del inter\u00e9s que ha manifestado el presidente Enrique Pe\u00f1a Nieto, al crear el Gabinete Tur\u00edstico y con ello hacer realidad la transversalidad del sector, por medio de un organismo con capacidad de decisi\u00f3n y consulta en el gobierno federal. El tambi\u00e9n consejero del foro, Pedro Dond\u00e9, resalt\u00f3 que hay se\u00f1ales positivas para potenciar la inversi\u00f3n en el sector, particularmente de la banca de desarrollo, que ser\u00e1n abordadas en M\u00e9rida por el director general del Banco Nacional de Comercio Exterior, Bancomext, Enrique de la Madrid Cordero. De igual forma, la conectividad a\u00e9rea y terrestre, la oferta de alojamiento, la integraci\u00f3n de circuitos tur\u00edsticos entre naciones, la disponibilidad de cr\u00e9dito y la modernizaci\u00f3n del turismo arqueol\u00f3gico, son algunos de los temas que tambi\u00e9n se plantear\u00e1n, concluy\u00f3 el director general del XII Foro Nacional de Turismo, Fernando Mart\u00ed. La conectividad a\u00e9rea y terrestre, la oferta de alojamiento, la integraci\u00f3n de circuitos tur\u00edsticos entre naciones, la disponibilidad de cr\u00e9dito y la modernizaci\u00f3n del turismo arqueol\u00f3gico, son los temas de discusi\u00f3n que tendr\u00e1n cabida en el programa del XII Foro Nacional de Turismo, que por primera vez se celebra en una sede distinta al estado de Quintana Roo.<\/p>\n<p>\u2730\u2730\u2730\u2730\u2730\u00a0<i>Hyatt Regency Mexico City<\/i> recibi\u00f3 el reconocimiento como uno de los 10 mejores hoteles del D.F., por parte de <i>U.S. News &amp; World Report. <\/i>La lista de los mejores hoteles de 2014 est\u00e1 basada en una metodolog\u00eda imparcial que incluye la opini\u00f3n de expertos viajeros y hu\u00e9spedes que fueron recabadas por medio de comentarios y valoraciones en l\u00ednea. En total participaron mil 693 hoteles de EU, 271 en el Caribe, 342 en M\u00e9xico y 223 canadienses, los cuales fueron evaluados para el listado de 2014. <b>Kurt Straub<\/b>, gerente general del hotel y vicepresidente de \u00c1rea para M\u00e9xico, coment\u00f3. \u201cLa misi\u00f3n de <i>Hyatt Regency Mexico City<\/i> es escuchar a nuestros hu\u00e9spedes para ofrecerles servicios y facilidades dise\u00f1adas para atender las necesidades de los organizadores de eventos, viajeros de negocios y hu\u00e9spedes de placer\u201d. Los mejores hoteles de 2014 fueron seleccionados ya que conocen los altos est\u00e1ndares de los viajeros expertos y de sus hu\u00e9spedes\u201d, coment\u00f3 <b>Miriam Weiner<\/b>, editora de turismo de <i>U.S. News.<\/i> \u201cEstas propiedades son reconocidas en la industria del turismo por el lujo de sus amenidades y por la calidad de servicio al cliente\u201d.<\/p>\n<p>\u2730\u2730\u2730\u2730\u2730\u00a0Como parte del proyecto de expansi\u00f3n y consolidaci\u00f3n de Posadas como la operadora l\u00edder en M\u00e9xico,\u00a0 el gobernador de Puebla, <b>Rafael Moreno Valle<\/b>, coloc\u00f3 la primera piedra de lo que ser\u00e1 el nuevo hotel: Fiesta Americana Grand Puebla. Durante su participaci\u00f3n <b>Moreno Valle<\/b> extern\u00f3 su benepl\u00e1cito por esta nueva inversi\u00f3n, al tiempo que agradeci\u00f3 a Posadas la confianza que han tenido para invertir en el estado. Por su parte, <b>Jos\u00e9 Juan Gonz\u00e1lez<\/b>, director Operativo de Hoteles Fiesta Americana indic\u00f3: \u201cCon este hotel, Posadas reitera su compromiso de seguir invirtiendo en Puebla, estado en el que se vislumbra un gran crecimiento econ\u00f3mico. Desde el 2010 hemos invertido de manera continua en la entidad, a principios de ese a\u00f1o cont\u00e1bamos con 123 habitaciones, mismas que se duplicaron para 2012 al pasar a 266 y ahora con el nuevo hotel habremos crecido nuestro n\u00famero de habitaciones 4.5 veces al contar con un total de 557\u201d. Adicionalmente, reiter\u00f3: \u201cel hotel responde a la demanda de servicios de hoteler\u00eda de alto nivel de los viajeros que visitan Puebla, ya sea por placer o negocios. Adem\u00e1s representa una inversi\u00f3n de 25.4 millones de d\u00f3lares y una vez que entre en operaci\u00f3n, el hotel generar\u00e1 m\u00e1s de 400 empleos directos y m\u00e1s de mil 200 indirectos\u201d. Con el nuevo inmueble, la capital poblana se encontrar\u00e1 a la altura de las ciudades m\u00e1s cosmopolitas del pa\u00eds, como la ciudad de M\u00e9xico, Guadalajara o Monterrey, al contar con un hotel que satisface a los viajeros m\u00e1s exigentes. Contar\u00e1 con 168 habitaciones, abrir\u00e1 sus puertas en 2015 y se ubicar\u00e1 en una zona estrat\u00e9gica de la ciudad, en la Reserva Territorial Atlixc\u00e1yotl.<\/p>\n<p><i><em><a href=\"mailto:victoriagprado@gmail.com\" target=\"_blank\">victoriagprado@gmail.com<\/a><\/em><\/i><\/p>\n","protected":false},"excerpt":{"rendered":"<p><b>Federico Jager<\/b> fue designado director general para M\u00e9xico, Centroam\u00e9rica y Cuba de <i>LATAM Airlines Group<\/i>, cargo que ocupa desde enero pasado. Durante la recepci\u00f3n en su honor, <b>Jager <\/b>estuvo acompa\u00f1ado por miembros de su equipo e invitados especiales, que lo felicitaron y celebraron el nombramiento.<\/p>\n","protected":false},"author":3,"featured_media":162087,"comment_status":"open","ping_status":"open","sticky":false,"template":"","format":"standard","meta":{"_monsterinsights_skip_tracking":false,"_monsterinsights_sitenote_active":false,"_monsterinsights_sitenote_note":"","_monsterinsights_sitenote_category":0,"footnotes":""},"categories":[11],"tags":[2269,107,44,20735,43681,106],"class_list":["post-161970","post","type-post","status-publish","format-standard","has-post-thumbnail","hentry","category-turismo","tag-chiapas","tag-de-cinco-estrellas","tag-mexico","tag-mundo-maya","tag-turismo","tag-victoria-gonzalez-prado"],"_links":{"self":[{"href":"https:\/\/www.diarioimagen.net\/index.php?rest_route=\/wp\/v2\/posts\/161970","targetHints":{"allow":["GET"]}}],"collection":[{"href":"https:\/\/www.diarioimagen.net\/index.php?rest_route=\/wp\/v2\/posts"}],"about":[{"href":"https:\/\/www.diarioimagen.net\/index.php?rest_route=\/wp\/v2\/types\/post"}],"author":[{"embeddable":true,"href":"https:\/\/www.diarioimagen.net\/index.php?rest_route=\/wp\/v2\/users\/3"}],"replies":[{"embeddable":true,"href":"https:\/\/www.diarioimagen.net\/index.php?rest_route=%2Fwp%2Fv2%2Fcomments&post=161970"}],"version-history":[{"count":0,"href":"https:\/\/www.diarioimagen.net\/index.php?rest_route=\/wp\/v2\/posts\/161970\/revisions"}],"wp:featuredmedia":[{"embeddable":true,"href":"https:\/\/www.diarioimagen.net\/index.php?rest_route=\/wp\/v2\/media\/162087"}],"wp:attachment":[{"href":"https:\/\/www.diarioimagen.net\/index.php?rest_route=%2Fwp%2Fv2%2Fmedia&parent=161970"}],"wp:term":[{"taxonomy":"category","embeddable":true,"href":"https:\/\/www.diarioimagen.net\/index.php?rest_route=%2Fwp%2Fv2%2Fcategories&post=161970"},{"taxonomy":"post_tag","embeddable":true,"href":"https:\/\/www.diarioimagen.net\/index.php?rest_route=%2Fwp%2Fv2%2Ftags&post=161970"}],"curies":[{"name":"wp","href":"https:\/\/api.w.org\/{rel}","templated":true}]}}